{"id":1267972,"date":"2026-08-29T16:41:25","date_gmt":"2026-08-29T16:41:25","guid":{"rendered":"https:\/\/www.europesays.com\/de\/1267972\/"},"modified":"2026-08-29T16:41:25","modified_gmt":"2026-08-29T16:41:25","slug":"gladbachs-hashioka-nach-zusammenstoss-in-leipziger-klinik-bundesliga","status":"publish","type":"post","link":"https:\/\/www.europesays.com\/de\/1267972\/","title":{"rendered":"Gladbachs Hashioka nach Zusammensto\u00df in Leipziger Klinik &#8211; Bundesliga"},"content":{"rendered":"<p class=\"rhp-dpa-teaser\"><b>Schockmoment beim 0:3 der Gladbacher in Leipzig: Neuzugang Hashioka muss nach einem Zusammenprall vom Platz getragen werden. Nun geht es weiter zur Kontrolle in die Klinik.<\/b><\/p>\n<p><a class=\"rtr-entity\" data-rtr-entity=\"Leipzig\" data-rtr-id=\"262d4949d59be2b23a353cbd4c910e375d1bf4fc\" data-rtr-score=\"25.404255319148934\" data-rtr-etype=\"location\" data-rtr-index=\"10\" href=\"https:\/\/www.rheinpfalz.de\/themen\/leipzig\" rel=\"nofollow noopener\" target=\"_blank\">Leipzig<\/a> (dpa) &#8211; <a class=\"rtr-entity\" data-rtr-entity=\"Borussia M\u00f6nchengladbach\" data-rtr-id=\"126553d0a3355baa24c7175a1df3a5833c4d5d8a\" data-rtr-score=\"14.643304130162702\" data-rtr-etype=\"organisation\" data-rtr-index=\"0\" href=\"https:\/\/www.rheinpfalz.de\/themen\/borussia-moenchengladbach\" rel=\"nofollow noopener\" target=\"_blank\">Borussia M\u00f6nchengladbachs<\/a> Neuzugang Daiki Hashioka ist nach einem Zusammenprall beim 0:3 bei <a class=\"rtr-entity\" data-rtr-entity=\"RB Leipzig\" data-rtr-id=\"7e395171be5151f449f1f9e640ad0832aea3ffa0\" data-rtr-score=\"12.897371714643304\" data-rtr-etype=\"organisation\" data-rtr-index=\"6\" href=\"https:\/\/www.rheinpfalz.de\/themen\/rb-leipzig\" rel=\"nofollow noopener\" target=\"_blank\">RB Leipzig<\/a> in ein Krankenhaus gefahren worden. Das best\u00e4tigte Borussia-Sportdirektor Rouven Schr\u00f6der unmittelbar nach Abpfiff. \u00abEr ist schon ein harter Brocken, wenn da was ist, dann ist es schon eine andere Nummer. Gerade in dem Bereich, da m\u00fcssen wir echt vorsichtig sein. Er wurde auch sofort still gestellt. Jetzt hoffen wir mal, dass alles glimpflich ausgeht\u00bb, sagte Schr\u00f6der. <\/p>\n<p>Der 27 Jahre alte Abwehrspieler war am ersten Spieltag der Fu\u00dfball-Bundesliga in der 72. Minute nach einer Flanke mit dem Leipziger Antonio Nusa zusammengesto\u00dfen. Nusa wurde daf\u00fcr verwarnt. Hashioka wurde mit Schmerzen im Nackenbereich mit einer Trage aus dem Stadion getragen und stabilisiert.<\/p>\n<p><img decoding=\"async\" loading=\"lazy\" src=\"https:\/\/www.europesays.com\/de\/wp-content\/uploads\/2026\/08\/7088734_1_articledetail_Fuer_Daiki_Hashioka_Bor._Moenchengladbach_endete_das_Spiel_gegen_Leipzig_vor.webp\" alt=\"RB Leipzig - Borussia M\u00f6nchengladbach\" title=\"RB Leipzig - Borussia M\u00f6nchengladbach\" width=\"753\" height=\"502\" class=\"nfy-mobile-first\"\/> F\u00fcr Daiki Hashioka (Bor. M\u00f6nchengladbach) endete das Spiel gegen Leipzig vorzeitig.Foto: Jan Woitas\/dpa<\/p>\n","protected":false},"excerpt":{"rendered":"Schockmoment beim 0:3 der Gladbacher in Leipzig: Neuzugang Hashioka muss nach einem Zusammenprall vom Platz getragen werden. Nun&hellip;\n","protected":false},"author":2,"featured_media":1267973,"comment_status":"","ping_status":"","sticky":false,"template":"","format":"standard","meta":{"footnotes":"","_share_on_mastodon":"0"},"categories":[1832],"tags":[815,299,252189,3364,29,28196,347,30,14337,71,4823,1209,1655,122230,859,265,9426],"class_list":["post-1267972","post","type-post","status-publish","format-standard","has-post-thumbnail","category-leipzig","tag-borussia-moenchengladbach","tag-bundesliga","tag-daiki-hashioka","tag-de","tag-deutschland","tag-dpaticker","tag-fussball","tag-germany","tag-gladbach","tag-leipzig","tag-meldung","tag-nordrhein-westfalen","tag-rb-leipzig","tag-rouven-schroeder","tag-sachsen","tag-sport","tag-zusammenstoss"],"share_on_mastodon":{"url":"https:\/\/pubeurope.com\/@de\/117179797550021678","error":""},"_links":{"self":[{"href":"https:\/\/www.europesays.com\/de\/wp-json\/wp\/v2\/posts\/1267972","targetHints":{"allow":["GET"]}}],"collection":[{"href":"https:\/\/www.europesays.com\/de\/wp-json\/wp\/v2\/posts"}],"about":[{"href":"https:\/\/www.europesays.com\/de\/wp-json\/wp\/v2\/types\/post"}],"author":[{"embeddable":true,"href":"https:\/\/www.europesays.com\/de\/wp-json\/wp\/v2\/users\/2"}],"replies":[{"embeddable":true,"href":"https:\/\/www.europesays.com\/de\/wp-json\/wp\/v2\/comments?post=1267972"}],"version-history":[{"count":0,"href":"https:\/\/www.europesays.com\/de\/wp-json\/wp\/v2\/posts\/1267972\/revisions"}],"wp:featuredmedia":[{"embeddable":true,"href":"https:\/\/www.europesays.com\/de\/wp-json\/wp\/v2\/media\/1267973"}],"wp:attachment":[{"href":"https:\/\/www.europesays.com\/de\/wp-json\/wp\/v2\/media?parent=1267972"}],"wp:term":[{"taxonomy":"category","embeddable":true,"href":"https:\/\/www.europesays.com\/de\/wp-json\/wp\/v2\/categories?post=1267972"},{"taxonomy":"post_tag","embeddable":true,"href":"https:\/\/www.europesays.com\/de\/wp-json\/wp\/v2\/tags?post=1267972"}],"curies":[{"name":"wp","href":"https:\/\/api.w.org\/{rel}","templated":true}]}}