{"id":1267991,"date":"2026-08-29T16:51:13","date_gmt":"2026-08-29T16:51:13","guid":{"rendered":"https:\/\/www.europesays.com\/de\/1267991\/"},"modified":"2026-08-29T16:51:13","modified_gmt":"2026-08-29T16:51:13","slug":"25-jahre-nach-dem-mord-gedenken-an-nsu-opfer-habil-kilic-bayern","status":"publish","type":"post","link":"https:\/\/www.europesays.com\/de\/1267991\/","title":{"rendered":"25 Jahre nach dem Mord &#8211; Gedenken an NSU-Opfer Habil Kili\u00e7 &#8211; Bayern"},"content":{"rendered":"<p data-manual=\"paragraph\" data-schema-org-speakable=\"true\" class=\"css-1eosz7k\">M\u00fcnchen (dpa\/lby) &#8211; Vor 25 Jahren wurde der Gem\u00fcseh\u00e4ndler Habil Kili\u00e7 in M\u00fcnchen durch die NSU-Rechtsextremisten ermordet. Nun gab es in der Landeshauptstadt eine Gedenkveranstaltung, um an ihn und die anderen NSU-Opfer zu erinnern; der T\u00fcrkenrat M\u00fcnchen hatte dazu aufgerufen. Rund 70 Menschen versammelten sich nach Angaben der Organisatoren nahe dem damaligen Tatort in der Bad-Schachener-Stra\u00dfe.\u00a0<\/p>\n<p data-manual=\"paragraph\" data-schema-org-speakable=\"true\" class=\"css-1eosz7k\">Die rechtsextreme Terrorgruppe NSU (\u201eNationalsozialistischer Untergrund\u201c) ermordete zehn Menschen, ver\u00fcbte Sprengstoffanschl\u00e4ge und beging Raub\u00fcberf\u00e4lle, bevor sie enttarnt wurde. Kili\u00e7 war am 29. August 2001 erschossen worden. Die Opfer des NSU waren neun Gewerbetreibende t\u00fcrkischer und griechischer Herkunft sowie eine deutsche Polizistin.<\/p>\n<p data-manual=\"paragraph\" data-schema-org-speakable=\"true\" class=\"css-1eosz7k\">\u00a9 dpa-infocom, dpa:260829-930-602287\/1<\/p>\n","protected":false},"excerpt":{"rendered":"M\u00fcnchen (dpa\/lby) &#8211; Vor 25 Jahren wurde der Gem\u00fcseh\u00e4ndler Habil Kili\u00e7 in M\u00fcnchen durch die NSU-Rechtsextremisten ermordet. Nun&hellip;\n","protected":false},"author":2,"featured_media":1267992,"comment_status":"","ping_status":"","sticky":false,"template":"","format":"standard","meta":{"footnotes":"","_share_on_mastodon":"0"},"categories":[1827],"tags":[261947,772,29,1549,30,1268,149],"class_list":["post-1267991","post","type-post","status-publish","format-standard","has-post-thumbnail","category-muenchen","tag-bad-schachener-strasse","tag-bayern","tag-deutschland","tag-extremismus","tag-germany","tag-muenchen","tag-sueddeutsche-zeitung"],"share_on_mastodon":{"url":"https:\/\/pubeurope.com\/@de\/117179835200720425","error":""},"_links":{"self":[{"href":"https:\/\/www.europesays.com\/de\/wp-json\/wp\/v2\/posts\/1267991","targetHints":{"allow":["GET"]}}],"collection":[{"href":"https:\/\/www.europesays.com\/de\/wp-json\/wp\/v2\/posts"}],"about":[{"href":"https:\/\/www.europesays.com\/de\/wp-json\/wp\/v2\/types\/post"}],"author":[{"embeddable":true,"href":"https:\/\/www.europesays.com\/de\/wp-json\/wp\/v2\/users\/2"}],"replies":[{"embeddable":true,"href":"https:\/\/www.europesays.com\/de\/wp-json\/wp\/v2\/comments?post=1267991"}],"version-history":[{"count":0,"href":"https:\/\/www.europesays.com\/de\/wp-json\/wp\/v2\/posts\/1267991\/revisions"}],"wp:featuredmedia":[{"embeddable":true,"href":"https:\/\/www.europesays.com\/de\/wp-json\/wp\/v2\/media\/1267992"}],"wp:attachment":[{"href":"https:\/\/www.europesays.com\/de\/wp-json\/wp\/v2\/media?parent=1267991"}],"wp:term":[{"taxonomy":"category","embeddable":true,"href":"https:\/\/www.europesays.com\/de\/wp-json\/wp\/v2\/categories?post=1267991"},{"taxonomy":"post_tag","embeddable":true,"href":"https:\/\/www.europesays.com\/de\/wp-json\/wp\/v2\/tags?post=1267991"}],"curies":[{"name":"wp","href":"https:\/\/api.w.org\/{rel}","templated":true}]}}