{"id":1267993,"date":"2026-08-29T16:52:19","date_gmt":"2026-08-29T16:52:19","guid":{"rendered":"https:\/\/www.europesays.com\/de\/1267993\/"},"modified":"2026-08-29T16:52:19","modified_gmt":"2026-08-29T16:52:19","slug":"blutiger-streit-rollstuhlfahrer-wehrt-sich-mit-axt-gegen-schlaeger-regional","status":"publish","type":"post","link":"https:\/\/www.europesays.com\/de\/1267993\/","title":{"rendered":"Blutiger Streit: Rollstuhlfahrer wehrt sich mit Axt gegen Schl\u00e4ger | Regional"},"content":{"rendered":"<p><a class=\"skip-content skip-content--link\" href=\"#in-content-skip-link-target-v-0-0\">TTS-Player \u00fcberspringen\u21b5<\/a><a id=\"in-content-skip-link-target-v-0-0\" class=\"skip-content--target-link-hidden skip-content skip-content--target-link\" href=\"#in-content-skip-link-target-v-0-0\">Artikel weiterlesen<\/a><\/p>\n<p>Hamburg \u2013 <b>Bei einem eskalierten Familienstreit im Hamburger Stadtteil Eidelstedt sind am Samstagnachmittag mindestens zwei Menschen verletzt worden. Die Polizei musste mit einem Gro\u00dfaufgebot ausr\u00fccken.<\/b><\/p>\n<p>Nach ersten Erkenntnissen waren kurz vor 16 Uhr laute Schreie aus einer Wohnung in einem Hochhaus in der Sven-Hedin-Stra\u00dfe zu h\u00f6ren, sodass der Notruf gew\u00e4hlt wurde. Polizei, <a href=\"https:\/\/www.bild.de\/themen\/organisationen\/rettungsdienst\/politik-nachrichten-news-fotos-videos-19795274.bild.html\" class=\"text-link\" rel=\"nofollow noopener\" target=\"_blank\">Rettungsdienst<\/a> und die Feuerwehr eilten zum Einsatzort.<\/p>\n<p><img decoding=\"async\" width=\"992\" height=\"661\" alt=\"Blutspuren am Eingang des Hauses zeigen, wie schwer die Beteiligten verletzt waren\" loading=\"lazy\" src=\"https:\/\/www.europesays.com\/de\/wp-content\/uploads\/2026\/08\/099f3b0d567b0dea3d6750d8f5ea4fc6,ae07f987.jpeg\"   class=\"dynamic\"\/><\/p>\n<p class=\"fig__caption__text\">Blutspuren am Eingang des Hauses zeigen, wie schwer die Beteiligten verletzt wurden<\/p>\n<p>Foto: Marco Zitzow<\/p>\n<p>Vater wehrte sich mit Axt<\/p>\n<p>Dort fanden die Einsatzkr\u00e4fte mehrere Menschen teils stark blutend vor. Sie sollen alle einer Familie angeh\u00f6ren und sich heftig und handgreiflich gestritten haben. Nach BILD\u2011Informationen sei dabei eine T\u00fcr mit einer Glasscheibe zu Bruch gegangen, ein Mann habe durch diese gegriffen und sich geschnitten. Der Familienvater soll sich mit einer K\u00fcchenaxt aus seinem Rollstuhl heraus gegen die Angreifer gewehrt haben. Er selbst sei im Gesicht verletzt worden.<\/p>\n<p>Mehr zum Thema<\/p>\n<p>Die Verletzten wurden in ein Krankenhaus in <a href=\"https:\/\/www.bild.de\/regional\/hamburg\/hamburg-regional\/home-16344102.bild.html\" class=\"text-link\" rel=\"nofollow noopener\" target=\"_blank\">Hamburg<\/a> gebracht. Was der Grund f\u00fcr die Auseinandersetzung war, ist noch nicht bekannt. Auch zur Nationalit\u00e4t der Beteiligten wurden bislang keine Angaben gemacht. Die <a href=\"https:\/\/www.bild.de\/regional\/aktuelles\/polizei\/polizeieinsatz-alle-infos-76681760.bild.html\" class=\"text-link\" rel=\"nofollow noopener\" target=\"_blank\">Polizei<\/a> selbst sei beim Eintreffen bedroht worden und ermittelt nun wegen schwerer K\u00f6rperverletzung.<\/p>\n","protected":false},"excerpt":{"rendered":"TTS-Player \u00fcberspringen\u21b5Artikel weiterlesen Hamburg \u2013 Bei einem eskalierten Familienstreit im Hamburger Stadtteil Eidelstedt sind am Samstagnachmittag mindestens zwei&hellip;\n","protected":false},"author":2,"featured_media":1267994,"comment_status":"","ping_status":"","sticky":false,"template":"","format":"standard","meta":{"footnotes":"","_share_on_mastodon":"0"},"categories":[1826],"tags":[31484,29,5264,30,692,682,121,16039,2127,138370],"class_list":["post-1267993","post","type-post","status-publish","format-standard","has-post-thumbnail","category-hamburg","tag-axt","tag-deutschland","tag-eidelstedt","tag-germany","tag-hamburg","tag-koerperverletzung","tag-polizei","tag-polizeiliche-massnahmen","tag-streit","tag-team-first"],"share_on_mastodon":{"url":"https:\/\/pubeurope.com\/@de\/117179840751671777","error":""},"_links":{"self":[{"href":"https:\/\/www.europesays.com\/de\/wp-json\/wp\/v2\/posts\/1267993","targetHints":{"allow":["GET"]}}],"collection":[{"href":"https:\/\/www.europesays.com\/de\/wp-json\/wp\/v2\/posts"}],"about":[{"href":"https:\/\/www.europesays.com\/de\/wp-json\/wp\/v2\/types\/post"}],"author":[{"embeddable":true,"href":"https:\/\/www.europesays.com\/de\/wp-json\/wp\/v2\/users\/2"}],"replies":[{"embeddable":true,"href":"https:\/\/www.europesays.com\/de\/wp-json\/wp\/v2\/comments?post=1267993"}],"version-history":[{"count":0,"href":"https:\/\/www.europesays.com\/de\/wp-json\/wp\/v2\/posts\/1267993\/revisions"}],"wp:featuredmedia":[{"embeddable":true,"href":"https:\/\/www.europesays.com\/de\/wp-json\/wp\/v2\/media\/1267994"}],"wp:attachment":[{"href":"https:\/\/www.europesays.com\/de\/wp-json\/wp\/v2\/media?parent=1267993"}],"wp:term":[{"taxonomy":"category","embeddable":true,"href":"https:\/\/www.europesays.com\/de\/wp-json\/wp\/v2\/categories?post=1267993"},{"taxonomy":"post_tag","embeddable":true,"href":"https:\/\/www.europesays.com\/de\/wp-json\/wp\/v2\/tags?post=1267993"}],"curies":[{"name":"wp","href":"https:\/\/api.w.org\/{rel}","templated":true}]}}