{"id":1267999,"date":"2026-08-29T16:55:27","date_gmt":"2026-08-29T16:55:27","guid":{"rendered":"https:\/\/www.europesays.com\/de\/1267999\/"},"modified":"2026-08-29T16:55:27","modified_gmt":"2026-08-29T16:55:27","slug":"berlin-sprengstoff-drohne-aus-moskau-regierung-haelt-sich-bedeckt","status":"publish","type":"post","link":"https:\/\/www.europesays.com\/de\/1267999\/","title":{"rendered":"Berlin | Sprengstoff-Drohne aus Moskau? &#8211; Regierung h\u00e4lt sich bedeckt"},"content":{"rendered":"<p>Berlin (dpa) &#8211; Die Bundesregierung will sich weiterhin nicht \u00f6ffentlich dazu \u00e4u\u00dfern, wer f\u00fcr den versuchten Anschlag mit einer Sprengstoff-Drohne am Flughafen Leipzig\/Halle verantwortlich ist. Auf Berichte von Medien des Springer-Verlags angesprochen, wonach die Regierung davon ausgeht, dass Russland hinter dem Vorfall steckt, sagte ein Regierungssprecher: \u00abDie Bundesregierung\u00a0beteiligt sich nicht an Spekulationen. Relevant ist allein die offizielle Zuordnung, die die Bundesregierung nach eigenem Ermessen und unter Abw\u00e4gung aller Ermittlungsergebnisse vornimmt.\u00bb<\/p>\n<p>\u00abWelt am Sonntag\u00bb, \u00abPolitico\u00bb und \u00abBild\u00bb berichteten unter Berufung auf mit dem Vorgang vertraute Personen, die namentlich nicht genannt werden, die Regierung bereite ein umfangreiches Ma\u00dfnahmenpaket gegen Moskau vor.\u00a0<\/p>\n<p>Reaktion soll bald kommen<\/p>\n<p>Bundeskanzler Friedrich Merz (CDU) hat am Donnerstag in einem TV-Interview gesagt, dass die Bundesregierung bald die Urheberschaft des Angriffs abschlie\u00dfend feststellen und es dann \u00abdazu sehr bald auch eine entsprechende Reaktion geben\u00bb werde. Bereits am Dienstag bei der Kabinettsklausur hatte er betont, die Urheber hybrider Angriffe w\u00fcrden \u00abdaf\u00fcr bezahlen\u00bb.\u00a0<\/p>\n<p>Aus Regierungskreisen war zu h\u00f6ren, bei einem so gravierenden Fall sei es mit der Ausweisung von einem oder zwei Diplomaten nicht getan. Bundesinnenminister Alexander Dobrindt (CSU) hatte erkl\u00e4rt, man wolle erst den Beweis f\u00fchren und dann die Konsequenzen \u00fcberlegt haben und auch zur Anwendung bringen k\u00f6nnen.<\/p>\n<p>Schwerwiegender Angriff<\/p>\n<p>Die mit Sprengstoff pr\u00e4parierte Drohne war am Abend des 4. August im Sicherheitsbereich des Flughafens zwischen ukrainischen Frachtmaschinen entdeckt worden. Die Bundesanwaltschaft sprach von einem \u00abschwerwiegenden Angriff auf die Transport- und Logistikinfrastruktur in Deutschland\u00bb.<\/p>\n","protected":false},"excerpt":{"rendered":"Berlin (dpa) &#8211; Die Bundesregierung will sich weiterhin nicht \u00f6ffentlich dazu \u00e4u\u00dfern, wer f\u00fcr den versuchten Anschlag mit&hellip;\n","protected":false},"author":2,"featured_media":1268000,"comment_status":"","ping_status":"","sticky":false,"template":"","format":"standard","meta":{"footnotes":"","_share_on_mastodon":"0"},"categories":[1825],"tags":[1941,1939,296,1937,1173,29,30,1015,8221,1940,1938,307,859,860],"class_list":["post-1267999","post","type-post","status-publish","format-standard","has-post-thumbnail","category-berlin","tag-aktuelle-nachrichten-aus-berlin","tag-aktuelle-news-aus-berlin","tag-berlin","tag-berlin-news","tag-bundesregierung","tag-deutschland","tag-germany","tag-justiz","tag-konflikte","tag-nachrichten-aus-berlin","tag-news-aus-berlin","tag-russland","tag-sachsen","tag-sachsen-anhalt"],"share_on_mastodon":{"url":"","error":""},"_links":{"self":[{"href":"https:\/\/www.europesays.com\/de\/wp-json\/wp\/v2\/posts\/1267999","targetHints":{"allow":["GET"]}}],"collection":[{"href":"https:\/\/www.europesays.com\/de\/wp-json\/wp\/v2\/posts"}],"about":[{"href":"https:\/\/www.europesays.com\/de\/wp-json\/wp\/v2\/types\/post"}],"author":[{"embeddable":true,"href":"https:\/\/www.europesays.com\/de\/wp-json\/wp\/v2\/users\/2"}],"replies":[{"embeddable":true,"href":"https:\/\/www.europesays.com\/de\/wp-json\/wp\/v2\/comments?post=1267999"}],"version-history":[{"count":0,"href":"https:\/\/www.europesays.com\/de\/wp-json\/wp\/v2\/posts\/1267999\/revisions"}],"wp:featuredmedia":[{"embeddable":true,"href":"https:\/\/www.europesays.com\/de\/wp-json\/wp\/v2\/media\/1268000"}],"wp:attachment":[{"href":"https:\/\/www.europesays.com\/de\/wp-json\/wp\/v2\/media?parent=1267999"}],"wp:term":[{"taxonomy":"category","embeddable":true,"href":"https:\/\/www.europesays.com\/de\/wp-json\/wp\/v2\/categories?post=1267999"},{"taxonomy":"post_tag","embeddable":true,"href":"https:\/\/www.europesays.com\/de\/wp-json\/wp\/v2\/tags?post=1267999"}],"curies":[{"name":"wp","href":"https:\/\/api.w.org\/{rel}","templated":true}]}}