{"id":1268031,"date":"2026-08-29T17:16:18","date_gmt":"2026-08-29T17:16:18","guid":{"rendered":"https:\/\/www.europesays.com\/de\/1268031\/"},"modified":"2026-08-29T17:16:18","modified_gmt":"2026-08-29T17:16:18","slug":"torspektakel-reese-fuehrt-wolfsburg-in-karlsruhe-zum-sieg","status":"publish","type":"post","link":"https:\/\/www.europesays.com\/de\/1268031\/","title":{"rendered":"Torspektakel: Reese f\u00fchrt Wolfsburg in Karlsruhe zum Sieg"},"content":{"rendered":"<p>            <img loading=\"lazy\" decoding=\"async\" class=\"ts-image\" src=\"https:\/\/www.europesays.com\/de\/wp-content\/uploads\/2026\/08\/reese-jubl-fuer-spielbericht-100.jpg\" alt=\"Fabian Reese jubelt \u00fcber seinen Treffer zum zwischenzeitlichen Ausgleich gegen den KSC\" title=\"Fabian Reese jubelt \u00fcber seinen Treffer zum zwischenzeitlichen Ausgleich gegen den KSC | IMAGO\/Eibner\"\/><\/p>\n<p class=\"metatextline\">Stand: 29.08.2026 \u2022 15:59 Uhr<\/p>\n<p class=\"article-head__shorttext\">\n        <strong>Fabian Reese hat den VfL Wolfsburg am dritten Spieltag der 2. Fu\u00dfball-Bundesliga zu einem spektakul\u00e4ren 5:2 (3:2)-Sieg beim Karlsruher SC gef\u00fchrt. <\/strong>\n    <\/p>\n<p class=\"textabsatz m-ten m-offset-one l-eight l-offset-two columns twelve\">Der Spielmacher lie\u00df sich am Samstag nicht von den stetigen Pfiffen der KSC-Fans aus dem Konzept bringen, bereitete das Tor von Alexander Bernhardsson (10. Minute) vor und traf zweimal selbst (28., 95.+5).<\/p>\n<ul class=\"buttongroup buttongroup--copytext\">\n<li class=\"buttongroup__item\">\n<p>    <a class=\"btn btn--text btn--standard-secondary btn--fullwidth\" href=\"https:\/\/www.sportschau.de\/live-und-ergebnisse\/fussball\/deutschland-2-bundesliga\/ma12193981\/karlsruher-sc_vfl-wolfsburg\/liveticker\" rel=\"nofollow noopener\" target=\"_blank\"><br \/>\n        Live-Ticker zum Nachlesen<\/p>\n<p>  Pfeil rechts<\/p>\n<p>    <\/a>\n<\/li>\n<li class=\"buttongroup__item\">\n<p>    <a class=\"btn btn--text btn--standard-secondary btn--fullwidth\" href=\"https:\/\/www.sportschau.de\/live-und-ergebnisse\/fussball\/deutschland-2-bundesliga\/se122075\/2026-2027\/ro321383\/spieltag\/md3\/spiele-und-ergebnisse\" rel=\"nofollow noopener\" target=\"_blank\"><br \/>\n        3. Spieltag<\/p>\n<p>  Pfeil rechts<\/p>\n<p>    <\/a>\n<\/li>\n<\/ul>\n<p class=\"textabsatz m-ten m-offset-one l-eight l-offset-two columns twelve\">Der VfL geriet zweimal in R\u00fcckstand durch die KSC-Tore von Shio Fukuda (7.) und Marvin Wanitzek (12.). Vinicius Souza (45.+2) besorgte die erste Wolfsburger F\u00fchrung unter Mithilfe von KSC-Torwart Hans Christian Bernat. Hauke Wahl (88.) traf zur Vorentscheidung. Trotz des 5:2-Erfolgs zeigte sich Reese angesprochen auf die Pfiffe getroffen.<\/p>\n<p>    Pfiffe gehen an Reese nicht spurlos vorbei<\/p>\n<p class=\"textabsatz m-ten m-offset-one l-eight l-offset-two columns twelve\">&#8222;Jeder sollte sich hinterfragen, wie es ist, wenn man von drei\u00dfig,- vierzigtausend Menschen ausgepfiffen wird als 28-j\u00e4hriger Junge. Ich will kein Mitleid, aber mir tut es weh und mich verletzt es&#8220;, sagte der Ex-Herthaner am Sportschau-Mikrofon. Trainer Tobias Strobl nahm seinen Zugang in Schutz und merkte an, dass der Wechsel Reeses der Hertha durchaus gut getan habe: &#8222;Das war nicht nur seine Entscheidung&#8220;.<\/p>\n<p>    Karlsruhe direkt in der Offensive<\/p>\n<p class=\"textabsatz m-ten m-offset-one l-eight l-offset-two columns twelve\">Ein Offensivspektakel war vor der Partie nicht zu erwarten gewesen. Beide Teams hatten in ihren ersten beiden Ligaspielen jeweils nur 22 Sch\u00fcsse zugelassen, weniger als alle anderen Zweitligateams. Die Startbilanz war gleich: jeweils vier Punkte und ein Erstrundensieg im DFB-Pokal.<\/p>\n<p class=\"textabsatz m-ten m-offset-one l-eight l-offset-two columns twelve\">Doch der Karlsruher SC machte von Beginn an klar, dass er voll auf Offensive setzt. Das F\u00fchrungstor durch Fukuda nach einem Eckball und einer Kopfballablage durch Franke war verdient. Auch der schnelle Ausgleich durch Alexander Bernhardsson &#8211; ein Kopfball nach abgef\u00e4lschter Reese-Flanke &#8211; brachte den KSC nicht aus dem Schwung. Wanitzek sorgte mit einem Traumschuss aus 17 Metern f\u00fcr die erneute F\u00fchrung.<\/p>\n<p>    KSC-Keeper Bernat greift bei zwei Fernsch\u00fcssen daneben<\/p>\n<p class=\"textabsatz m-ten m-offset-one l-eight l-offset-two columns twelve\">Auch im Anschluss spielten beide Teams auf Angriff, die Zuschauer sahen beste Fu\u00dfballunterhaltung. Der auff\u00e4llige Reese traf per fulminantem Fernschuss zum Ausgleich. Die KSC-Fans, die eine enge Freundschaft mit den Fans von Reeses Ex-Verein Hertha BSC pflegen, pfiffen ihn \u00fcber das gesamte Spiel konsequent aus. Sie lie\u00dfen ihn damit stellvertretend die Entt\u00e4uschung aus der Hauptstadt \u00fcber seinen unr\u00fchmlichen Abgang nach Wolfsburg sp\u00fcren.<\/p>\n<p class=\"absatzbild__info__text\">\n                        Jubelte demostrativ in Richtung der Heimfans: Fabian Reese\n                    <\/p>\n<p class=\"textabsatz m-ten m-offset-one l-eight l-offset-two columns twelve\">Schon diesen Ball h\u00e4tte Karlsruhes Torwart Bernat parieren k\u00f6nnen. Eindeutig ankreiden lassen muss er sich aber den dritten Wolfsburger Treffer. Er riss beim Distanzschuss von Souza zu sp\u00e4t und zu z\u00f6gerlich die Arme hoch.<\/p>\n<p>    Karlsruhes Wanitzek und Wolfsburgs Damar mit dicken Chancen<\/p>\n<p class=\"textabsatz m-ten m-offset-one l-eight l-offset-two columns twelve\">Alle weiteren Chancen der ersten H\u00e4lfte aufzuz\u00e4hlen, w\u00fcrde hier den Rahmen sprengen, deshalb seien nur die beiden dicksten Gelegenheiten erw\u00e4hnt: Karlsruhes Wanitzek schoss nach einem Katastrophen-Fehlpass von Wolfsburgs Torwart Jakub Zielinski knapp rechts vorbei, auf der anderen Seite parierte Bernat herausragend einen platzierten Schuss von Muhammed Damar.<\/p>\n<p>    M\u00f6glicher Elfmeter f\u00fcr den KSC nicht gegeben<\/p>\n<p class=\"textabsatz m-ten m-offset-one l-eight l-offset-two columns twelve\">Nach der Pause erwischte Wolfsburg den besseren Start und erspielte sich gute Chancen. Bernhardsson (52.) und Kento Shiogai (56.) scheiterten an Bernat.<\/p>\n<p class=\"textabsatz m-ten m-offset-one l-eight l-offset-two columns twelve\">Anschlie\u00dfend kam Karlsruhe wieder besser ins Spiel und hatte in der 77. Minute Pech, dass es keinen Elfmeter gab. Noel Eichinger ging im Wolfsburgs Strafraum zu Boden, Schiedsrichter Lars Erbst lie\u00df weiterspielen. In der Zeitlupe war zu sehen, dass Mathys Angely Eichinger durchaus am Fu\u00df getroffen hatte. Im Sinne der neuen Vorgabe, dass nur glasklare Fehlentscheidungen korrigiert werden sollen, war es wohl vertretbar, dass VAR Katrin Rafalski nicht eingriff.<\/p>\n<p class=\"textabsatz m-ten m-offset-one l-eight l-offset-two columns twelve\">Der KSC tat weiterhin alles, um noch zum Ausgleich zu kommen. Stattdessen traf aber Wolfsburg. Nach Reeses Eckball verl\u00e4ngerte Robert Glatzel und Wahl k\u00f6pfte zur Vorentscheidung ein. Kurz vor Schluss staubte Reese noch zum Endstand ab.<\/p>\n<p>    Karlsruhe in Hannover, Wolfsburg gegen Cottbus<\/p>\n<p class=\"textabsatz m-ten m-offset-one l-eight l-offset-two columns twelve\">Karlsruhe ist am Freitagabend bei Hannover 96 zu Gast (18.30 Uhr). Wolfsburg empf\u00e4ngt am Samstagmittag Energie Cottbus (13 Uhr).<\/p>\n<ul class=\"buttongroup buttongroup--copytext\">\n<li class=\"buttongroup__item\">\n<p>    <a class=\"btn btn--text btn--standard-secondary btn--fullwidth\" href=\"https:\/\/calovo.de\/f\/sportschau\/karlsruher-sc\" rel=\"nofollow noopener\" target=\"_blank\"><br \/>\n        Karlsruher SC f\u00fcr Ihren Kalender<\/p>\n<p>  Pfeil rechts<\/p>\n<p>    <\/a>\n<\/li>\n<li class=\"buttongroup__item\">\n<p>    <a class=\"btn btn--text btn--standard-secondary btn--fullwidth\" href=\"https:\/\/calovo.de\/f\/sportschau\/vfl-wolfsburg\" rel=\"nofollow noopener\" target=\"_blank\"><br \/>\n        VfL Wolfsburg f\u00fcr Ihren Kalender<\/p>\n<p>  Pfeil rechts<\/p>\n<p>    <\/a>\n<\/li>\n<\/ul>\n","protected":false},"excerpt":{"rendered":"Stand: 29.08.2026 \u2022 15:59 Uhr Fabian Reese hat den VfL Wolfsburg am dritten Spieltag der 2. Fu\u00dfball-Bundesliga zu&hellip;\n","protected":false},"author":2,"featured_media":1268032,"comment_status":"","ping_status":"","sticky":false,"template":"","format":"standard","meta":{"footnotes":"","_share_on_mastodon":"0"},"categories":[5],"tags":[621,347,13,3850,14,15,12,10,8,9,11,931],"class_list":["post-1268031","post","type-post","status-publish","format-standard","has-post-thumbnail","category-nachrichten","tag-2-bundesliga","tag-fussball","tag-headlines","tag-karlsruher-sc","tag-nachrichten","tag-news","tag-schlagzeilen","tag-top-news","tag-top-meldungen","tag-topmeldungen","tag-topnews","tag-vfl-wolfsburg"],"share_on_mastodon":{"url":"https:\/\/pubeurope.com\/@de\/117179935170160876","error":""},"_links":{"self":[{"href":"https:\/\/www.europesays.com\/de\/wp-json\/wp\/v2\/posts\/1268031","targetHints":{"allow":["GET"]}}],"collection":[{"href":"https:\/\/www.europesays.com\/de\/wp-json\/wp\/v2\/posts"}],"about":[{"href":"https:\/\/www.europesays.com\/de\/wp-json\/wp\/v2\/types\/post"}],"author":[{"embeddable":true,"href":"https:\/\/www.europesays.com\/de\/wp-json\/wp\/v2\/users\/2"}],"replies":[{"embeddable":true,"href":"https:\/\/www.europesays.com\/de\/wp-json\/wp\/v2\/comments?post=1268031"}],"version-history":[{"count":0,"href":"https:\/\/www.europesays.com\/de\/wp-json\/wp\/v2\/posts\/1268031\/revisions"}],"wp:featuredmedia":[{"embeddable":true,"href":"https:\/\/www.europesays.com\/de\/wp-json\/wp\/v2\/media\/1268032"}],"wp:attachment":[{"href":"https:\/\/www.europesays.com\/de\/wp-json\/wp\/v2\/media?parent=1268031"}],"wp:term":[{"taxonomy":"category","embeddable":true,"href":"https:\/\/www.europesays.com\/de\/wp-json\/wp\/v2\/categories?post=1268031"},{"taxonomy":"post_tag","embeddable":true,"href":"https:\/\/www.europesays.com\/de\/wp-json\/wp\/v2\/tags?post=1268031"}],"curies":[{"name":"wp","href":"https:\/\/api.w.org\/{rel}","templated":true}]}}