{"id":1268047,"date":"2026-08-29T17:26:14","date_gmt":"2026-08-29T17:26:14","guid":{"rendered":"https:\/\/www.europesays.com\/de\/1268047\/"},"modified":"2026-08-29T17:26:14","modified_gmt":"2026-08-29T17:26:14","slug":"pol-ppmz-worms-herrnsheim-auseinandersetzung-auf-offener-strasse-schusswaffe","status":"publish","type":"post","link":"https:\/\/www.europesays.com\/de\/1268047\/","title":{"rendered":"POL-PPMZ: Worms &#8211; Herrnsheim &#8211; Auseinandersetzung auf offener Stra\u00dfe &#8211; Schusswaffe &#8230;"},"content":{"rendered":"<p class=\"date\">29.08.2026 \u2013 18:02<\/p>\n<p class=\"customer\">\n                        <a class=\"story-customer\" title=\"weiter zum newsroom von Polizeipr\u00e4sidium Mainz\" href=\"https:\/\/www.presseportal.de\/blaulicht\/nr\/117708\" rel=\"nofollow noopener\" target=\"_blank\">Polizeipr\u00e4sidium Mainz<\/a>\n                    <\/p>\n<p><a data-category=\"citylink-story-view\" data-action=\"click\" data-label=\"Citylink in Meldungsansicht\" class=\"story-city event-trigger\" href=\"https:\/\/www.presseportal.de\/regional\/Mainz\" title=\"News aus Mainz \" rel=\"nofollow noopener\" target=\"_blank\">Mainz<\/a> (ots)<\/p>\n<p>Derzeit befindet sich die Polizei Worms in einer intensiven Fahndungs- und Ermittlungslage. Nach derzeitigem Ermittlungsstand kam es gegen 16:30 Uhr zu einer Auseinandersetzung in der Hauptstra\u00dfe in Herrnsheim. Zwei Personen wurden dabei verletzt und werden medizinisch versorgt. Lebensgefahr besteht nach derzeitigem Kenntnisstand nicht.<\/p>\n<p>Bei der Auseinandersetzung soll eine Schusswaffe eingesetzt worden sein. Zeugen meldeten dies gegen\u00fcber der Polizei. Nach der Tat fl\u00fcchtete eine m\u00e4nnliche Person vom Tatort.<\/p>\n<p>Die Polizei betreibt derzeit intensive Fahndungsma\u00dfnahmen. Der Tatort ist f\u00fcr die weiteren Ermittlungsarbeiten weitr\u00e4umig abgesperrt.<\/p>\n<p>Pressevertreter werden aufgefordert, die Absperrungen zu beachten. Weitere Ausk\u00fcnfte k\u00f6nnen zu diesem fr\u00fchen Zeitpunkt zum Schutz der Ermittlungen nicht gegeben werden.<\/p>\n<p>Es wird gebeten, von Anfragen an den PvD und die PI Worms abzusehen. Sobald belastbare und ver\u00f6ffentlichungsf\u00e4hige Informationen vorliegen, berichten wir unaufgefordert nach.<\/p>\n<p>Ausk\u00fcnfte erteilt zuk\u00fcnftig die Pressestelle des PP Mainz.<\/p>\n<p class=\"contact-headline\">R\u00fcckfragen bitte an:<\/p>\n<p class=\"contact-text\">Polizeipr\u00e4sidium Mainz<br \/>Pressestelle<\/p>\n<p>Telefon: 06131 \/ 65-30022<\/p>\n<p>E-Mail: <a href=\"https:\/\/www.presseportal.de\/blaulicht\/pm\/117708\/mailto:ppmainz.presse@polizei.rlp.de\" class=\"uri-mailto\" rel=\"nofollow noopener\" target=\"_blank\">ppmainz.presse@polizei.rlp.de<\/a><br \/><a target=\"_blank\" class=\"uri-ext outbound\" rel=\"noopener nofollow\" href=\"https:\/\/www.polizei.rlp.de\/pp.mainz\">www.polizei.rlp.de\/pp.mainz<\/a><\/p>\n<p class=\"originator\">Original-Content von: Polizeipr\u00e4sidium Mainz, \u00fcbermittelt durch news aktuell<\/p>\n","protected":false},"excerpt":{"rendered":"29.08.2026 \u2013 18:02 Polizeipr\u00e4sidium Mainz Mainz (ots) Derzeit befindet sich die Polizei Worms in einer intensiven Fahndungs- und&hellip;\n","protected":false},"author":2,"featured_media":1266941,"comment_status":"","ping_status":"","sticky":false,"template":"","format":"standard","meta":{"footnotes":"","_share_on_mastodon":"0"},"categories":[1847],"tags":[3364,29,548,663,3934,30,13,2052,177,14,15,121,178,180,179,181,17273,12,4544],"class_list":["post-1268047","post","type-post","status-publish","format-standard","has-post-thumbnail","category-wiesbaden","tag-de","tag-deutschland","tag-eu","tag-europa","tag-europe","tag-germany","tag-headlines","tag-hessen","tag-kriminalitt","tag-nachrichten","tag-news","tag-polizei","tag-presse","tag-pressemeldung","tag-pressemitteilung","tag-pressemitteilungen","tag-rp","tag-schlagzeilen","tag-wiesbaden"],"share_on_mastodon":{"url":"https:\/\/pubeurope.com\/@de\/117179972813249013","error":""},"_links":{"self":[{"href":"https:\/\/www.europesays.com\/de\/wp-json\/wp\/v2\/posts\/1268047","targetHints":{"allow":["GET"]}}],"collection":[{"href":"https:\/\/www.europesays.com\/de\/wp-json\/wp\/v2\/posts"}],"about":[{"href":"https:\/\/www.europesays.com\/de\/wp-json\/wp\/v2\/types\/post"}],"author":[{"embeddable":true,"href":"https:\/\/www.europesays.com\/de\/wp-json\/wp\/v2\/users\/2"}],"replies":[{"embeddable":true,"href":"https:\/\/www.europesays.com\/de\/wp-json\/wp\/v2\/comments?post=1268047"}],"version-history":[{"count":0,"href":"https:\/\/www.europesays.com\/de\/wp-json\/wp\/v2\/posts\/1268047\/revisions"}],"wp:featuredmedia":[{"embeddable":true,"href":"https:\/\/www.europesays.com\/de\/wp-json\/wp\/v2\/media\/1266941"}],"wp:attachment":[{"href":"https:\/\/www.europesays.com\/de\/wp-json\/wp\/v2\/media?parent=1268047"}],"wp:term":[{"taxonomy":"category","embeddable":true,"href":"https:\/\/www.europesays.com\/de\/wp-json\/wp\/v2\/categories?post=1268047"},{"taxonomy":"post_tag","embeddable":true,"href":"https:\/\/www.europesays.com\/de\/wp-json\/wp\/v2\/tags?post=1268047"}],"curies":[{"name":"wp","href":"https:\/\/api.w.org\/{rel}","templated":true}]}}