{"id":1268100,"date":"2026-08-29T17:57:49","date_gmt":"2026-08-29T17:57:49","guid":{"rendered":"https:\/\/www.europesays.com\/de\/1268100\/"},"modified":"2026-08-29T17:57:49","modified_gmt":"2026-08-29T17:57:49","slug":"spd-in-hannover-schliesst-huelya-iri-aus-der-partei-aus","status":"publish","type":"post","link":"https:\/\/www.europesays.com\/de\/1268100\/","title":{"rendered":"SPD in Hannover schlie\u00dft H\u00fclya Iri aus der Partei aus"},"content":{"rendered":"<p>        <img decoding=\"async\" src=\"https:\/\/www.europesays.com\/de\/wp-content\/uploads\/2026\/08\/iri-100.webp\" alt=\"H\u00fclya Iri ist auf einem Handy-Bildschirm auf einer Social Media Plattform zu sehen.\" title=\"H\u00fclya Iri ist auf einem Handy-Bildschirm auf einer Social Media Plattform zu sehen. | NDR\" class=\"responsive\"\/><\/p>\n<p>\n                Stand: 28.08.2026 15:08 Uhr<\/p>\n<p class=\"preface\">Die wegen Veruntreuung von F\u00f6rdergeldern im Verdacht stehende ehemalige SPD-Ratsfrau H\u00fclya Iri aus Hannover ist nicht mehr Mitglied der Partei. Das best\u00e4tigte der SPD-Stadtverband Hannover dem NDR Niedersachsen.<\/p>\n<p class=\"\">Sie wurde bereits Ende Juli aus der Partei ausgeschlossen, wie der SPD-Stadtverband dem NDR Niedersachsen am Freitag mitteilte. Die offizielle Begr\u00fcndung lautete, dass sie ihre Mitgliedsbeitr\u00e4ge nicht mehr bezahlt habe. Daher sei ihre Mitgliedschaft nach den Parteiregeln beendet worden, hie\u00df es weiter. Zuerst hatten das <a href=\"https:\/\/www.ndr.de\/nachrichten\/niedersachsen\/hannover_weser-leinegebiet\/textlink-345640~splash.html\" title=\"Im Fall Iri haben jetzt sechs Gl\u00e4ubiger ihre Anspr\u00fcche gegen den Verein vorgetragen\" data-url=\"https:\/\/rundblick-niedersachsen.de\/im-fall-iri-haben-jetzt-sechs-glaeubiger-ihre-ansprueche-gegen-den-verein-vorgetragen\" class=\"extlink-preface\" data-type=\"external\" rel=\"nofollow noopener\" target=\"_blank\">&#8222;Politikjournal Rundblick&#8220;<\/a> und die <a href=\"https:\/\/www.ndr.de\/nachrichten\/niedersachsen\/hannover_weser-leinegebiet\/textlink-345572~splash.html\" title=\"Skandal um F\u00f6rdergeldbetrug: SPD wirft Iri aus der Partei\" data-url=\"https:\/\/www.haz.de\/lokales\/hannover\/skandal-um-foerdergeldbetrug-spd-wirft-iri-aus-der-partei-VIFKYMVDQ5E2FHRSXQYYPEHIBE.html\" class=\"extlink-preface\" data-type=\"external\" rel=\"nofollow noopener\" target=\"_blank\">&#8222;Hannoversche Allgemeine Zeitung&#8220;<\/a> berichtet. Im April hatte die Ex-Ratsfrau und ihre Familie ihre <a href=\"https:\/\/www.ndr.de\/nachrichten\/niedersachsen\/hannover_weser-leinegebiet\/integrationsverein-ist-pleite-ex-ratsfrau-pausiert-spd-mitgliedschaft,integrationsverein-100.html\" title=\"Hannover: Ex-Ratsfrau Iri pausiert SPD-Mitgliedschaft - nach Vereinspleite\" rel=\"nofollow noopener\" target=\"_blank\">SPD-Mitgliedschaften noch vorl\u00e4ufig ruhen lassen<\/a>. Als Reaktion auf die Ermittlungen hatte sich der SPD-Stadtverband Hannover im Juni neue Compliance-Regeln f\u00fcr seine Mitglieder gegeben.<\/p>\n<p>    \u00dcber eine Million Euro veruntreut?<\/p>\n<p class=\"\">Iri steht im Verdacht, \u00fcber eine Million Euro F\u00f6rdergelder f\u00fcr ihren 2019 gegr\u00fcndeten Verein &#8222;Integrationsarbeit Kronsberg&#8220; zweckentfremdet zu haben. Die Staatsanwaltschaft Hannover ermittelt laut eigenen Angaben wegen Untreue und Subventionsbetrug. Demnach k\u00f6nnten Gelder mutma\u00dflich f\u00fcr den Kauf von Immobilien zweckentfremdet worden sein. Im Rahmen der Ermittlungen wurde Anfang Juli auch die Wohnung von Iri durchsucht. Das Land Niedersachsen und der Bund fordern mittlerweile einen Teil des Geldes zur\u00fcck &#8211; die ehemalige SPD-Politikerin hat stellvertretend f\u00fcr den Verein dagegen <a href=\"https:\/\/www.ndr.de\/nachrichten\/niedersachsen\/hannover_weser-leinegebiet\/integrationsverein-hannover-huelya-iri-klagt-gegen-rueckforderungen,integrationsverein-126.html\" title=\"Integrationsverein Hannover: H\u00fclya Iri klagt gegen R\u00fcckforderungen\" rel=\"nofollow noopener\" target=\"_blank\">Klagen<\/a> beim Verwaltungsgericht Hannover eingereicht. Das Amtsgericht Hannover leitete Anfang Juni ein <a href=\"https:\/\/www.ndr.de\/nachrichten\/niedersachsen\/hannover_weser-leinegebiet\/fall-huelya-iri-amtsgericht-hannover-eroeffnet-insolvenzverfahren,integrationsverein-124.html\" title=\"Fall H\u00fclya Iri: Amtsgericht Hannover er\u00f6ffnet Insolvenzverfahren\" rel=\"nofollow noopener\" target=\"_blank\">Insolvenzverfahren gegen den Verein<\/a> ein.<\/p>\n<p>        <img decoding=\"async\" src=\"https:\/\/www.europesays.com\/de\/wp-content\/uploads\/2026\/07\/polizei5156.webp\" alt=\"Polizeiautos\" title=\"Polizeiautos | panthermedia, heiko119\" class=\"responsive\" loading=\"lazy\"\/><\/p>\n<p>Ihr Integrationsverein soll F\u00f6rdergelder veruntreut haben. Auch drei weitere Objekte wurden am Mittwoch durchsucht.<\/p>\n<p>        <img decoding=\"async\" src=\"https:\/\/www.europesays.com\/de\/wp-content\/uploads\/2026\/07\/integrationsverein-122.webp\" alt=\"B\u00fcro des Vereins &quot;Integrationsarbeit Kronsberg&quot; in Hannover.\" title=\"B\u00fcro des Vereins &quot;Integrationsarbeit Kronsberg&quot; in Hannover. | NDR\" class=\"responsive\" loading=\"lazy\"\/><\/p>\n<p>Die Staatsanwaltschaft wirft der Ex-SPD-Politikerin vor, F\u00f6rdergeld veruntreut zu haben. Das bestreitet sie.<\/p>\n<p>        <img decoding=\"async\" src=\"https:\/\/www.europesays.com\/de\/wp-content\/uploads\/2026\/05\/euro313.webp\" alt=\"Euroscheine und M\u00fcnzen\" title=\"Euroscheine und M\u00fcnzen | Fotolia.com, caldera\" class=\"responsive\" loading=\"lazy\"\/><\/p>\n<p>Der Integrationsverein der ehemaligen SPD Ratsfrau H\u00fclya Iri muss knapp 400.000 Euro an das Land zur\u00fcckzahlen.<\/p>\n<p>        <img decoding=\"async\" src=\"https:\/\/www.europesays.com\/de\/wp-content\/uploads\/2026\/07\/spd-754.webp\" alt=\"Das Logo der SPD ist auf einem Aufsteller zu lesen.\" title=\"Das Logo der SPD ist auf einem Aufsteller zu lesen. | picture alliance \/ Noah Wedel\" class=\"responsive\" loading=\"lazy\"\/><\/p>\n<p>Das Regelwerk h\u00e4tte den mutma\u00dflichen Betrug der Ex-SPD-Ratsfrau nicht verhindert, kommentiert NDR Redakteurin Anja Hitzemann.<\/p>\n<p>Dieses Thema im Programm:<\/p>\n<p>                NDR 1 Niedersachsen | Regional Hannover | 28.08.2026 | 09:30 Uhr<\/p>\n<p>        Schlagw\u00f6rter zu diesem Artikel<\/p>\n<p>            <a href=\"https:\/\/www.ndr.de\/nachrichten\/niedersachsen\/hannover_weser-leinegebiet\/Hannover-Aktuelle-News-und-Nachrichten,hannover18518.html\" rel=\"nofollow noopener\" target=\"_blank\">Hannover<\/a><\/p>\n","protected":false},"excerpt":{"rendered":"Stand: 28.08.2026 15:08 Uhr Die wegen Veruntreuung von F\u00f6rdergeldern im Verdacht stehende ehemalige SPD-Ratsfrau H\u00fclya Iri aus Hannover&hellip;\n","protected":false},"author":2,"featured_media":1268101,"comment_status":"","ping_status":"","sticky":false,"template":"","format":"standard","meta":{"footnotes":"","_share_on_mastodon":"0"},"categories":[1836],"tags":[590,3364,29,37215,30,46,205526,213221,14,15,1411,2308,184],"class_list":["post-1268100","post","type-post","status-publish","format-standard","has-post-thumbnail","category-hannover","tag-aktuell","tag-de","tag-deutschland","tag-foerdermittel","tag-germany","tag-hannover","tag-huelya-iri","tag-integrationsverein","tag-nachrichten","tag-news","tag-niedersachsen","tag-rat","tag-spd"],"share_on_mastodon":{"url":"https:\/\/pubeurope.com\/@de\/117180096695896252","error":""},"_links":{"self":[{"href":"https:\/\/www.europesays.com\/de\/wp-json\/wp\/v2\/posts\/1268100","targetHints":{"allow":["GET"]}}],"collection":[{"href":"https:\/\/www.europesays.com\/de\/wp-json\/wp\/v2\/posts"}],"about":[{"href":"https:\/\/www.europesays.com\/de\/wp-json\/wp\/v2\/types\/post"}],"author":[{"embeddable":true,"href":"https:\/\/www.europesays.com\/de\/wp-json\/wp\/v2\/users\/2"}],"replies":[{"embeddable":true,"href":"https:\/\/www.europesays.com\/de\/wp-json\/wp\/v2\/comments?post=1268100"}],"version-history":[{"count":0,"href":"https:\/\/www.europesays.com\/de\/wp-json\/wp\/v2\/posts\/1268100\/revisions"}],"wp:featuredmedia":[{"embeddable":true,"href":"https:\/\/www.europesays.com\/de\/wp-json\/wp\/v2\/media\/1268101"}],"wp:attachment":[{"href":"https:\/\/www.europesays.com\/de\/wp-json\/wp\/v2\/media?parent=1268100"}],"wp:term":[{"taxonomy":"category","embeddable":true,"href":"https:\/\/www.europesays.com\/de\/wp-json\/wp\/v2\/categories?post=1268100"},{"taxonomy":"post_tag","embeddable":true,"href":"https:\/\/www.europesays.com\/de\/wp-json\/wp\/v2\/tags?post=1268100"}],"curies":[{"name":"wp","href":"https:\/\/api.w.org\/{rel}","templated":true}]}}