{"id":1268150,"date":"2026-08-29T18:31:22","date_gmt":"2026-08-29T18:31:22","guid":{"rendered":"https:\/\/www.europesays.com\/de\/1268150\/"},"modified":"2026-08-29T18:31:22","modified_gmt":"2026-08-29T18:31:22","slug":"basketball-alba-berlin-zwei-siege-in-testspielen-zum-saisonauftakt","status":"publish","type":"post","link":"https:\/\/www.europesays.com\/de\/1268150\/","title":{"rendered":"Basketball: Alba Berlin: Zwei Siege in Testspielen zum Saisonauftakt"},"content":{"rendered":"<p>            <img loading=\"lazy\" decoding=\"async\" class=\"ts-image\" src=\"https:\/\/www.europesays.com\/de\/wp-content\/uploads\/2026\/08\/rbb-imago-images-1075256514-100.jpg\" alt=\"Alba-Spielerin Lena Gohlisch am Ball (Quelle: imago images\/camera4+)\" title=\"imago images 1075256514 | imago images\/camera4+\"\/><\/p>\n<p class=\"metatextline\">Stand: 29.08.2026 \u2022 20:02 Uhr<\/p>\n<p class=\"textabsatz m-ten m-offset-one l-eight l-offset-two columns twelve\">Alba Berlin hat mit zwei Testspielen die Saisoner\u00f6ffnung gefeiert. Gegen den Zweitligisten TuS Lichterfelde gewannen die Alba-Frauen mit 107 zu 56. Das Team der M\u00e4nner durfte sp\u00e4ter gegen Bundesliga-Konkurrenten Veolia Towers Hamburg ran. Dort holten die Albatrosse einen Sieg mit 89 zu 83. Die vergangene Saison war f\u00fcr Alba sehr erfolgreich: W\u00e4hrend die M\u00e4nner die Deutsche Meisterschaft holten, gewannen die Frauen den Pokal der Damen-Basketball-Bundesliga.<\/p>\n<p class=\"textabsatz m-ten m-offset-one l-eight l-offset-two columns twelve\">Die M\u00e4nner von Alba Berlin treten vom 10. bis zum 13.09. in einem Testspiel-Turnier in Spanien an. Am 18.09. wartet der Start in die Basketball-Bundesliga gegen die Niners Chemnitz. Das Team der Frauen spielt ihr erstes Spiel in der Basketball-Bundesliga am 04.10. in Berlin gegen Marburg. Vorher stehen ebenfalls noch mehrere Testspiele an.<\/p>\n<p class=\"textabsatz m-ten m-offset-one l-eight l-offset-two columns twelve\">Sendung: rbb UM6, 29.08.2026, 18:00 Uhr Video: rbb UM6, 29.08.2026, Max Benz-Kuch<\/p>\n<p>                                        <a class=\"backlink__link\" href=\"https:\/\/www.rbb24.de\/sport\/beitrag\/2026\/08\/basketball-alba-berlin-saisoneroeffnung.html\" rel=\"nofollow noopener\" target=\"_blank\"><\/p>\n<p>                                                <img decoding=\"async\" src=\"https:\/\/images.sportschau.de\/image\/898f19c3-6760-4be2-a33f-1fa765216ec2\/AAABlap_olM\/AAABnR8VW9w\/original\/lra-rbb-logo-100.svg\" alt=\"Rundfunk Berlin-Brandenburg\"\/><\/p>\n<p>                                        <\/a><\/p>\n","protected":false},"excerpt":{"rendered":"Stand: 29.08.2026 \u2022 20:02 Uhr Alba Berlin hat mit zwei Testspielen die Saisoner\u00f6ffnung gefeiert. Gegen den Zweitligisten TuS&hellip;\n","protected":false},"author":2,"featured_media":1268151,"comment_status":"","ping_status":"","sticky":false,"template":"","format":"standard","meta":{"footnotes":"","_share_on_mastodon":"0"},"categories":[1825],"tags":[2471,2493,296,29,30,2239],"class_list":["post-1268150","post","type-post","status-publish","format-standard","has-post-thumbnail","category-berlin","tag-alba-berlin","tag-basketball","tag-berlin","tag-deutschland","tag-germany","tag-rbb"],"share_on_mastodon":{"url":"https:\/\/pubeurope.com\/@de\/117180230982540825","error":""},"_links":{"self":[{"href":"https:\/\/www.europesays.com\/de\/wp-json\/wp\/v2\/posts\/1268150","targetHints":{"allow":["GET"]}}],"collection":[{"href":"https:\/\/www.europesays.com\/de\/wp-json\/wp\/v2\/posts"}],"about":[{"href":"https:\/\/www.europesays.com\/de\/wp-json\/wp\/v2\/types\/post"}],"author":[{"embeddable":true,"href":"https:\/\/www.europesays.com\/de\/wp-json\/wp\/v2\/users\/2"}],"replies":[{"embeddable":true,"href":"https:\/\/www.europesays.com\/de\/wp-json\/wp\/v2\/comments?post=1268150"}],"version-history":[{"count":0,"href":"https:\/\/www.europesays.com\/de\/wp-json\/wp\/v2\/posts\/1268150\/revisions"}],"wp:featuredmedia":[{"embeddable":true,"href":"https:\/\/www.europesays.com\/de\/wp-json\/wp\/v2\/media\/1268151"}],"wp:attachment":[{"href":"https:\/\/www.europesays.com\/de\/wp-json\/wp\/v2\/media?parent=1268150"}],"wp:term":[{"taxonomy":"category","embeddable":true,"href":"https:\/\/www.europesays.com\/de\/wp-json\/wp\/v2\/categories?post=1268150"},{"taxonomy":"post_tag","embeddable":true,"href":"https:\/\/www.europesays.com\/de\/wp-json\/wp\/v2\/tags?post=1268150"}],"curies":[{"name":"wp","href":"https:\/\/api.w.org\/{rel}","templated":true}]}}