{"id":1268161,"date":"2026-08-29T18:38:23","date_gmt":"2026-08-29T18:38:23","guid":{"rendered":"https:\/\/www.europesays.com\/de\/1268161\/"},"modified":"2026-08-29T18:38:23","modified_gmt":"2026-08-29T18:38:23","slug":"berliner-rapperin-shirin-david-kritisiert-netflix-doku-barbara-scharf","status":"publish","type":"post","link":"https:\/\/www.europesays.com\/de\/1268161\/","title":{"rendered":"Berliner Rapperin Shirin David kritisiert Netflix-Doku &#8222;Barbara&#8220; scharf"},"content":{"rendered":"<p>Abrechnung nach f\u00fcnf Monaten <\/p>\n<p>Shirin David kritisiert Netflix-Doku &#8222;Barbara&#8220; scharf<\/p>\n<p>29.08.2026 &#8211; 19:03 UhrLesedauer: 3 Min.<\/p>\n<p><a href=\"#focus-0\" class=\"transition-colors block text-current relative\" data-sctrack=\"FocusGalleryImage.Reference\"><img fetchpriority=\"high\" data-testid=\"Opener.Image\"   loading=\"eager\" src=\"https:\/\/www.europesays.com\/de\/wp-content\/uploads\/2026\/06\/shirin-david-archivfoto-die-kuenstlerin-ist-aktuell-viel-diskutiert.jpg\" alt=\"Shirin David (Archivfoto): Die K\u00fcnstlerin ist aktuell viel diskutiert.\" title=\"Shirin David (Archivfoto): Die K\u00fcnstlerin ist aktuell viel diskutiert.\" width=\"4000\" height=\"2250\" class=\"bg-[url:var(--lqipURL)] bg-cover bg-center flex h-full w-full max-w-full\" style=\"--lqipURL:url('https:\/\/images.t-online.de\/2025\/02\/4nSJwsyyY-A-\/0x0:4000x2250\/fit-in\/150x0\/filters:blur(25)\/shirin-david-archivfoto-die-kuenstlerin-ist-aktuell-viel-diskutiert.jpg')\" decoding=\"async\"\/><img loading=\"lazy\" src=\"https:\/\/berlin.t-online.de\/s\/paper\/_next\/static\/media\/zoom-in.f7dae02f.svg\" alt=\"Vergr\u00f6\u00dfern des Bildes\" title=\"Vergr\u00f6\u00dfern des Bildes\" class=\"block h-[calc(var(--height)_\/_16_*_1rem)] w-[calc(var(--width)_\/_16_*_1rem)] max-w-none absolute right-8 bottom-8 rounded-4 bg-snow p-8\" style=\"--width:32;--height:32\" decoding=\"async\"\/><\/a><\/p>\n<p>Shirin David (Archivbild): Die in Berlin lebende Rapperin geht mit ihrer Netflix-Dokumentation hart ins Gericht. (Quelle: Andreas Rentz\/getty-images-bilder)<\/p>\n<p><img loading=\"lazy\" src=\"https:\/\/berlin.t-online.de\/s\/paper\/_next\/static\/media\/audio-volume.6689034c.svg\" alt=\"\" title=\"\" class=\"block h-[calc(var(--height)_\/_16_*_1rem)] w-[calc(var(--width)_\/_16_*_1rem)] max-w-none group-hover:brightness-0 group-hover:invert\" style=\"--width:16;--height:16\" decoding=\"async\"\/>Vorlesen<\/p>\n<p>Aktuelle Zeit:0:00Gesamtdauer:0:00<\/p>\n<p>1x<img loading=\"lazy\" src=\"https:\/\/berlin.t-online.de\/s\/paper\/_next\/static\/media\/font-sizes.32942e33.svg\" alt=\"\" title=\"\" class=\"block h-[calc(var(--height)_\/_16_*_1rem)] w-[calc(var(--width)_\/_16_*_1rem)] max-w-none group-hover:hidden group-aria-expanded:hidden\" style=\"--width:16;--height:16\" decoding=\"async\"\/><img loading=\"lazy\" src=\"https:\/\/berlin.t-online.de\/s\/paper\/_next\/static\/media\/font-sizes-dark-mode.e382645c.svg\" alt=\"\" title=\"\" class=\"block h-[calc(var(--height)_\/_16_*_1rem)] w-[calc(var(--width)_\/_16_*_1rem)] max-w-none hidden group-hover:block group-aria-expanded:block\" style=\"--width:16;--height:16\" decoding=\"async\"\/><img loading=\"lazy\" src=\"https:\/\/berlin.t-online.de\/s\/paper\/_next\/static\/media\/sharing-menu-icon.1eb71368.svg\" alt=\"\" title=\"\" class=\"block h-[calc(var(--height)_\/_16_*_1rem)] w-[calc(var(--width)_\/_16_*_1rem)] max-w-none group-hover:brightness-0 group-hover:invert\" style=\"--width:16;--height:16\" decoding=\"async\"\/>Artikel teilen<\/p>\n<p class=\"font-bold text-18 leading-17 user-text-lg:text-22 user-text-xl:text-24\">Netflix wollte die private Seite von Shirin David zeigen. Nun \u00fcbt die in Berlin lebende Musikerin scharfe Kritik am Ergebnis \u2013 und schildert einen ungew\u00f6hnlichen Versuch.<\/p>\n<p class=\"text-18 leading-17 user-text-lg:text-22 user-text-xl:text-24\">Eigentlich sollte &#8222;Barbara \u2013 Becoming Shirin David&#8220; einen besonders pers\u00f6nlichen Blick auf die Rapperin erm\u00f6glichen. Rund f\u00fcnf Monate nach der Ver\u00f6ffentlichung f\u00e4llt das Urteil der in Berlin lebenden Musikerin jedoch vernichtend aus. In einer Fragerunde auf Instagram erkl\u00e4rt Shirin David, warum sie mit ihrer Netflix-Dokumentation bis heute hadert.<\/p>\n<p class=\"text-18 leading-17 user-text-lg:text-22 user-text-xl:text-24\">Das Ergebnis sei weder authentisch noch das gewesen, was sie sich von dem Projekt versprochen habe. Die Dokumentation sei &#8222;an den Haaren herbeigezogen&#8220;, um die Leidensgeschichte einer &#8222;angeblich v\u00f6llig \u00fcberforderten Frau&#8220; zu zeigen, schreibt die 31-J\u00e4hrige.<\/p>\n<p class=\"text-18 leading-17 user-text-lg:text-22 user-text-xl:text-24\">David geht dabei \u00fcber die Kritik an ihrem eigenen Film hinaus. Sie st\u00f6re sich grunds\u00e4tzlich daran, wie erfolgreiche Frauen medial dargestellt w\u00fcrden. W\u00e4hrend M\u00e4nner f\u00fcr ihre Leistungen gefeiert w\u00fcrden, werde bei Frauen immer wieder nach Leid und \u00dcberforderung gesucht.<\/p>\n<p>Shirin David kritisiert den Schnitt der Doku<\/p>\n<p class=\"text-18 leading-17 user-text-lg:text-22 user-text-xl:text-24\">Vom Produktionsteam selbst distanziert sich David ausdr\u00fccklich nicht. Sie habe das Team &#8222;sehr geliebt&#8220;. Ihre Kritik richtet sie vielmehr gegen Entscheidungen, die nach ihrer Darstellung sp\u00e4ter getroffen wurden. Regisseur und Netflix-Marketing h\u00e4tten letztlich bestimmt, welche Geschichten erz\u00e4hlt und wie diese zusammengeschnitten w\u00fcrden. Ihre Schnittrechte habe sie abgegeben, weil es sich um eine journalistische Arbeit handeln sollte, schreibt David.<\/p>\n<p class=\"text-18 leading-17 user-text-lg:text-22 user-text-xl:text-24\">W\u00e4hrend der Produktion sei sie zudem immer wieder aufgefordert worden, m\u00f6glichst viel von sich preiszugeben. Verantwortliche aus dem Marketing h\u00e4tten sie gebeten, &#8222;wirklich alles zu zeigen&#8220;, um &#8222;Netflix Doku Geschichte&#8220; zu schreiben. Sie habe ihnen vertraut und selbst unbedingt eine Netflix-Dokumentation machen wollen. R\u00fcckblickend bezeichnet sie diese \u00dcberzeugungsarbeit als &#8222;Brainwash&#8220;. Im fertigen Film sei aus ihrer Sicht vor allem eines \u00fcbrig geblieben: &#8222;das Leiden&#8220;.<\/p>\n<p class=\"text-18 leading-17 user-text-lg:text-22 user-text-xl:text-24\">Netflix hatte &#8222;Barbara \u2013 Becoming Shirin David&#8220; vor der Ver\u00f6ffentlichung am 13. M\u00e4rz als pers\u00f6nliche Reise durch Davids Karriere beschrieben. Die Dokumentation begleitet sie kurz vor ihrem 30. Geburtstag sowie w\u00e4hrend der Vorbereitungen auf ihre &#8222;Schlau aber Blond&#8220;-Arenatour. Dabei sollte auch die Frau hinter der Kunstfigur Shirin David st\u00e4rker sichtbar werden. Produziert wurde die Doku von Leonine Documentaries, Regie und Drehbuch stammen von Michael Schmitt.<\/p>\n<p>Berliner Rapperin wollte &#8222;jeden Cent zur\u00fcck zahlen&#8220;<\/p>\n<p class=\"text-18 leading-17 user-text-lg:text-22 user-text-xl:text-24\">Wie gro\u00df Davids Unzufriedenheit offenbar war, zeigt ein weiterer Teil ihrer Instagram-Fragerunde. Die Musikerin wollte den fertigen Film nach eigenen Angaben zur\u00fcckkaufen. Sie habe angeboten, &#8222;jeden Cent zur\u00fcck zahlen&#8220; zu wollen. Dazu sei es jedoch nicht gekommen. Eine Netflix-Marketingchefin habe ihr in einem Gespr\u00e4ch erkl\u00e4rt, ein solcher Schritt w\u00fcrde dem Image des Unternehmens schaden, schreibt David.<\/p>\n","protected":false},"excerpt":{"rendered":"Abrechnung nach f\u00fcnf Monaten Shirin David kritisiert Netflix-Doku &#8222;Barbara&#8220; scharf 29.08.2026 &#8211; 19:03 UhrLesedauer: 3 Min. Shirin David&hellip;\n","protected":false},"author":2,"featured_media":1106538,"comment_status":"","ping_status":"","sticky":false,"template":"","format":"standard","meta":{"footnotes":"","_share_on_mastodon":"0"},"categories":[1772],"tags":[522,47952,296,29,214,30,152,1779,810,2846,1305,215],"class_list":["post-1268161","post","type-post","status-publish","format-standard","has-post-thumbnail","category-musik","tag-522","tag-abrechnung","tag-berlin","tag-deutschland","tag-entertainment","tag-germany","tag-instagram","tag-music","tag-musik","tag-netflix","tag-shirin-david","tag-unterhaltung"],"share_on_mastodon":{"url":"https:\/\/pubeurope.com\/@de\/117180259073414706","error":""},"_links":{"self":[{"href":"https:\/\/www.europesays.com\/de\/wp-json\/wp\/v2\/posts\/1268161","targetHints":{"allow":["GET"]}}],"collection":[{"href":"https:\/\/www.europesays.com\/de\/wp-json\/wp\/v2\/posts"}],"about":[{"href":"https:\/\/www.europesays.com\/de\/wp-json\/wp\/v2\/types\/post"}],"author":[{"embeddable":true,"href":"https:\/\/www.europesays.com\/de\/wp-json\/wp\/v2\/users\/2"}],"replies":[{"embeddable":true,"href":"https:\/\/www.europesays.com\/de\/wp-json\/wp\/v2\/comments?post=1268161"}],"version-history":[{"count":0,"href":"https:\/\/www.europesays.com\/de\/wp-json\/wp\/v2\/posts\/1268161\/revisions"}],"wp:featuredmedia":[{"embeddable":true,"href":"https:\/\/www.europesays.com\/de\/wp-json\/wp\/v2\/media\/1106538"}],"wp:attachment":[{"href":"https:\/\/www.europesays.com\/de\/wp-json\/wp\/v2\/media?parent=1268161"}],"wp:term":[{"taxonomy":"category","embeddable":true,"href":"https:\/\/www.europesays.com\/de\/wp-json\/wp\/v2\/categories?post=1268161"},{"taxonomy":"post_tag","embeddable":true,"href":"https:\/\/www.europesays.com\/de\/wp-json\/wp\/v2\/tags?post=1268161"}],"curies":[{"name":"wp","href":"https:\/\/api.w.org\/{rel}","templated":true}]}}