{"id":1268196,"date":"2026-08-29T19:00:21","date_gmt":"2026-08-29T19:00:21","guid":{"rendered":"https:\/\/www.europesays.com\/de\/1268196\/"},"modified":"2026-08-29T19:00:21","modified_gmt":"2026-08-29T19:00:21","slug":"augsburg-kino-legende-franz-fischer-plant-neuen-weg-nach-schweren-jahren","status":"publish","type":"post","link":"https:\/\/www.europesays.com\/de\/1268196\/","title":{"rendered":"Augsburg: Kino-Legende Franz Fischer plant neuen Weg nach schweren Jahren"},"content":{"rendered":"<p class=\"mb-6 text-xs-varying md:text-m lg:text-l font-serif group-[.font-sans]:font-sans \">\n    Franz Fischer ist gesundheitlich angeschlagen. Seit seinem Schlaganfall vergangenen Oktober ist er nicht mehr richtig auf die F\u00fc\u00dfe gekommen. Als sein Lebenswerk, seine Augsburger Kinos Thalia und Mephisto samt den Gastronomien,<a href=\"https:\/\/www.augsburger-allgemeine.de\/augsburg\/thalia-insolvenz-in-augsburg-persoenlicher-schicksalsschlag-verschaerft-die-lage-113054507\" target=\"_self\" class=\"underline \" rel=\"nofollow noopener\"> in die Insolvenz schlitterten,<\/a> war er in einer Rehaklinik. Er sagt, er habe mit dem Verlust \u201eschnell abgeschlossen\u201c, aber im Gespr\u00e4ch merkt man, dass es nicht so ist. Fischer blickt zur\u00fcck auf die vergangenen Jahrzehnte, die gro\u00dfen wirtschaftlichen Herausforderungen der letzten Jahre, die den Betrieb erschwerten. Der 68-J\u00e4hrige schaut aber auch nach vorn \u2013 und hat Pl\u00e4ne.\n  <\/p>\n<p class=\"mb-6 text-xs-varying md:text-m lg:text-l font-serif group-[.font-sans]:font-sans \">\n    Franz Fischer sitzt im Rollstuhl und ist zum Pflegefall geworden. Der Diabetiker erkrankte w\u00e4hrend der Corona-Pandemie an Long Covid, was ihm schwer zu schaffen machte. \u201eBis 2019 lief alles gut. Die Besucherzahlen im Kino und der Gastro waren in Ordnung.\u201c Dann kamen die Pandemie und gesundheitliche Tiefschl\u00e4ge. Die \u00dcberbr\u00fcckungshilfen des Staates flossen nicht so wie zugesagt und die Kosten stiegen an. \u201eUnd es gab zwei schlechte Sommer 2024 und 2025.\u201c Die Einnahmen aus dem <a href=\"https:\/\/www.augsburger-allgemeine.de\/augsburg\/eberhoferkrimis-begeistern-ueber-2000-gaeste-beim-augsburger-lechflimmern-115014106\" target=\"_self\" class=\"underline \" rel=\"nofollow noopener\">Freiluftkino Lechflimmern,<\/a> mit denen er das im Sommer nicht so gut besuchte Kino und die Gastronomien querfinanzierte, blieben aus. \u201eDa kam dann alles zusammen.\u201c Wann l\u00e4sst sich genau festhalten \u2013 n\u00e4mlich in die Zeit, in der er sich wochenlang in der Uniklinik Augsburg und sp\u00e4ter in der Rehaklinik aufhielt.\n  <\/p>\n<p>            Franz Fischer beeinflusste \u00fcber Jahrzehnte die Kinolandschaft in der Region<\/p>\n<p class=\"mb-6 text-xs-varying md:text-m lg:text-l font-serif group-[.font-sans]:font-sans \">\n    Damals musste er loslassen, was er sich gemeinsam mit seiner Partnerin Ellen Gratza \u00fcber Jahrzehnte aufgebaut hatte. Sie beiden lernten sich im Grauen Adler im Lechviertel kennen, einer Kneipe, die ein Treffpunkt f\u00fcr viele Augsburger war. <a href=\"https:\/\/www.augsburger-allgemeine.de\/augsburg\/augsburg-zwei-traumberufe-und-eine-traumfrau-id50853451.html\" target=\"_self\" class=\"underline \" rel=\"nofollow noopener\">Franz Fischer war Mitbegr\u00fcnder des Asta-Kulturzentrums,<\/a> das dort beheimatet war. Er studierte Wirtschaftswissenschaften und Soziologie an der <a href=\"https:\/\/www.augsburger-allgemeine.de\/organisationen\/aa-universitaet-augsburg\" target=\"_self\" class=\"underline \" rel=\"nofollow noopener\">Universit\u00e4t Augsburg<\/a>. Damals engagierte er sich in der Studierendenvertretung Asta, wo er schnell den Posten des Kulturreferenten innehatte. Ab 1978 wurde ein beachtliches Programm auf die Beine gestellt: Die Band Erste Allgemeine Verunsicherung startete  etwa ihre Deutschlandtournee im H\u00f6rsaal 1.\n  <\/p>\n<p class=\"mb-6 text-xs-varying md:text-m lg:text-l font-serif group-[.font-sans]:font-sans \">\n    Im Grauen Adler gab es Arbeitskreise in den Bereichen Theater, Fotografie, Film, es gab eine Wohnungsvermittlung und es gab viele Veranstaltungen. Selbst Harald Schmidt trat dort an einem Brecht-Abend auf. In den 80er Jahren rief das Paar das erste Augsburger Filmfestival \u2013 die Tage des unabh\u00e4ngigen Films \u2013 ins Leben. Die Faszination f\u00fcr den Film lie\u00df die beiden nicht mehr los: 1988 \u00fcbernahmen sie die Schauburg in Lechhausen. 1990 boten sie erstmals Open-Air-Kino auf dem Uni-Campus an, schnell gab es weitere Gastspiele am Friedberger Baggersee, an der Europawiese in Gersthofen oder im Familienbad am Pl\u00e4rrer, wo es bis heute das Lechflimmern gibt. In vielen Jahren <a href=\"https:\/\/www.augsburger-allgemeine.de\/augsburg\/Lechflimmern-25-Jahre-Freiluftkino-in-Augsburg-Was-Sie-diesen-Sommer-erwartet-id30331162.html\" target=\"_self\" class=\"underline \" rel=\"nofollow noopener\">begr\u00fc\u00dfte Fischer dort Regisseur Marcus H. Rosenm\u00fcller<\/a> (Wer fr\u00fcher stirbt, ist l\u00e4nger tot; Trautmann) als Gast, zu dem er eine Freundschaft pflegt.\n  <\/p>\n<p>    <img decoding=\"async\" src=\"https:\/\/www.europesays.com\/de\/wp-content\/uploads\/2026\/08\/image2.png\" alt=\"Ein Bild aus besseren Tagen: Franz Fischer und Marcus H. Rosenm\u00fcller, der oft beim Augsburger Lechflimmern zu Gast war.\" title=\"Ein Bild aus besseren Tagen: Franz Fischer und Marcus H. Rosenm\u00fcller, der oft beim Augsburger Lechflimmern zu Gast war.\" loading=\"lazy\" class=\"h-full w-full object-cover\"\/><\/p>\n<p>      Icon vergr\u00f6\u00dfern<\/p>\n<p>    Ein Bild aus besseren Tagen: Franz Fischer und Marcus H. Rosenm\u00fcller, der oft beim Augsburger Lechflimmern zu Gast war.<br \/>\n    Foto: Wolfgang Schick<\/p>\n<p>        Schlie\u00dfen <\/p>\n<p>      Icon Schlie\u00dfen<\/p>\n<p>        Icon vergr\u00f6\u00dfern<\/p>\n<p>        Icon verkleinern<\/p>\n<p>      Icon Pfeil bewegen<\/p>\n<p>    Ein Bild aus besseren Tagen: Franz Fischer und Marcus H. Rosenm\u00fcller, der oft beim Augsburger Lechflimmern zu Gast war.<br \/>\n    Foto: Wolfgang Schick<\/p>\n<p class=\"mb-6 text-xs-varying md:text-m lg:text-l font-serif group-[.font-sans]:font-sans \">\n    Als das Thalia, City (heute Mephisto) und Savoy 1999 in Konkurs gingen, griffen Franz Fischer und Ellen Gratza zu und gaben die Schauburg auf. Zeitweise waren sie in Ulm, Neuburg und sp\u00e4ter auch in Ingolstadt aktiv \u2013 die I<a href=\"https:\/\/www.augsburger-allgemeine.de\/neuburg\/nach-insolvenz-die-ingolstaedter-alstadtkinos-sind-gerettet-114373907\" target=\"_self\" class=\"underline \" rel=\"nofollow noopener\">ngolst\u00e4dter Altstadtkinos,<\/a> die auch von der <a href=\"https:\/\/www.augsburger-allgemeine.de\/schlagworte\/aa-insolvenz\" target=\"_self\" class=\"underline \" rel=\"nofollow noopener\">Insolvenz<\/a> betroffen waren, wurden inzwischen vom M\u00fcnchner Christian Pfeil \u00fcbernommen. Fischer ist froh, die Kinos in guten H\u00e4nden zu wissen.\n  <\/p>\n<p>            Franz Fischer vermisst heute das Kaffeehaus, Schulkino und Kinderfilmarbeit<\/p>\n<p class=\"mb-6 text-xs-varying md:text-m lg:text-l font-serif group-[.font-sans]:font-sans \">\n    In <a href=\"https:\/\/www.augsburger-allgemeine.de\/augsburg\/\" target=\"_self\" class=\"underline \" rel=\"nofollow noopener\">Augsburg<\/a> sieht es f\u00fcr ihn anders aus. Fischer h\u00e4tte sich mehr politische Unterst\u00fctzung vom Kulturreferenten gew\u00fcnscht, die nach seiner Aussage ausblieb. Nicht das erste Mal, wie er betont. Wehmut sei das falsche Wort. Er vermisse das Schulkino und die Kinderfilmarbeit. Es schmerze ihn,<a href=\"https:\/\/www.augsburger-allgemeine.de\/augsburg\/kultur\/nach-thalia-insolvenz-so-reagiert-die-augsburger-kulturszene-15-12-2025-112968448\" target=\"_self\" class=\"underline \" rel=\"nofollow noopener\"> dass das Kaffeehaus als kultureller Treffpunkt<\/a> nicht gerettet werden konnte <a href=\"https:\/\/www.augsburger-allgemeine.de\/augsburg\/traditionslokal-augsburg-thalia-kaffeehaus-kuendigungswelle-mitarbeitende-insolvenz-114142949\" target=\"_self\" class=\"underline \" rel=\"nofollow noopener\">und alle Mitarbeiter ihren Job verloren haben.<\/a> Fischer ist nicht mehr so viel unterwegs, aber er ist nach wie vor gut vernetzt, h\u00e4lt mit vielen Menschen Kontakt \u00fcber das Telefon. Kino sei kein einfaches Gesch\u00e4ft mehr, erkl\u00e4rt er. Der Markt habe sich \u201enach Hause\u201c verschoben \u2013 Netflix und andere Streamingdienste machten den Lichtspielh\u00e4usern das Leben schwer. Er wollte ein Kino-Abo einf\u00fchren und auf seine treuen Kino-G\u00e4nger bauen. \u201eDamit h\u00e4tte man f\u00fcr 19,90 Euro so viele Filme im Monat anschauen k\u00f6nnen, wie man will\u201c, erkl\u00e4rt er das System, das in \u00e4hnlicher Form deutschlandweit an verschiedenen Standorten gibt. Dann wurde er krank.\n  <\/p>\n<p>    <img decoding=\"async\" src=\"https:\/\/www.europesays.com\/de\/wp-content\/uploads\/2026\/08\/wys3756.jpg\" alt=\"Das Kaffeehaus war f\u00fcr Fischer ein kultureller Treffpunkt. Es schmerzt ihn, dass es nicht erhalten werden konnte.\" title=\"Das Kaffeehaus war f\u00fcr Fischer ein kultureller Treffpunkt. Es schmerzt ihn, dass es nicht erhalten werden konnte.\" loading=\"lazy\" class=\"h-full w-full object-cover\"\/><\/p>\n<p>      Icon vergr\u00f6\u00dfern<\/p>\n<p>    Das Kaffeehaus war f\u00fcr Fischer ein kultureller Treffpunkt. Es schmerzt ihn, dass es nicht erhalten werden konnte.<br \/>\n    Foto: Silvio Wyszengrad<\/p>\n<p>        Schlie\u00dfen <\/p>\n<p>      Icon Schlie\u00dfen<\/p>\n<p>        Icon vergr\u00f6\u00dfern<\/p>\n<p>        Icon verkleinern<\/p>\n<p>      Icon Pfeil bewegen<\/p>\n<p>    Das Kaffeehaus war f\u00fcr Fischer ein kultureller Treffpunkt. Es schmerzt ihn, dass es nicht erhalten werden konnte.<br \/>\n    Foto: Silvio Wyszengrad<\/p>\n<p class=\"mb-6 text-xs-varying md:text-m lg:text-l font-serif group-[.font-sans]:font-sans \">\n    Heute ist sein Betrieb zerschlagen. <a href=\"https:\/\/www.augsburger-allgemeine.de\/augsburg\/nach-der-thalia-rettung-was-wird-aus-dem-freiluftkino-lechflimmern-in-augsburg-114048258\" target=\"_self\" class=\"underline \" rel=\"nofollow noopener\">Daniela Bergauer und Michael Hehl (Liliom) haben das Thalia<\/a> \u00fcbernommen und bieten auch Open-Air-Kino im Pl\u00e4rrerbad an. <a href=\"https:\/\/www.augsburger-allgemeine.de\/augsburg\/augsburger-familienbad-das-plant-die-neue-betreiberin-des-kiosks-114268698\" target=\"_self\" class=\"underline \" rel=\"nofollow noopener\">Melanie Rudolf<\/a> betreibt seit dieser Saison den Kiosk im Familienbad, das \u201eRisto Kaffeehaus im Thalia\u201c <a href=\"https:\/\/www.augsburger-allgemeine.de\/augsburg\/neue-betreiber-neue-karte-das-lokal-im-augsburger-thalia-kino-hat-wieder-geoeffnet-114631477\" target=\"_self\" class=\"underline \" rel=\"nofollow noopener\">von Roberto Ravalli und Sandro Buetta<\/a> sind im ehemaligen Kaffeehaus aktiv. Die Gastronomie im Kulturhaus Abraxas wird wie berichtet Tobias Emminger weiterf\u00fchren. Das Staatstheater Augsburg hat f\u00fcr das Mephisto einen f\u00fcnfj\u00e4hrigen Mietvertrag abgeschlossen. Dort sollen kleinere Produktionen und besondere Formate laufen. \u201eDiese Kooperation habe ich noch eingef\u00e4delt\u201c, sagt der 68-J\u00e4hrige.\n  <\/p>\n<p>            Der ehemalige Kino-Betreiber will jetzt seine Doktorarbeit angehen<\/p>\n<p class=\"mb-6 text-xs-varying md:text-m lg:text-l font-serif group-[.font-sans]:font-sans \">\n    F\u00fcr Fischer z\u00e4hlen nun andere Dinge, seinen Kalender bestimmen Termine bei \u00c4rzten und Physiotherapeuten. \u201eIch k\u00fcmmere mich jetzt um meine Gesundheit\u201c, sagt er und betont, dass er zufrieden sei. Er mache sich in anderen Bereichen Gedanken. An der St\u00e4dteplanung und Stadtpolitik war er von jeher interessiert. Vor \u00fcber 15 Jahren verfolgte er Pl\u00e4ne, ein Kino in den Augusta Arcaden zu er\u00f6ffnen. Die Fl\u00e4chen h\u00e4tten auch als Schauspielhaus f\u00fcr das Theater genutzt werden k\u00f6nnen. Doch es kam anders. Fischer geh\u00f6rte auch zu den Bef\u00fcrwortern des 2016 gescheiterten<a href=\"https:\/\/www.augsburger-allgemeine.de\/augsburg\/kommentar-antistimmung-gegen-die-theatersanierung-112796934\" target=\"_self\" class=\"underline \" rel=\"nofollow noopener\"> B\u00fcrgerbegehrens gegen die Theatersanierung:<\/a> \u201eEs l\u00e4uft jetzt noch schlimmer als gedacht.\u201c Fischer plant nun seine Doktorarbeit anzugehen. Thema: Was eine Stadt in der Gr\u00f6\u00dfenordnung von Augsburg machen kann, um aus eigener Kraft die Wohnungsnot zu beseitigen. Bereits in seiner Diplomarbeit habe er sich mit alternativen L\u00f6sungsm\u00f6glichkeiten f\u00fcr die Probleme der Wohnungsversorgung auseinandergesetzt. F\u00fcr ihn das dr\u00e4ngendste Problem dieser Zeit.<a href=\"https:\/\/www.augsburger-allgemeine.de\/augsburg\/augsburg-wohnungen-immobilien-wbg-wohnbaugruppe-miethoehe-warteliste-1-114854060\" target=\"_self\" class=\"underline \" rel=\"nofollow noopener\"> \u201e11.600 Haushalte stehen auf der Warteliste der Wohnbaugruppe.<\/a> Da muss die Stadt Augsburg doch mehr auf die Beine bringen, als bisher.\u201c\n  <\/p>\n","protected":false},"excerpt":{"rendered":"Franz Fischer ist gesundheitlich angeschlagen. Seit seinem Schlaganfall vergangenen Oktober ist er nicht mehr richtig auf die F\u00fc\u00dfe&hellip;\n","protected":false},"author":2,"featured_media":1268197,"comment_status":"","ping_status":"","sticky":false,"template":"","format":"standard","meta":{"footnotes":"","_share_on_mastodon":"0"},"categories":[1846],"tags":[680,772,162,3364,29,150845,548,663,3934,150844,6763,30,13,1551,1896,28985,14,15,12,3762,112175],"class_list":["post-1268196","post","type-post","status-publish","format-standard","has-post-thumbnail","category-augsburg","tag-augsburg","tag-bayern","tag-coronavirus","tag-de","tag-deutschland","tag-ellen-gratza","tag-eu","tag-europa","tag-europe","tag-franz-fischer","tag-gastronomie","tag-germany","tag-headlines","tag-insolvenz","tag-kinofilm","tag-long-covid","tag-nachrichten","tag-news","tag-schlagzeilen","tag-thalia","tag-uniklinik-augsburg"],"share_on_mastodon":{"url":"https:\/\/pubeurope.com\/@de\/117180344330423419","error":""},"_links":{"self":[{"href":"https:\/\/www.europesays.com\/de\/wp-json\/wp\/v2\/posts\/1268196","targetHints":{"allow":["GET"]}}],"collection":[{"href":"https:\/\/www.europesays.com\/de\/wp-json\/wp\/v2\/posts"}],"about":[{"href":"https:\/\/www.europesays.com\/de\/wp-json\/wp\/v2\/types\/post"}],"author":[{"embeddable":true,"href":"https:\/\/www.europesays.com\/de\/wp-json\/wp\/v2\/users\/2"}],"replies":[{"embeddable":true,"href":"https:\/\/www.europesays.com\/de\/wp-json\/wp\/v2\/comments?post=1268196"}],"version-history":[{"count":0,"href":"https:\/\/www.europesays.com\/de\/wp-json\/wp\/v2\/posts\/1268196\/revisions"}],"wp:featuredmedia":[{"embeddable":true,"href":"https:\/\/www.europesays.com\/de\/wp-json\/wp\/v2\/media\/1268197"}],"wp:attachment":[{"href":"https:\/\/www.europesays.com\/de\/wp-json\/wp\/v2\/media?parent=1268196"}],"wp:term":[{"taxonomy":"category","embeddable":true,"href":"https:\/\/www.europesays.com\/de\/wp-json\/wp\/v2\/categories?post=1268196"},{"taxonomy":"post_tag","embeddable":true,"href":"https:\/\/www.europesays.com\/de\/wp-json\/wp\/v2\/tags?post=1268196"}],"curies":[{"name":"wp","href":"https:\/\/api.w.org\/{rel}","templated":true}]}}