{"id":1268255,"date":"2026-08-29T19:41:31","date_gmt":"2026-08-29T19:41:31","guid":{"rendered":"https:\/\/www.europesays.com\/de\/1268255\/"},"modified":"2026-08-29T19:41:31","modified_gmt":"2026-08-29T19:41:31","slug":"mit-rueckenwind-und-respekt-dynamo-dresden-fordert-wankenden-1-fc-heidenheim","status":"publish","type":"post","link":"https:\/\/www.europesays.com\/de\/1268255\/","title":{"rendered":"Mit R\u00fcckenwind und Respekt: Dynamo Dresden fordert wankenden 1. FC Heidenheim"},"content":{"rendered":"<p>        <img decoding=\"async\" src=\"https:\/\/www.europesays.com\/de\/wp-content\/uploads\/2026\/08\/thomas-stamm-300.webp\" alt=\"Westfalia Rhynern - Dynamo Dresden am 23.08.2026 im LVM-Preu\u00dfenstadion in M\u00fcnster Trainer Thomas Stamm (Dresden) unzufrieden, entt\u00e4uscht, enttaeuscht, niedergeschlagen.\" title=\"Westfalia Rhynern - Dynamo Dresden am 23.08.2026 im LVM-Preu\u00dfenstadion in M\u00fcnster Trainer Thomas Stamm (Dresden) unzufrieden, entt\u00e4uscht, enttaeuscht, niedergeschlagen. |  IMAGO \/ osnapix\" class=\"responsive\"\/><\/p>\n<p>AUDIO: Fu\u00dfball: Dynamo wird Heidenheim nach dem Pokal nicht untersch\u00e4tzen (1 Min)<\/p>\n<p class=\"topline\">Fu\u00dfball | 2. Bundesliga<\/p>\n<p>\n                Stand: 29.08.2026 09:00 Uhr<\/p>\n<p class=\"preface\">Gleichstand auf dem Papier, ungleiche Stimmung im Kopf: Dynamo Dresden gastiert am Samstag beim angeschlagenen 1. FC Heidenheim. Trainer Thomas Stamm warnt nicht nur vor der Widerstandsf\u00e4higkeit der Schwaben.<\/p>\n<p class=\"\">Drei Punkte und eine Tordifferenz von minus zwei &#8211; Dynamo Dresden und der 1. FC Heidenheim haben nach zwei Spieltagen die gleiche Ausbeute auf dem Konto. Das Momentum liegt vor dem direkten Duell am Samstag (13 Uhr im Audio-Livestream und Ticker) aber bei den G\u00e4sten aus Sachsen.<\/p>\n<p class=\"\">Da w\u00e4re zum einen der R\u00fcckenwind aus dem <a href=\"https:\/\/www.mdr.de\/sport\/fussball_2bl\/2-bundesliga-sg-dynamo-dresden-sv-darmstadt-,spielbericht-sgd-svd-100.html\" title=\"Dynamo ringt Darmstadt nieder und feiert ersten Saisonsieg\" rel=\"nofollow noopener\" target=\"_blank\">ersten Saisonsieg<\/a> sowie dem lockeren <a href=\"https:\/\/www.mdr.de\/sport\/fussball_pokal\/dfb-pokal\/dfb-pokal-sv-westfalia-rhynern-sg-dynamo-dresden-,spielbericht-svwr-sgd-100.html\" title=\"Dynamo Dresden spielfreudig und treffsicher bei Westfalia Rhynern\" rel=\"nofollow noopener\" target=\"_blank\">Einzug in die zweite Runde des DFB-Pokals<\/a>. Zum anderen ist die Situation beim Gegner angespannt. Nach dem 1:4 bei Hertha BSC in der Liga blamierte sich der Bundesliga-Absteiger &#8211; anders als Dynamo &#8211; am vergangenen Wochenende im Pokal bis auf die Knochen und verlor <a href=\"https:\/\/www.ndr.de\/sport\/fussball\/52-gegen-heidenheim-dorfverein-ssv-jeddeloh-ii-feiert-pokal-coup,pokal-260.html\" title=\"DFB-Pokal: 5:2 gegen Heidenheim - Dorfverein SSV Jeddeloh II feiert Pokal-Coup\" rel=\"nofollow noopener\" target=\"_blank\">2:5 gegen Viertligist SSV Jeddeloh II<\/a>.<\/p>\n<p>    Stamm: Heidenheim &#8222;hat immer eine gute Antwort parat&#8220;<\/p>\n<p class=\"\">Das Bild vom angeknockten Boxer wollte Dresdens Trainer Thomas Stamm im Vorfeld aber weniger bem\u00fchen: &#8222;Heidenheim hat in den letzten Jahren immer wieder gezeigt, dass sie sehr widerstandsf\u00e4hig sind, gerade wenn es eng wurde. Sie sind ein sehr geschlossenes Team und hatten immer eine gute Antwort parat.&#8220; Sein Team brauche entsprechend &#8222;ein sehr gutes Spiel, um zu punkten.&#8220;<\/p>\n<p>                    <a href=\"https:\/\/www.europesays.com\/de\/wp-content\/uploads\/2026\/08\/thomas-stamm-298.webp\" class=\"zoomimage\" title=\"Bild vergr\u00f6\u00dfern\"><\/p>\n<p>        <img decoding=\"async\" src=\"https:\/\/www.europesays.com\/de\/wp-content\/uploads\/2026\/08\/thomas-stamm-298.webp\" alt=\" DFB-Pokal, SV Westfalia Rhynern - Dynamo Dresden, LVM-Preu\u00dfenstadion, 1.Runde, Saison 2026 2027: Thomas Stamm (Dynamo Dresden Trainer) klatscht mit Jakob Lemmer (Dynamo Dresden 10) ab nach Abpfiff\" title=\"Dynamo-Trainer Thomas Stamm (Mitte) nach dem Pokalspiel in M\u00fcnster. |  IMAGO \/ Maximilian Koch\" class=\"responsive\" loading=\"lazy\"\/><\/p>\n<p>                    <\/a><\/p>\n<p>                    Dynamo-Trainer Thomas Stamm (Mitte) nach dem Pokalspiel in M\u00fcnster.<\/p>\n<p class=\"\">Dass die Baden-W\u00fcrttemberger vor allem defensiv noch nicht auf der H\u00f6he sind, wird aber auch Stamm nicht entgangen sein. In bislang drei Pflichtspielen kassierte das Team von Frank Schmidt bereits zw\u00f6lf Gegentreffer. Dynamo zeigte sich zwar im Pokal beim 6:0 gegen Au\u00dfenseiter Westfalia Ryhnern in Torlaune, in den beiden Ligaspielen haben die Schwarz-Gelben angesichts von nur einem eigenen Treffer offensiv aber ebenfalls noch keine B\u00e4ume ausgerissen.<\/p>\n<p>\n            <strong>Video:<\/strong><br \/>\n            Fr\u00fche F\u00fchrung reicht Dresden gegen Darmstadt (5 Min)\n        <\/p>\n<p>    Abl\u00e4ufe bei Dynamo spielen sich ein<\/p>\n<p class=\"\">Doch vor allem der Auftritt am zweiten Spieltag gegen Darmstadt macht Stamm Mut f\u00fcr die anstehende Aufgabe. Vor allem im Spiel mit dem Ball w\u00fcrden die Abl\u00e4ufe schon &#8222;besser greifen&#8220;, f\u00fchrte der 43 Jahre alte Schweizer aus. &#8222;Wir stehen deutlich kompakter und haben eine andere Intensit\u00e4t. Auch bei Standards sind wir besser geworden.&#8220; Kurzum: &#8222;Wir k\u00f6nnen gegen jeden Gegner Punkte sammeln.&#8220;<\/p>\n<p class=\"\">Angreifer Christoph Daferner (Zeckenbiss) f\u00e4llt wie Lars B\u00fcnning und Kenneth Schmidt (beide Reha) aus. Till Neininger befindet sich noch im Aufbautraining, Ersatzkeeper Lennart Grill ist bei der U21 in der Oberliga im Einsatz. Heidenheim muss dagegen die kurzfristigen Abg\u00e4nge der Stammkr\u00e4fte Marvin Pieringer und Adrian Beck kompensieren, die beide auf eigenen Wunsch den Verein verlie\u00dfen.<\/p>\n<p>                    <a href=\"https:\/\/www.europesays.com\/de\/wp-content\/uploads\/2026\/08\/thomas-stamm-294.webp\" class=\"zoomimage\" title=\"Bild vergr\u00f6\u00dfern\"><\/p>\n<p>        <img decoding=\"async\" src=\"https:\/\/www.europesays.com\/de\/wp-content\/uploads\/2026\/08\/thomas-stamm-294.webp\" alt=\" 1. FC N\u00fcrnberg - SG Dynamo Dresden Deutschland, N\u00fcrnberg, 09.08.26, Fussball, 2. Bundesliga, 1. FC N\u00fcrnberg - SG Dynamo Dresden: Thomas Stamm (Trainer SG Dynamo Dresden). \" title=\"F\u00fcr Dynamo Dresden und Trainer Thomas Stamm soll gegen Heidenheim der zweite Saisonsieg in der 2. Bundesliga her.  |  IMAGO \/ Sportfoto Rudel\" class=\"responsive\" loading=\"lazy\"\/><\/p>\n<p>                    <\/a><\/p>\n<p>                    F\u00fcr Dynamo Dresden und Trainer Thomas Stamm soll gegen Heidenheim der zweite Saisonsieg in der 2. Bundesliga her. <\/p>\n<p>    Heidenheim und Schmidt &#8211; eine Erfolgsgeschichte<\/p>\n<p class=\"\">Die Spielweise des FCH wird sich deshalb aber &#8222;nicht grundlegend \u00e4ndern&#8220;, ist sich Stamm sicher. &#8222;Sie verteidigen sehr mannorientiert und eklig&#8220;, warnte Dresdens \u00dcbungsleiter. Gleichzeitig wies er auf das &#8222;wuchtige und zielstrebige Umschaltspiel&#8220; des Gegners hin. Gerade bei eigenen Ballverlusten m\u00fcsse man &#8222;sehr aufmerksam sein.&#8220;<\/p>\n<p class=\"\">Und dann w\u00e4re da noch Trainer Schmidt auf Heidenheimer Seite, der schon deutlich kniffligere Situationen gemeistert hat als die jetzige Mini-Krise. Der 52-J\u00e4hrige geht in seine 20. und mutma\u00dflich letzte Saison als Chefcoach der Heidenheimer Profimannschaft und ist damit l\u00e4ngst der dienst\u00e4lteste Trainer im deutschen Profifu\u00dfball. &#8222;Was dort in den letzten Jahren geleistet wurde, ist kaum zu beschreiben&#8220;, lobte Stamm. &#8222;H\u00f6chster Respekt. Solche Geschichten tun dem Fu\u00dfball gut.&#8220;<\/p>\n<p class=\"\">jsc<\/p>\n<p>        <img decoding=\"async\" src=\"https:\/\/www.europesays.com\/de\/wp-content\/uploads\/2026\/07\/dynamo-dresden-logo-mdr-100.webp\" alt=\"Logo Dynamo Dresden\" title=\"Logo Dynamo Dresden | Verein\" class=\"responsive\" loading=\"lazy\"\/><\/p>\n<p>        <img decoding=\"async\" src=\"https:\/\/www.europesays.com\/de\/wp-content\/uploads\/2026\/08\/1787969123_972_google-handy-100.webp\" alt=\"Ein Handy liegt auf einer Laptoptastatur. Das Display zeigt das Google Logo\" title=\"Ein Handy liegt auf einer Laptoptastatur. Das Display zeigt das Google Logo |  IMAGO \/ SOPA Images\" class=\"responsive\" loading=\"lazy\"\/><\/p>\n<p>Nachrichten personalisieren<\/p>\n<p>Die Nachrichtenlage ist un\u00fcbersichtlich und Sie wollen aktuelle Informationen aus Ihrer Region, die f\u00fcr Sie relevant sind? Dann legen Sie MDR.de als bevorzugte Quelle in der Google-Suche fest. So funktioniert&#8217;s.<\/p>\n","protected":false},"excerpt":{"rendered":"AUDIO: Fu\u00dfball: Dynamo wird Heidenheim nach dem Pokal nicht untersch\u00e4tzen (1 Min) Fu\u00dfball | 2. Bundesliga Stand: 29.08.2026&hellip;\n","protected":false},"author":2,"featured_media":1268256,"comment_status":"","ping_status":"","sticky":false,"template":"","format":"standard","meta":{"footnotes":"","_share_on_mastodon":"0"},"categories":[1835],"tags":[17188,621,3364,29,2386,830,347,30,15426,27042,859,11759,5405,3499,8720,94713],"class_list":["post-1268255","post","type-post","status-publish","format-standard","has-post-thumbnail","category-dresden","tag-1-fc-heidenheim","tag-2-bundesliga","tag-de","tag-deutschland","tag-dresden","tag-frank-schmidt","tag-fussball","tag-germany","tag-mdr-sport-im-osten","tag-niklas-hauptmann","tag-sachsen","tag-sg-dynamo-dresden","tag-sgd","tag-spio","tag-thomas-stamm","tag-vincent-vermeij"],"share_on_mastodon":{"url":"https:\/\/pubeurope.com\/@de\/117180507451087431","error":""},"_links":{"self":[{"href":"https:\/\/www.europesays.com\/de\/wp-json\/wp\/v2\/posts\/1268255","targetHints":{"allow":["GET"]}}],"collection":[{"href":"https:\/\/www.europesays.com\/de\/wp-json\/wp\/v2\/posts"}],"about":[{"href":"https:\/\/www.europesays.com\/de\/wp-json\/wp\/v2\/types\/post"}],"author":[{"embeddable":true,"href":"https:\/\/www.europesays.com\/de\/wp-json\/wp\/v2\/users\/2"}],"replies":[{"embeddable":true,"href":"https:\/\/www.europesays.com\/de\/wp-json\/wp\/v2\/comments?post=1268255"}],"version-history":[{"count":0,"href":"https:\/\/www.europesays.com\/de\/wp-json\/wp\/v2\/posts\/1268255\/revisions"}],"wp:featuredmedia":[{"embeddable":true,"href":"https:\/\/www.europesays.com\/de\/wp-json\/wp\/v2\/media\/1268256"}],"wp:attachment":[{"href":"https:\/\/www.europesays.com\/de\/wp-json\/wp\/v2\/media?parent=1268255"}],"wp:term":[{"taxonomy":"category","embeddable":true,"href":"https:\/\/www.europesays.com\/de\/wp-json\/wp\/v2\/categories?post=1268255"},{"taxonomy":"post_tag","embeddable":true,"href":"https:\/\/www.europesays.com\/de\/wp-json\/wp\/v2\/tags?post=1268255"}],"curies":[{"name":"wp","href":"https:\/\/api.w.org\/{rel}","templated":true}]}}