{"id":1268269,"date":"2026-08-29T19:51:19","date_gmt":"2026-08-29T19:51:19","guid":{"rendered":"https:\/\/www.europesays.com\/de\/1268269\/"},"modified":"2026-08-29T19:51:19","modified_gmt":"2026-08-29T19:51:19","slug":"und-dann-trifft-auch-noch-rocco-reitz-borussia-moenchengladbach-verfaellt-beim-03-in-leipzig-in-alte-muster","status":"publish","type":"post","link":"https:\/\/www.europesays.com\/de\/1268269\/","title":{"rendered":"Und dann trifft auch noch Rocco Reitz: Borussia M\u00f6nchengladbach verf\u00e4llt beim 0:3 in Leipzig in alte Muster"},"content":{"rendered":"<p class=\"tspCJpg tspCJph\">Die neue Arena im alten Leipziger Zentralstadion ist ein Ort, der offenbar dazu geeignet ist, aus Moritz Nicolas das Beste herauszuholen. Schon beim Gastspiel im April dieses Jahres hat der Torh\u00fcter von <a href=\"https:\/\/www.tagesspiegel.de\/sport\/themen\/borussia-monchengladbach?icid=in-text-link_15996838\" class=\"link link--internal\" data-gtm-class=\"article-text-link\" data-gtm-val=\"internal\" rel=\"nofollow noopener\" target=\"_blank\">Borussia M\u00f6nchengladbach<\/a> einige spektakul\u00e4re Paraden gezeigt. Am Samstagnachmittag nun vermochte er seine damalige Performance sogar noch zu \u00fcberbieten.<\/p>\n<p class=\"tspCJpg\">Im Spiel zwischen <a href=\"https:\/\/www.tagesspiegel.de\/sport\/themen\/rb-leipzig?icid=in-text-link_15996838\" class=\"link link--internal\" data-gtm-class=\"article-text-link\" data-gtm-val=\"internal\" rel=\"nofollow noopener\" target=\"_blank\">Rasenballsport Leipzig<\/a> und den G\u00e4sten aus Gladbach lief die 60. Minute, als Antonio Nusa im Anschluss an eine Ecke aus dem R\u00fcckraum frei zum Schuss kam. Der Norweger hatte kurz zuvor das 2:0 f\u00fcr sein Team erzielt und nun die endg\u00fcltige Entscheidung auf dem Fu\u00df.<\/p>\n<p class=\"tspCJpg\">Aber Nicolas konnte Nusas Schuss gerade noch abwehren, genauso wie den Rebound von Willi Orban aus kurzer Distanz. Und als Ezechiel Banzuzi den Ball im dritten Versuch scheinbar nur noch \u00fcber die Linie stupsen musste, war Gladbachs Torh\u00fcter mit seinem Fu\u00df ein drittes Mal zur Stelle.<\/p>\n<p class=\"tspCJpg\">Anders als f\u00fcr Nicolas ist die neue Arena im alten Leipziger Zentralstadion f\u00fcr seine Mannschaft eher kein Ort, der das Beste aus ihr herauszuholen vermag. Am Samstag traten die Gladbacher zum elften Mal dort an, und auch im elften Versuch gelang ihnen kein Sieg. Sie verloren 0:3 (0:1) und kassierten damit ihre nunmehr siebte Niederlage.<\/p>\n<blockquote class=\"tspCMpp\">\n<p>Warum sollen wir nach einem Spieltag Sorgen haben?<\/p>\n<\/blockquote>\n<p class=\"tspCMpq\">Borussias Sportchef<strong> Rouven Schr\u00f6der<\/strong><\/p>\n<p class=\"tspCJpg\">Vor dem Start der neuen Saison in der Fu\u00dfball-Bundesliga galten die Borussen vielen als eine Art Wundert\u00fcte. F\u00fcr die einen war klar, dass die Gladbacher auch in dieser Spielzeit wieder gegen den Abstieg w\u00fcrden k\u00e4mpfen m\u00fcssen; andere wiederum, wie der Sky-Experte Dietmar Hammann, trauen der Mannschaft von <a href=\"https:\/\/www.tagesspiegel.de\/sport\/mehr-als-nur-borussia-dna-eugen-polanski-darf-sich-in-gladbach-als-cheftrainer-empfehlen-14348219.html?icid=in-text-link_15996838\" class=\"link link--internal\" data-gtm-class=\"article-text-link\" data-gtm-val=\"internal\" rel=\"nofollow noopener\" target=\"_blank\">Trainer Eugen Polanski<\/a> durchaus \u00dcberraschendes zu. \u201eIch habe das Gef\u00fchl, dass man sich jetzt nach dem \u00dcbergangsjahr irgendwo auch gefunden hat\u201c, hat Hammann gesagt.<\/p>\n<p class=\"tspCJpg\">Der Saisonauftakt in Leipzig hat nun erste Aufschl\u00fcsse \u00fcber den tats\u00e4chlichen Leistungsstand der Gladbacher geliefert. Es gibt Anzeichen, dass beide Seiten recht haben.<\/p>\n<p class=\"tspCJpg\">Die ersten 25 Minuten waren vermutlich die angenehmsten, die eine Gladbacher Mannschaft je in Leipzig erlebt hat. Das Heimteam des neuen Trainers Martin Demichelis lie\u00df die G\u00e4ste weitgehend unbehelligt ihr Spiel aufziehen. So viel Ballbesitz haben sie gegen Rasenballsport vermutlich noch nie gehabt. Und wenn eine Mannschaft aggressiv anlief und den Gegner presste, dann war es die der Borussia.<\/p>\n<p class=\"tspCJpg\">\u201eWir haben viel von dem gesehen, was wir sehen wollten\u201c, sagte Polanski, <a href=\"https:\/\/www.tagesspiegel.de\/sport\/borussia-monchengladbach-unter-trainer-polanski-der-reiz-des-neuen-ist-langst-verflogen-15512993.html?icid=in-text-link_15996838\" class=\"link link--internal\" data-gtm-class=\"article-text-link\" data-gtm-val=\"internal\" rel=\"nofollow noopener\" target=\"_blank\">dessen Weiterbesch\u00e4ftigung nach seiner ersten Saison als Cheftrainer im Fr\u00fchjahr auf der Kippe gestanden hatte<\/a> und der dann doch eine neue Chance bekam \u2013 mit der klaren Vorgabe, dass seine Mannschaft sich anders pr\u00e4sentieren m\u00fcsse als im bleiernen Abstiegskampf der Vorsaison.<\/p>\n<p> Die Gladbacher verfielen in alte Muster <\/p>\n<p class=\"tspCJpg\">Ziemlich genau 25 Minuten gelang ihr das, recht eindrucksvoll sogar, wenn auch ohne den letzten Punch im Abschluss. Dann aber tat Borussia die \u00fcblichen Borussia-Dinge. Tief im Mittelfeld lie\u00df sie Brajan Gruda nahezu unbedr\u00e4ngt gew\u00e4hren, und als sie sich der drohenden Gefahr bewusst wurde, war es eigentlich schon zu sp\u00e4t.<\/p>\n<p class=\"tspCJpg\">\u201eDer dreht auf und l\u00e4uft an drei Leuten vorbei\u201c, sagte <a href=\"https:\/\/www.tagesspiegel.de\/sport\/voll-im-trend-tim-kleindienst-darf-in-der-deutschen-nationalmannschaft-vorspielen-12493394.html?icid=in-text-link_15996838\" class=\"link link--internal\" data-gtm-class=\"article-text-link\" data-gtm-val=\"internal\" rel=\"nofollow noopener\" target=\"_blank\">Borussias Kapit\u00e4n Tim Kleindienst<\/a>. \u201eDas ist dann halt ein bisschen bl\u00f6d, weil du wei\u00dft, dass dir am Ende irgendwo zwei fehlen.\u201c So lief Ridle Baku schlie\u00dflich allein auf Moritz Nicolas zu und traf zum 1:0.<\/p>\n<p class=\"tspCJpg\">Obwohl noch gen\u00fcgend Zeit blieb, sollten sich die Gladbacher von diesem Treffer nie mehr erholen. Der vermeintliche Aufschwung entpuppte sich f\u00fcrs Erste als Trug. Beim ersten Widerstand verfiel die Mannschaft in genau jene Muster, die auch in der Vorsaison so oft zum Verh\u00e4ngnis geworden waren. Auch da fehlte es ihr immer wieder an Wettkampfh\u00e4rte und Konstanz. Ein Anlass zur Sorge? \u201eWarum sollen wir nach einem Spieltag Sorgen haben?\u201c, fragte Borussias Sportchef Rouven Schr\u00f6der zur\u00fcck.<\/p>\n<p class=\"tspCJpg\">Bis zur Pause hatten die Leipziger vier weitere gute Chancen. Nach der Pause ging es in diesem Rhythmus weiter, und allein dem formidablen Nicolas verdankten es die Gladbacher, dass die finale Entscheidung bis Mitte der zweiten H\u00e4lfte aufgeschoben wurde.<\/p>\n<p><img decoding=\"async\" src=\"https:\/\/www.europesays.com\/de\/wp-content\/uploads\/2026\/08\/fu-ball-bundesliga-saison-2026-2027-1-spieltag-rb-leipzig-vs-vfl-1900-borussia-monchengladbach-29-08.jpeg\"   alt=\"Fu\u00dfball Bundesliga, Saison 2026\/2027, 1. Spieltag, RB Leipzig vs. VfL 1900 Borussia M\u00f6nchengladbach 29.08.2026 Tor RB Leipzig durch Rocco Reitz Zentrales Mittelfeld RB Leipzig, R\u00fcckennummer 20 Mitte beim Bundesliga-Spiel Leipzig gegen M\u00f6nchengladbach 29.08.2026. Torsch\u00fctze Reitz erzielt das 3:0 und dreht ab. Reitz trifft gegen seinen Ex-Klub und verzichtet aufs Jubeln. Leipzig Sachsen Deutschland Red-Bull Arena *** German Bundesliga, 20262027 Season, Matchday 1, RB Leipzig vs. VfL 1900 Borussia M\u00f6nchengladbach, August 29, 2026. Goal for RB Leipzig by Rocco Reitz, central midfielder for RB Leipzig, No. 20, central midfielder for RB Leipzig, during the Bundesliga match between Leipzig and M\u00f6nchengladbach on August 29, 2026. Goal scorer Reitz scores the 30 and turns away. Reitz scores against his former club and refrains from celebrating. Leipzig, Saxony, Germany, Red Bull Arena\" aria-labelledby=\"caption-15996842\" width=\"440\" height=\"330\" loading=\"lazy\" class=\"tspA0ja\"\/> Bitte nicht jubeln. Rocco Reitz traf in seinem ersten Bundesligaspiel f\u00fcr Leipzig zum 3:0-Endstand gegen seinen Ex-Klub Borussia M\u00f6nchengladbach. <\/p>\n<p class=\"tspABgd\"> \u00a9 imago\/opokupix\/IMAGO\/opokupix <\/p>\n<p class=\"tspCJpg\">Dann aber war Philipp Sander, Borussias Sechser, gedanklich zu langsam und vert\u00e4ndelte den Ball an den gerade eingewechselten Leipziger Neuzugang Christopher Nkunku. Der verlorene Sohn, ausgeliehen aus Mailand, bediente einen weiteren Neuzugang, der den Angriff schlie\u00dflich erfolgreich beendete.<\/p>\n<p>Mehr Texte zur Fu\u00dfball-Bundesliga<a href=\"https:\/\/www.tagesspiegel.de\/sport\/er-hat-sehr-gut-zu-red-bull-gepasst-was-bleibt-von-jurgen-klopp-bei-rb-leipzig-15987948.html?icid=topic-list_15996838___\" data-gtm-class=\"article-mzt-link\" data-hydrate-fingerprint=\"09740a54944caac75fd2c0c63fd5c5df\" data-hydrate-props=\"{&amp;escapedquot;element&amp;escapedquot;:{&amp;escapedquot;type&amp;escapedquot;:&amp;escapedquot;relatedContent&amp;escapedquot;,&amp;escapedquot;fieldMap&amp;escapedquot;:{},&amp;escapedquot;relation&amp;escapedquot;:{&amp;escapedquot;fields&amp;escapedquot;:{&amp;escapedquot;isPaid&amp;escapedquot;:null},&amp;escapedquot;href&amp;escapedquot;:&amp;escapedquot;\/sport\/er-hat-sehr-gut-zu-red-bull-gepasst-was-bleibt-von-jurgen-klopp-bei-rb-leipzig-15987948.html&amp;escapedquot;,&amp;escapedquot;teaserTitle&amp;escapedquot;:{&amp;escapedquot;kicker&amp;escapedquot;:&amp;escapedquot;\u201eEr hat sehr gut zu Red Bull gepasst\u201c&amp;escapedquot;,&amp;escapedquot;headline&amp;escapedquot;:&amp;escapedquot;Was bleibt von J\u00fcrgen Klopp bei RB Leipzig?&amp;escapedquot;},&amp;escapedquot;id&amp;escapedquot;:&amp;escapedquot;15987948&amp;escapedquot;,&amp;escapedquot;type&amp;escapedquot;:&amp;escapedquot;story&amp;escapedquot;},&amp;escapedquot;isPartOfList&amp;escapedquot;:true,&amp;escapedquot;topicListType&amp;escapedquot;:&amp;escapedquot;topic-list&amp;escapedquot;},&amp;escapedquot;showArrow&amp;escapedquot;:true}\" data-hydrate-slots=\"{&#039;default&#039;:[]}\" class=\"tspCPp3 tspDEsb\" rel=\"nofollow noopener\" target=\"_blank\">\u201eEr hat sehr gut zu Red Bull gepasst\u201c Was bleibt von J\u00fcrgen Klopp bei RB Leipzig? <\/a><a href=\"https:\/\/www.tagesspiegel.de\/sport\/pro-und-contra-zum-videobeweis-ist-das-hilfreich-oder-soll-das-wieder-weg-15980925.html?icid=topic-list_15996838___\" data-gtm-class=\"article-mzt-link\" data-hydrate-fingerprint=\"09740a54944caac75fd2c0c63fd5c5df\" data-hydrate-props=\"{&amp;escapedquot;element&amp;escapedquot;:{&amp;escapedquot;type&amp;escapedquot;:&amp;escapedquot;relatedContent&amp;escapedquot;,&amp;escapedquot;fieldMap&amp;escapedquot;:{},&amp;escapedquot;relation&amp;escapedquot;:{&amp;escapedquot;fields&amp;escapedquot;:{&amp;escapedquot;isPaid&amp;escapedquot;:null},&amp;escapedquot;href&amp;escapedquot;:&amp;escapedquot;\/sport\/pro-und-contra-zum-videobeweis-ist-das-hilfreich-oder-soll-das-wieder-weg-15980925.html&amp;escapedquot;,&amp;escapedquot;teaserTitle&amp;escapedquot;:{&amp;escapedquot;kicker&amp;escapedquot;:&amp;escapedquot;Pro und Contra zum Videobeweis&amp;escapedquot;,&amp;escapedquot;headline&amp;escapedquot;:&amp;escapedquot;Der Fu\u00dfball hat mit dem VAR ein Monster geschaffen&amp;escapedquot;},&amp;escapedquot;id&amp;escapedquot;:&amp;escapedquot;15980925&amp;escapedquot;,&amp;escapedquot;type&amp;escapedquot;:&amp;escapedquot;story&amp;escapedquot;},&amp;escapedquot;isPartOfList&amp;escapedquot;:true,&amp;escapedquot;topicListType&amp;escapedquot;:&amp;escapedquot;topic-list&amp;escapedquot;},&amp;escapedquot;showArrow&amp;escapedquot;:true}\" data-hydrate-slots=\"{&#039;default&#039;:[]}\" class=\"tspCPp3 tspDEsb\" rel=\"nofollow noopener\" target=\"_blank\">Pro und Contra zum Videobeweis Der Fu\u00dfball hat mit dem VAR ein Monster geschaffen <\/a><a href=\"https:\/\/www.tagesspiegel.de\/sport\/tranen-trimmel-transfers-funf-steile-thesen-zur-neuen-saison-des-1-fc-union-berlin-15991813.html?icid=topic-list_15996838___\" data-gtm-class=\"article-mzt-link\" data-hydrate-fingerprint=\"09740a54944caac75fd2c0c63fd5c5df\" data-hydrate-props=\"{&amp;escapedquot;element&amp;escapedquot;:{&amp;escapedquot;type&amp;escapedquot;:&amp;escapedquot;relatedContent&amp;escapedquot;,&amp;escapedquot;fieldMap&amp;escapedquot;:{},&amp;escapedquot;relation&amp;escapedquot;:{&amp;escapedquot;fields&amp;escapedquot;:{&amp;escapedquot;isPaid&amp;escapedquot;:null},&amp;escapedquot;href&amp;escapedquot;:&amp;escapedquot;\/sport\/tranen-trimmel-transfers-funf-steile-thesen-zur-neuen-saison-des-1-fc-union-berlin-15991813.html&amp;escapedquot;,&amp;escapedquot;teaserTitle&amp;escapedquot;:{&amp;escapedquot;kicker&amp;escapedquot;:&amp;escapedquot;Tr\u00e4nen, Trimmel, Transfers&amp;escapedquot;,&amp;escapedquot;headline&amp;escapedquot;:&amp;escapedquot;F\u00fcnf steile Thesen zur neuen Saison des 1. FC Union Berlin&amp;escapedquot;},&amp;escapedquot;id&amp;escapedquot;:&amp;escapedquot;15991813&amp;escapedquot;,&amp;escapedquot;type&amp;escapedquot;:&amp;escapedquot;story&amp;escapedquot;},&amp;escapedquot;isPartOfList&amp;escapedquot;:true,&amp;escapedquot;topicListType&amp;escapedquot;:&amp;escapedquot;topic-list&amp;escapedquot;},&amp;escapedquot;showArrow&amp;escapedquot;:true}\" data-hydrate-slots=\"{&#039;default&#039;:[]}\" class=\"tspCPp3 tspDEsb\" rel=\"nofollow noopener\" target=\"_blank\">Tr\u00e4nen, Trimmel, Transfers F\u00fcnf steile Thesen zur neuen Saison des 1. FC Union Berlin <\/a><\/p>\n<p class=\"tspCJpg\">Eine sch\u00f6ne, fast schon kitschige Geschichte f\u00fcr die Leipziger. Eine bittere hingegen f\u00fcr die Gladbacher. <a href=\"https:\/\/www.tagesspiegel.de\/sport\/plotzlich-em-kandidat-die-unmogliche-karriere-des-rocco-reitz-11769221.html?icid=in-text-link_15996838\" class=\"link link--internal\" data-gtm-class=\"article-text-link\" data-gtm-val=\"internal\" rel=\"nofollow noopener\" target=\"_blank\">Rocco Reitz<\/a> war es, der Nicolas zum 3:0 \u00fcberwand. Am Tag seiner Geburt vor 24 Jahren ist er Mitglied der Borussia geworden. Ab der F-Jugend hat Reitz f\u00fcr den Klub gespielt, ehe er vor dieser Saison f\u00fcr 20 Millionen Euro nach Leipzig gewechselt ist. Seine stattliche Abl\u00f6se hat ma\u00dfgeblich dazu beigetragen, dass die Gladbacher ihren Kader in diesem Sommer schon fr\u00fch umbauen konnten.<\/p>\n<p class=\"tspCJpg\">Aber das konnte Borussias Anhang ebenso wenig gn\u00e4dig stimmen wie Reitz\u2018 verhaltener Torjubel. Die Fans pfiffen Leipzigs Mittelfeldspieler bei jedem Ballkontakt nieder und beschimpften ihn auf das Unfl\u00e4tigste. \u201eIch habe versucht, mir so wenig, wie es geht, einen Kopf zu machen, sondern einfach Gas zu geben und alles f\u00fcr die Mannschaft zu machen\u201c, sagte Rocco Reitz \u00fcber das besondere Wiedersehen gleich zum Saisonauftakt. \u201eAm Ende ist es ja gut ausgegangen.\u201c F\u00fcr ihn zumindest. F\u00fcr die Borussia, seine alte Liebe, hingegen nicht.<\/p>\n","protected":false},"excerpt":{"rendered":"Die neue Arena im alten Leipziger Zentralstadion ist ein Ort, der offenbar dazu geeignet ist, aus Moritz Nicolas&hellip;\n","protected":false},"author":2,"featured_media":1268270,"comment_status":"","ping_status":"","sticky":false,"template":"","format":"standard","meta":{"footnotes":"","_share_on_mastodon":"0"},"categories":[1832],"tags":[815,299,3364,29,30,1635,71,859,500],"class_list":["post-1268269","post","type-post","status-publish","format-standard","has-post-thumbnail","category-leipzig","tag-borussia-moenchengladbach","tag-bundesliga","tag-de","tag-deutschland","tag-germany","tag-jugend","tag-leipzig","tag-sachsen","tag-viktor-orban"],"share_on_mastodon":{"url":"https:\/\/pubeurope.com\/@de\/117180544694754729","error":""},"_links":{"self":[{"href":"https:\/\/www.europesays.com\/de\/wp-json\/wp\/v2\/posts\/1268269","targetHints":{"allow":["GET"]}}],"collection":[{"href":"https:\/\/www.europesays.com\/de\/wp-json\/wp\/v2\/posts"}],"about":[{"href":"https:\/\/www.europesays.com\/de\/wp-json\/wp\/v2\/types\/post"}],"author":[{"embeddable":true,"href":"https:\/\/www.europesays.com\/de\/wp-json\/wp\/v2\/users\/2"}],"replies":[{"embeddable":true,"href":"https:\/\/www.europesays.com\/de\/wp-json\/wp\/v2\/comments?post=1268269"}],"version-history":[{"count":0,"href":"https:\/\/www.europesays.com\/de\/wp-json\/wp\/v2\/posts\/1268269\/revisions"}],"wp:featuredmedia":[{"embeddable":true,"href":"https:\/\/www.europesays.com\/de\/wp-json\/wp\/v2\/media\/1268270"}],"wp:attachment":[{"href":"https:\/\/www.europesays.com\/de\/wp-json\/wp\/v2\/media?parent=1268269"}],"wp:term":[{"taxonomy":"category","embeddable":true,"href":"https:\/\/www.europesays.com\/de\/wp-json\/wp\/v2\/categories?post=1268269"},{"taxonomy":"post_tag","embeddable":true,"href":"https:\/\/www.europesays.com\/de\/wp-json\/wp\/v2\/tags?post=1268269"}],"curies":[{"name":"wp","href":"https:\/\/api.w.org\/{rel}","templated":true}]}}