{"id":1268275,"date":"2026-08-29T19:54:16","date_gmt":"2026-08-29T19:54:16","guid":{"rendered":"https:\/\/www.europesays.com\/de\/1268275\/"},"modified":"2026-08-29T19:54:16","modified_gmt":"2026-08-29T19:54:16","slug":"tuifly-flug-nach-duesseldorf-muss-auf-ibiza-zwischenlanden","status":"publish","type":"post","link":"https:\/\/www.europesays.com\/de\/1268275\/","title":{"rendered":"Tuifly-Flug nach D\u00fcsseldorf muss auf Ibiza zwischenlanden"},"content":{"rendered":"\n<p>Ein Tuifly-Flug von Palma de Mallorca nach D\u00fcsseldorf ist am Freitagabend (28. August) au\u00dferplanm\u00e4\u00dfig auf Ibiza gelandet. Bei der Boeing 737 Max 8 auf Flug X32323 funktionierte nach dem Start das Wetterradar im Cockpit nicht korrekt, berichtet die Mallorca Zeitung.<\/p>\n<p>Die Besatzung wollte deshalb zun\u00e4chst nach Palma zur\u00fcckkehren. Wegen schlechten Wetters war der Flughafen zu diesem Zeitpunkt jedoch vor\u00fcbergehend gesperrt, sodass derJet von Tuifly nach Ibiza auswich. Dort wurde das Wetterradar repariert und der Flug am Samstagnachmittag nach D\u00fcsseldorf fortgesetzt.<\/p>\n","protected":false},"excerpt":{"rendered":"Ein Tuifly-Flug von Palma de Mallorca nach D\u00fcsseldorf ist am Freitagabend (28. August) au\u00dferplanm\u00e4\u00dfig auf Ibiza gelandet. Bei&hellip;\n","protected":false},"author":2,"featured_media":227763,"comment_status":"","ping_status":"","sticky":false,"template":"","format":"standard","meta":{"footnotes":"","_share_on_mastodon":"0"},"categories":[1831],"tags":[3364,29,3405,30,1209,72180],"class_list":["post-1268275","post","type-post","status-publish","format-standard","has-post-thumbnail","category-duesseldorf","tag-de","tag-deutschland","tag-duesseldorf","tag-germany","tag-nordrhein-westfalen","tag-tuifly"],"share_on_mastodon":{"url":"","error":""},"_links":{"self":[{"href":"https:\/\/www.europesays.com\/de\/wp-json\/wp\/v2\/posts\/1268275","targetHints":{"allow":["GET"]}}],"collection":[{"href":"https:\/\/www.europesays.com\/de\/wp-json\/wp\/v2\/posts"}],"about":[{"href":"https:\/\/www.europesays.com\/de\/wp-json\/wp\/v2\/types\/post"}],"author":[{"embeddable":true,"href":"https:\/\/www.europesays.com\/de\/wp-json\/wp\/v2\/users\/2"}],"replies":[{"embeddable":true,"href":"https:\/\/www.europesays.com\/de\/wp-json\/wp\/v2\/comments?post=1268275"}],"version-history":[{"count":0,"href":"https:\/\/www.europesays.com\/de\/wp-json\/wp\/v2\/posts\/1268275\/revisions"}],"wp:featuredmedia":[{"embeddable":true,"href":"https:\/\/www.europesays.com\/de\/wp-json\/wp\/v2\/media\/227763"}],"wp:attachment":[{"href":"https:\/\/www.europesays.com\/de\/wp-json\/wp\/v2\/media?parent=1268275"}],"wp:term":[{"taxonomy":"category","embeddable":true,"href":"https:\/\/www.europesays.com\/de\/wp-json\/wp\/v2\/categories?post=1268275"},{"taxonomy":"post_tag","embeddable":true,"href":"https:\/\/www.europesays.com\/de\/wp-json\/wp\/v2\/tags?post=1268275"}],"curies":[{"name":"wp","href":"https:\/\/api.w.org\/{rel}","templated":true}]}}