{"id":1268286,"date":"2026-08-29T20:01:24","date_gmt":"2026-08-29T20:01:24","guid":{"rendered":"https:\/\/www.europesays.com\/de\/1268286\/"},"modified":"2026-08-29T20:01:24","modified_gmt":"2026-08-29T20:01:24","slug":"gedenken-an-die-nsu-opfer-in-muenchen-ramersdorf","status":"publish","type":"post","link":"https:\/\/www.europesays.com\/de\/1268286\/","title":{"rendered":"Gedenken an die NSU-Opfer in M\u00fcnchen-Ramersdorf"},"content":{"rendered":"<p>Mit Blumen und einer Gedenktafel haben heute rund 50 Menschen in M\u00fcnchen-Ramersdorf an die <a href=\"https:\/\/www.br.de\/nachricht\/nsu-prozess\/index.html\" rel=\"nofollow noopener\" target=\"_blank\">Gr\u00e4ueltaten des rechtsextremistischen &#8222;Nationalsozialistischen Untergrund&#8220; (NSU)<\/a> erinnert. Vor 25 Jahren war an diesem Ort der Feinkosth\u00e4ndler Habil Kilic ermordet worden. Auch der anderen Opfer wurde gedacht.<\/p>\n<p>Opfer-Familie Kilic nimmt nicht teil<\/p>\n<p>An der Gedenkveranstaltung am Tatort nahmen Vertreter vom T\u00fcrkenrat M\u00fcnchen, dem Stadtrat und dem Bezirksausschuss sowie Anwohner und Nachbarn teil. Familienangeh\u00f6rige des Opfers Habil Kilic waren nicht vor Ort, sie leben in der T\u00fcrkei.<\/p>\n<p>Gonca Onal vom T\u00fcrkenrat M\u00fcnchen sagte: &#8222;Wir sind hier, um uns zu erinnern, um nicht zu vergessen und gemeinsam Verantwortung zu \u00fcbernehmen.&#8220; Sie appellierte an die gesamte Gesellschaft, sensibel zu sein, bei wachsender Gewalt, Hass, <a href=\"https:\/\/www.br.de\/nachrichten\/bayern\/fremdenfeindliche-straftaten-in-bayern-erreichen-hoechststand,VLOxvHX\" rel=\"nofollow noopener\" target=\"_blank\">Rassismus und Antisemitismus<\/a>. <\/p>\n<blockquote><p>&#8222;Was tun wir heute, damit Hass und Ausgrenzung keinen Platz mehr haben?&#8220; Gonca Onal, T\u00fcrkenrat M\u00fcnchen<\/p><\/blockquote>\n<p>Grausamer Mord vor 25 Jahren<\/p>\n<p>Das Opfer Habil Kilic war damals 38 Jahre alt, seine Tochter war zw\u00f6lf. Die T\u00e4ter kamen am 29. August 2001 am helllichten Tag in seinen Feinkostladen in M\u00fcnchen-Ramersdorf. Kilic stand hinter dem Verkaufstresen, als ihn zwei Kopfsch\u00fcsse trafen.<\/p>\n<p>Die Polizei ermittelte lange in eine v\u00f6llig falsche Richtung \u2013 wie auch bei den anderen Opfern mit Migrationsgeschichte. Die Angeh\u00f6rigen und <a href=\"https:\/\/www.br.de\/nachricht\/nsu-prozess\/nsu-mordserie-angehoerige-100.html\" rel=\"nofollow noopener\" target=\"_blank\">das Umfeld wurden verd\u00e4chtigt<\/a>, Kontakte etwa zu Drogendealern, zur Mafia oder zu Waffenh\u00e4ndlern zu haben \u2013 eine Stigmatisierung, an deren Folgen die Hinterbliebenen bis heute leiden.<\/p>\n<p>Die zehn Morde des NSU<\/p>\n<p><a href=\"https:\/\/www.br.de\/nachrichten\/bayern\/orte-des-erinnerns-nuernberg-lenkt-blick-auf-nsu-opfer,Ug5C7vh\" rel=\"nofollow noopener\" target=\"_blank\">Unter den NSU-Opfern<\/a> sind vier weitere M\u00e4nner aus Bayern: Theodoros Boulgarides aus M\u00fcnchen <a href=\"https:\/\/www.br.de\/nachrichten\/bayern\/erster-nsu-mord-raetselhafte-verbindungen-und-ungeloeste-fragen,UwCaP6R\" rel=\"nofollow noopener\" target=\"_blank\">sowie Enver Simsek<\/a>, Abdurrahim \u00d6z\u00fcdogru und Ismail Yasar <a href=\"https:\/\/www.br.de\/nachrichten\/bayern\/nsu-dokumentationszentrum-opfer-angehoerige-machen-druck,VNXz76i\" rel=\"nofollow noopener\" target=\"_blank\">aus N\u00fcrnberg<\/a>. <\/p>\n<p>Insgesamt wurden zwischen den Jahren 2000 und 2007 acht Menschen mit t\u00fcrkischen und einer mit griechischen Wurzeln sowie eine deutsche Polizistin von NSU-Mitgliedern get\u00f6tet.<\/p>\n<p>Die Hauptt\u00e4ter des NSU, Uwe Mundlos und Uwe B\u00f6hnhardt, sind tot. Sie starben am 4. November 2011 nach einem gescheiterten Bank\u00fcberfall in einem Wohnmobil in Eisenach. Die \u00fcberlebende Mitt\u00e4terin Beate Zsch\u00e4pe wurde im Juli 2018 vom M\u00fcnchner Oberlandesgericht <a href=\"https:\/\/www.br.de\/nachricht\/nsu-prozess\/nsu-prozess-das-urteil-und-wie-es-weitergeht-100.html\" rel=\"nofollow noopener\" target=\"_blank\">zu einer lebenslangen Freiheitsstrafe verurteilt<\/a> und verb\u00fc\u00dft diese in einer Justizvollzugsanstalt.<\/p>\n","protected":false},"excerpt":{"rendered":"Mit Blumen und einer Gedenktafel haben heute rund 50 Menschen in M\u00fcnchen-Ramersdorf an die Gr\u00e4ueltaten des rechtsextremistischen &#8222;Nationalsozialistischen&hellip;\n","protected":false},"author":2,"featured_media":1268287,"comment_status":"","ping_status":"","sticky":false,"template":"","format":"standard","meta":{"footnotes":"","_share_on_mastodon":"0"},"categories":[1827],"tags":[772,29,30,63031,129499,1268,417,2339,10023,770,2544],"class_list":["post-1268286","post","type-post","status-publish","format-standard","has-post-thumbnail","category-muenchen","tag-bayern","tag-deutschland","tag-germany","tag-habil-kilic","tag-morde","tag-muenchen","tag-nsu","tag-oberbayern","tag-ramersdorf","tag-rechtsextremismus","tag-terrorismus"],"share_on_mastodon":{"url":"https:\/\/pubeurope.com\/@de\/117180581990266443","error":""},"_links":{"self":[{"href":"https:\/\/www.europesays.com\/de\/wp-json\/wp\/v2\/posts\/1268286","targetHints":{"allow":["GET"]}}],"collection":[{"href":"https:\/\/www.europesays.com\/de\/wp-json\/wp\/v2\/posts"}],"about":[{"href":"https:\/\/www.europesays.com\/de\/wp-json\/wp\/v2\/types\/post"}],"author":[{"embeddable":true,"href":"https:\/\/www.europesays.com\/de\/wp-json\/wp\/v2\/users\/2"}],"replies":[{"embeddable":true,"href":"https:\/\/www.europesays.com\/de\/wp-json\/wp\/v2\/comments?post=1268286"}],"version-history":[{"count":0,"href":"https:\/\/www.europesays.com\/de\/wp-json\/wp\/v2\/posts\/1268286\/revisions"}],"wp:featuredmedia":[{"embeddable":true,"href":"https:\/\/www.europesays.com\/de\/wp-json\/wp\/v2\/media\/1268287"}],"wp:attachment":[{"href":"https:\/\/www.europesays.com\/de\/wp-json\/wp\/v2\/media?parent=1268286"}],"wp:term":[{"taxonomy":"category","embeddable":true,"href":"https:\/\/www.europesays.com\/de\/wp-json\/wp\/v2\/categories?post=1268286"},{"taxonomy":"post_tag","embeddable":true,"href":"https:\/\/www.europesays.com\/de\/wp-json\/wp\/v2\/tags?post=1268286"}],"curies":[{"name":"wp","href":"https:\/\/api.w.org\/{rel}","templated":true}]}}