{"id":1268303,"date":"2026-08-29T20:10:20","date_gmt":"2026-08-29T20:10:20","guid":{"rendered":"https:\/\/www.europesays.com\/de\/1268303\/"},"modified":"2026-08-29T20:10:20","modified_gmt":"2026-08-29T20:10:20","slug":"es-macht-fassungslos-es-macht-sprachlos-gedenken-nach-gewalttat-mit-zwei-toten-an-schule-bei-berlin","status":"publish","type":"post","link":"https:\/\/www.europesays.com\/de\/1268303\/","title":{"rendered":"\u201eEs macht fassungslos, es macht sprachlos\u201c: Gedenken nach Gewalttat mit zwei Toten an Schule bei Berlin"},"content":{"rendered":"<p class=\"tspCJpg tspCJph\">Zwei Tage nach der <a href=\"https:\/\/www.tagesspiegel.de\/potsdam\/brandenburg\/gewalttat-an-schule-in-brandenburg-ein-ort-der-sicherheit-wurde-kaputtgemacht-15991939.html?icid=in-text-link_15996808\" class=\"link link--internal\" data-gtm-class=\"article-text-link\" data-gtm-val=\"internal\" rel=\"nofollow noopener\" target=\"_blank\">gewaltsamen Tat mit zwei Toten in einer Schule in Gosen-Neu Zittau<\/a> ist in der Dorfkirche ein Gedenkgottesdienst veranstaltet worden. \u201eWir wollen Raum bieten, um die Fragen und die Klagen auch ansprechen zu k\u00f6nnen, aber auch f\u00fcr andere zu beten\u201c, sagte Pfarrer Carsten Schwarz der Deutschen Presse-Agentur vor dem Gottesdienst. \u201eEs macht fassungslos, es macht sprachlos.\u201c Der Pfarrer machte deutlich, dass es keine Antworten auf Fragen geben k\u00f6nne. Es gehe um einen Ort der Stille und Trauer und m\u00f6gliche Gespr\u00e4che.<\/p>\n<p class=\"tspCJpg\">Ein 19-j\u00e4hriger Deutscher steht im Verdacht, am Donnerstag an einer Privatschule in Gosen-Neu Zittau in Ostbrandenburg eine 18 Jahre alte Sch\u00fclerin und einen <a href=\"https:\/\/www.tagesspiegel.de\/potsdam\/brandenburg\/nach-gewalttat-an-brandenburger-schule-fussballverein-trauert-um-seinen-torwart-perle-15992513.html?icid=in-text-link_15996808\" class=\"link link--internal\" data-gtm-class=\"article-text-link\" data-gtm-val=\"internal\" rel=\"nofollow noopener\" target=\"_blank\">30 Jahre alten Kita-Erzieher<\/a> get\u00f6tet zu haben. Ihm wird zweifacher Mord vorgeworfen. Er kam in Untersuchungshaft, wie die Polizei der dpa mitteilte. Die Sch\u00fclerin soll laut Staatsanwaltschaft die Ex-Freundin des Tatverd\u00e4chtigen sein. Der Erzieher soll demnach versucht haben, der Sch\u00fclerin zu helfen. Bei der Tatwaffe soll es sich um ein Messer handeln.<\/p>\n<p class=\"tspCJpg\">W\u00e4hrend des Gottesdienstes in der Evangelischen Kirche in Neu Zittau waren nach Angaben des Pfarrers unter anderem Musik, ein Psalmgebet und F\u00fcrbitten vorgesehen. Auf einem schwarzen Tuch sollten Menschen Teelichter anz\u00fcnden und in Ruhe trauern k\u00f6nnen.<\/p>\n<p class=\"tspCJpg\">Es wird nicht das einzige Gedenken sein: F\u00fcr Donnerstag (3. September) ist ein Trauergottesdienst in der Docemus-Privatschule geplant. Am Freitag (4. September) soll vor der Schule ein Gedenken mit Schweigeminute stattfinden.<\/p>\n<p> B\u00fcrgermeister bittet um internes Gedenken <\/p>\n<p class=\"tspCJpg\">Der B\u00fcrgermeister von Gosen-Neu Zittau, Frank Nakoinz (BVB\/Freie W\u00e4hler), bat Medienvertreter bei Facebook darum, \u201eden Terminen aus Respekt vor den Verstorbenen, ihren Angeh\u00f6rigen und allen Trauernden fernzubleiben\u201c.<\/p>\n<p class=\"tspCJpg\">Auf dem Schulcampus des privaten Tr\u00e4gers Docemus sind weiter Notfallseelsorger im Einsatz. Anfang der kommenden Woche soll es ein gro\u00dfes Treffen mit der Sch\u00fclerschaft geben. Zum privaten Tr\u00e4ger Docemus geh\u00f6ren Gymnasium, Oberschule und Fachoberschule. Die staatliche Grundschule auf dem Campus wird ab Montag nach Angaben des Bildungsministeriums wieder regul\u00e4ren Unterricht anbieten.<\/p>\n<p>Mehr zum Thema:<a href=\"https:\/\/www.tagesspiegel.de\/potsdam\/brandenburg\/nach-gewalttat-an-brandenburger-schule-fussballverein-trauert-um-seinen-torwart-perle-15992513.html?icid=topic-list_15996808___\" data-gtm-class=\"article-mzt-link\" data-hydrate-fingerprint=\"09740a54944caac75fd2c0c63fd5c5df\" data-hydrate-props=\"{&amp;escapedquot;element&amp;escapedquot;:{&amp;escapedquot;type&amp;escapedquot;:&amp;escapedquot;relatedContent&amp;escapedquot;,&amp;escapedquot;fieldMap&amp;escapedquot;:{},&amp;escapedquot;relation&amp;escapedquot;:{&amp;escapedquot;fields&amp;escapedquot;:{&amp;escapedquot;isPaid&amp;escapedquot;:null},&amp;escapedquot;href&amp;escapedquot;:&amp;escapedquot;\/potsdam\/brandenburg\/nach-gewalttat-an-brandenburger-schule-fussballverein-trauert-um-seinen-torwart-perle-15992513.html&amp;escapedquot;,&amp;escapedquot;teaserTitle&amp;escapedquot;:{&amp;escapedquot;kicker&amp;escapedquot;:&amp;escapedquot;Nach Gewalttat an Brandenburger Schule&amp;escapedquot;,&amp;escapedquot;headline&amp;escapedquot;:&amp;escapedquot;Fu\u00dfballverein trauert um seinen Torwart \u201ePerle\u201c&amp;escapedquot;},&amp;escapedquot;id&amp;escapedquot;:&amp;escapedquot;15992513&amp;escapedquot;,&amp;escapedquot;type&amp;escapedquot;:&amp;escapedquot;story&amp;escapedquot;},&amp;escapedquot;isPartOfList&amp;escapedquot;:true,&amp;escapedquot;topicListType&amp;escapedquot;:&amp;escapedquot;topic-list&amp;escapedquot;},&amp;escapedquot;showArrow&amp;escapedquot;:true}\" data-hydrate-slots=\"{&#039;default&#039;:[]}\" class=\"tspCPp3 tspDEsb\" rel=\"nofollow noopener\" target=\"_blank\">Nach Gewalttat an Brandenburger Schule Fu\u00dfballverein trauert um seinen Torwart \u201ePerle\u201c <\/a><a href=\"https:\/\/www.tagesspiegel.de\/potsdam\/brandenburg\/gewalttat-an-schule-in-brandenburg-ein-ort-der-sicherheit-wurde-kaputtgemacht-15991939.html?icid=topic-list_15996808___\" data-gtm-class=\"article-mzt-link\" data-hydrate-fingerprint=\"09740a54944caac75fd2c0c63fd5c5df\" data-hydrate-props=\"{&amp;escapedquot;element&amp;escapedquot;:{&amp;escapedquot;type&amp;escapedquot;:&amp;escapedquot;relatedContent&amp;escapedquot;,&amp;escapedquot;fieldMap&amp;escapedquot;:{},&amp;escapedquot;relation&amp;escapedquot;:{&amp;escapedquot;fields&amp;escapedquot;:{&amp;escapedquot;isPaid&amp;escapedquot;:true},&amp;escapedquot;href&amp;escapedquot;:&amp;escapedquot;\/potsdam\/brandenburg\/gewalttat-an-schule-in-brandenburg-ein-ort-der-sicherheit-wurde-kaputtgemacht-15991939.html&amp;escapedquot;,&amp;escapedquot;teaserTitle&amp;escapedquot;:{&amp;escapedquot;kicker&amp;escapedquot;:&amp;escapedquot;Gewalttat an Schule in Brandenburg&amp;escapedquot;,&amp;escapedquot;headline&amp;escapedquot;:&amp;escapedquot;\u201eEin Ort der Sicherheit wurde kaputtgemacht\u201c&amp;escapedquot;},&amp;escapedquot;id&amp;escapedquot;:&amp;escapedquot;15991939&amp;escapedquot;,&amp;escapedquot;type&amp;escapedquot;:&amp;escapedquot;story&amp;escapedquot;},&amp;escapedquot;isPartOfList&amp;escapedquot;:true,&amp;escapedquot;topicListType&amp;escapedquot;:&amp;escapedquot;topic-list&amp;escapedquot;},&amp;escapedquot;showArrow&amp;escapedquot;:true}\" data-hydrate-slots=\"{&#039;default&#039;:[]}\" class=\"tspCPp3 tspDEsb\" rel=\"nofollow noopener\" target=\"_blank\">Gewalttat an Schule in Brandenburg \u201eEin Ort der Sicherheit wurde kaputtgemacht\u201c <\/a><a href=\"https:\/\/www.tagesspiegel.de\/potsdam\/brandenburg\/19-jahriger-in-untersuchungshaft-ex-freund-soll-schulerin-und-horterzieher-an-brandenburger-schule-getotet-haben-15989470.html?icid=topic-list_15996808___\" data-gtm-class=\"article-mzt-link\" data-hydrate-fingerprint=\"09740a54944caac75fd2c0c63fd5c5df\" data-hydrate-props=\"{&amp;escapedquot;element&amp;escapedquot;:{&amp;escapedquot;type&amp;escapedquot;:&amp;escapedquot;relatedContent&amp;escapedquot;,&amp;escapedquot;fieldMap&amp;escapedquot;:{},&amp;escapedquot;relation&amp;escapedquot;:{&amp;escapedquot;fields&amp;escapedquot;:{&amp;escapedquot;isPaid&amp;escapedquot;:null},&amp;escapedquot;href&amp;escapedquot;:&amp;escapedquot;\/potsdam\/brandenburg\/19-jahriger-in-untersuchungshaft-ex-freund-soll-schulerin-und-horterzieher-an-brandenburger-schule-getotet-haben-15989470.html&amp;escapedquot;,&amp;escapedquot;teaserTitle&amp;escapedquot;:{&amp;escapedquot;kicker&amp;escapedquot;:&amp;escapedquot;19-J\u00e4hriger in Untersuchungshaft&amp;escapedquot;,&amp;escapedquot;headline&amp;escapedquot;:&amp;escapedquot;Ex-Freund soll Sch\u00fclerin und Horterzieher an Brandenburger Schule get\u00f6tet haben&amp;escapedquot;},&amp;escapedquot;id&amp;escapedquot;:&amp;escapedquot;15989470&amp;escapedquot;,&amp;escapedquot;type&amp;escapedquot;:&amp;escapedquot;story&amp;escapedquot;},&amp;escapedquot;isPartOfList&amp;escapedquot;:true,&amp;escapedquot;topicListType&amp;escapedquot;:&amp;escapedquot;topic-list&amp;escapedquot;},&amp;escapedquot;showArrow&amp;escapedquot;:true}\" data-hydrate-slots=\"{&#039;default&#039;:[]}\" class=\"tspCPp3 tspDEsb\" rel=\"nofollow noopener\" target=\"_blank\">19-J\u00e4hriger in Untersuchungshaft Ex-Freund soll Sch\u00fclerin und Horterzieher an Brandenburger Schule get\u00f6tet haben <\/a><\/p>\n<p class=\"tspCJpg\">Trauer gab es auch beim Fu\u00dfballverein des toten Erziehers, dem SG Gr\u00fcn-Wei\u00df Deutsch Wusterhausen. Der Verein schrieb auf Instagram: \u201eUnser tiefes Mitgef\u00fchl gilt der Familie, den Freunden und der gesamten SG Gr\u00fcn-Wei\u00df Deutsch Wusterhausen. Wir w\u00fcnschen euch in dieser schweren Zeit viel Kraft und Zusammenhalt. Ruhe in Frieden.\u201c (dpa)<\/p>\n","protected":false},"excerpt":{"rendered":"Zwei Tage nach der gewaltsamen Tat mit zwei Toten in einer Schule in Gosen-Neu Zittau ist in der&hellip;\n","protected":false},"author":2,"featured_media":1268304,"comment_status":"","ping_status":"","sticky":false,"template":"","format":"standard","meta":{"footnotes":"","_share_on_mastodon":"0"},"categories":[1825],"tags":[296,29,30,966],"class_list":["post-1268303","post","type-post","status-publish","format-standard","has-post-thumbnail","category-berlin","tag-berlin","tag-deutschland","tag-germany","tag-schule"],"share_on_mastodon":{"url":"https:\/\/pubeurope.com\/@de\/117180617776518493","error":""},"_links":{"self":[{"href":"https:\/\/www.europesays.com\/de\/wp-json\/wp\/v2\/posts\/1268303","targetHints":{"allow":["GET"]}}],"collection":[{"href":"https:\/\/www.europesays.com\/de\/wp-json\/wp\/v2\/posts"}],"about":[{"href":"https:\/\/www.europesays.com\/de\/wp-json\/wp\/v2\/types\/post"}],"author":[{"embeddable":true,"href":"https:\/\/www.europesays.com\/de\/wp-json\/wp\/v2\/users\/2"}],"replies":[{"embeddable":true,"href":"https:\/\/www.europesays.com\/de\/wp-json\/wp\/v2\/comments?post=1268303"}],"version-history":[{"count":0,"href":"https:\/\/www.europesays.com\/de\/wp-json\/wp\/v2\/posts\/1268303\/revisions"}],"wp:featuredmedia":[{"embeddable":true,"href":"https:\/\/www.europesays.com\/de\/wp-json\/wp\/v2\/media\/1268304"}],"wp:attachment":[{"href":"https:\/\/www.europesays.com\/de\/wp-json\/wp\/v2\/media?parent=1268303"}],"wp:term":[{"taxonomy":"category","embeddable":true,"href":"https:\/\/www.europesays.com\/de\/wp-json\/wp\/v2\/categories?post=1268303"},{"taxonomy":"post_tag","embeddable":true,"href":"https:\/\/www.europesays.com\/de\/wp-json\/wp\/v2\/tags?post=1268303"}],"curies":[{"name":"wp","href":"https:\/\/api.w.org\/{rel}","templated":true}]}}