{"id":1268306,"date":"2026-08-29T20:12:38","date_gmt":"2026-08-29T20:12:38","guid":{"rendered":"https:\/\/www.europesays.com\/de\/1268306\/"},"modified":"2026-08-29T20:12:38","modified_gmt":"2026-08-29T20:12:38","slug":"yayoi-kusama-ist-tot-japanische-kuenstlerin-mit-97-jahren-gestorben","status":"publish","type":"post","link":"https:\/\/www.europesays.com\/de\/1268306\/","title":{"rendered":"Yayoi Kusama ist tot: Japanische K\u00fcnstlerin mit 97 Jahren gestorben"},"content":{"rendered":"<p>Weltbekannt durch Polka-Dots <\/p>\n<p>Japanische K\u00fcnstlerin Yayoi Kusama ist tot<\/p>\n<p>Aktualisiert am 29.08.2026 &#8211; 13:02 UhrLesedauer: 2 Min.<\/p>\n<p><a href=\"#focus-0\" class=\"transition-colors block text-current relative\" data-sctrack=\"FocusGalleryImage.Reference\"><img fetchpriority=\"high\" data-testid=\"Opener.Image\"   loading=\"eager\" src=\"https:\/\/www.europesays.com\/de\/wp-content\/uploads\/2026\/08\/yayoi-kusama-archivbild-die-kuenstlerin-wurde-97-jahre-alt.jpg\" alt=\"Yayoi Kusama (Archivbild): Die K\u00fcnstlerin wurde 97 Jahre alt.\" title=\"Yayoi Kusama (Archivbild): Die K\u00fcnstlerin wurde 97 Jahre alt.\" width=\"2048\" height=\"1152\" class=\"bg-[url:var(--lqipURL)] bg-cover bg-center flex h-full w-full max-w-full\" style=\"--lqipURL:url('https:\/\/images.t-online.de\/2026\/08\/yyqH5z4cNzcg\/0x198:2048x1152\/fit-in\/150x0\/filters:blur(25)\/yayoi-kusama-archivbild-die-kuenstlerin-wurde-97-jahre-alt.jpg')\" decoding=\"async\"\/><img loading=\"lazy\" src=\"https:\/\/www.t-online.de\/s\/paper\/_next\/static\/media\/zoom-in.f7dae02f.svg\" alt=\"Vergr\u00f6\u00dfern des Bildes\" title=\"Vergr\u00f6\u00dfern des Bildes\" class=\"block h-[calc(var(--height)_\/_16_*_1rem)] w-[calc(var(--width)_\/_16_*_1rem)] max-w-none absolute right-8 bottom-8 rounded-4 bg-snow p-8\" style=\"--width:32;--height:32\" decoding=\"async\"\/><\/a><\/p>\n<p>Die japanische K\u00fcnstlerin Yayoi Kusama: Sie starb mit 97 Jahren. (Quelle: Itsuo Inouye\/dpa)<\/p>\n<p><img loading=\"lazy\" src=\"https:\/\/www.t-online.de\/s\/paper\/_next\/static\/media\/audio-volume.6689034c.svg\" alt=\"\" title=\"\" class=\"block h-[calc(var(--height)_\/_16_*_1rem)] w-[calc(var(--width)_\/_16_*_1rem)] max-w-none group-hover:brightness-0 group-hover:invert\" style=\"--width:16;--height:16\" decoding=\"async\"\/>Vorlesen<\/p>\n<p>Aktuelle Zeit:0:00Gesamtdauer:0:00<\/p>\n<p>1x<img loading=\"lazy\" src=\"https:\/\/www.t-online.de\/s\/paper\/_next\/static\/media\/font-sizes.32942e33.svg\" alt=\"\" title=\"\" class=\"block h-[calc(var(--height)_\/_16_*_1rem)] w-[calc(var(--width)_\/_16_*_1rem)] max-w-none group-hover:hidden group-aria-expanded:hidden\" style=\"--width:16;--height:16\" decoding=\"async\"\/><img loading=\"lazy\" src=\"https:\/\/www.t-online.de\/s\/paper\/_next\/static\/media\/font-sizes-dark-mode.e382645c.svg\" alt=\"\" title=\"\" class=\"block h-[calc(var(--height)_\/_16_*_1rem)] w-[calc(var(--width)_\/_16_*_1rem)] max-w-none hidden group-hover:block group-aria-expanded:block\" style=\"--width:16;--height:16\" decoding=\"async\"\/><img loading=\"lazy\" src=\"https:\/\/www.t-online.de\/s\/paper\/_next\/static\/media\/sharing-menu-icon.1eb71368.svg\" alt=\"\" title=\"\" class=\"block h-[calc(var(--height)_\/_16_*_1rem)] w-[calc(var(--width)_\/_16_*_1rem)] max-w-none group-hover:brightness-0 group-hover:invert\" style=\"--width:16;--height:16\" decoding=\"async\"\/>Artikel teilen<\/p>\n<p class=\"font-bold text-18 leading-17 user-text-lg:text-22 user-text-xl:text-24\">Die japanische K\u00fcnstlerin Yayoi Kusama ist tot. Sie starb im Alter von 97 Jahren in einem Krankenhaus in Tokio.<\/p>\n<p class=\"text-18 leading-17 user-text-lg:text-22 user-text-xl:text-24\">Yayoi Kusama, eine der weltweit gefeiertsten und meistverkauften K\u00fcnstlerinnen, ist im Alter von 97 Jahren gestorben, wie aus einer Erkl\u00e4rung auf der offiziellen Webseite der K\u00fcnstlerin hervorgeht. Demnach starb sie bereits am 14. August in einem Krankenhaus in Tokio.<\/p>\n<p class=\"text-18 leading-17 user-text-lg:text-22 user-text-xl:text-24\">&#8222;Im Laufe eines au\u00dfergew\u00f6hnlichen Lebens, das ganz dem k\u00fcnstlerischen Schaffen gewidmet war, verfolgte Kusama eine international gefeierte Karriere als wegweisende Avantgarde-K\u00fcnstlerin, deren kreatives Schaffen bildende Kunst, Performance, Belletristik und Lyrik umfasste&#8220;, hie\u00df es in der Erkl\u00e4rung. &#8222;Sie malte bis in ihre letzten Tage hinein, legte ihren Pinsel nie beiseite und setzte ihre Auseinandersetzung mit der ewigen Liebe und der unsterblichen Seele fort.&#8220;<\/p>\n<p>Happenings und ein Brief an Nixon<\/p>\n<p class=\"text-18 leading-17 user-text-lg:text-22 user-text-xl:text-24\">Kusama z\u00e4hlte zum Zeitpunkt ihres Todes zu den popul\u00e4rsten und kommerziell erfolgreichsten Figuren der zeitgen\u00f6ssischen Kunst. Ihre unverwechselbaren K\u00fcrbis-Skulpturen und gepunkteten Gem\u00e4lde wiederum erzielten bei Auktionen Erl\u00f6se in Millionenh\u00f6he.<\/p>\n<ul class=\"text-18 leading-17 block pl-24 *:pb-16 *:before:inline-block *:before:size-8 *:before:bg-magenta *:before:mt-0 *:before:mr-12 *:before:mb-2 *:before:-ml-[20px]\">\n<li><strong class=\"font-bold\">Er wurde 66 Jahre alt:<\/strong> <a href=\"https:\/\/www.t-online.de\/unterhaltung\/stars\/id_101406820\/andreas-hoppe-ist-tot-tatort-star-mit-66-jahren-gestorben.html\" class=\"transition-colors cursor-pointer no-underline md:hover:text-magenta md:focus:text-magenta border-b border-solid border-current text-salemsfur md:hover:border-magenta\" data-tracking=\"{&quot;action&quot;:&quot;click&quot;,&quot;category&quot;:&quot;intextLink&quot;,&quot;label&quot;:&quot;\/unterhaltung\/stars\/id_101406820\/andreas-hoppe-ist-tot-tatort-star-mit-66-jahren-gestorben.html&quot;}\" data-sctrack=\"BodyAnchor\" rel=\"nofollow noopener\" target=\"_blank\">&#8222;Tatort&#8220;-Star Andreas Hoppe ist tot<\/a><\/li>\n<li><strong class=\"font-bold\">Er war &#8222;ES&#8220;:<\/strong> <a href=\"https:\/\/www.t-online.de\/unterhaltung\/stars\/id_101406720\/tim-curry-ist-tot-hollywoodstar-mit-80-jahren-gestorben.html\" class=\"transition-colors cursor-pointer no-underline md:hover:text-magenta md:focus:text-magenta border-b border-solid border-current text-salemsfur md:hover:border-magenta\" data-tracking=\"{&quot;action&quot;:&quot;click&quot;,&quot;category&quot;:&quot;intextLink&quot;,&quot;label&quot;:&quot;\/unterhaltung\/stars\/id_101406720\/tim-curry-ist-tot-hollywoodstar-mit-80-jahren-gestorben.html&quot;}\" data-sctrack=\"BodyAnchor\" rel=\"nofollow noopener\" target=\"_blank\">Hollywoodstar Tim Curry ist tot<\/a><\/li>\n<\/ul>\n<p class=\"text-18 leading-17 user-text-lg:text-22 user-text-xl:text-24\">Yayoi Kusama wurde 1929 in Matsumoto, Japan, geboren. Bereits in ihrer Kindheit begann sie zu malen und entwickelte fr\u00fch eine Faszination f\u00fcr Muster und Wiederholungen, die sp\u00e4ter zu ihrem Markenzeichen wurden. Ihre Karriere nahm in den 1960er Jahren in <a href=\"https:\/\/www.t-online.de\/themen\/new-york\/\" class=\"transition-colors cursor-pointer no-underline md:hover:text-magenta md:focus:text-magenta border-b border-solid border-current text-salemsfur md:hover:border-magenta\" data-tracking=\"{&quot;action&quot;:&quot;click&quot;,&quot;category&quot;:&quot;intextLink&quot;,&quot;label&quot;:&quot;\/themen\/new-york\/&quot;}\" data-sctrack=\"BodyAnchor\" rel=\"nofollow noopener\" target=\"_blank\">New York<\/a> Fahrt auf, wo sie mit avantgardistischen Performances und Installationen Aufmerksamkeit erregte. Besonders bekannt wurde sie durch ihre &#8222;Infinity Mirrored Rooms&#8220; und die Verwendung von Polka-Dots, die sie als Symbol f\u00fcr Unendlichkeit und Selbstaufl\u00f6sung interpretierte.<\/p>\n<p>Suche nach Verbindung und Trost<\/p>\n<p><a href=\"#focus-1\" class=\"transition-colors block text-current relative\" data-sctrack=\"FocusGalleryImage.Reference\"><img   loading=\"lazy\" src=\"https:\/\/www.europesays.com\/de\/wp-content\/uploads\/2026\/08\/immersive-rauminstallation-mit-integriertem-infinity-mirror-room-von-yayoi-kusama-1929-matsumoto-im-.jpeg\" alt=\"imago images 0858429827\" title=\"imago images 0858429827\" width=\"6000\" height=\"3375\" class=\"h-full w-full max-w-full rounded-8\" decoding=\"async\"\/><img loading=\"lazy\" src=\"https:\/\/www.t-online.de\/s\/paper\/_next\/static\/media\/zoom-in.f7dae02f.svg\" alt=\"Vergr\u00f6\u00dfern des Bildes\" title=\"Vergr\u00f6\u00dfern des Bildes\" class=\"block h-[calc(var(--height)_\/_16_*_1rem)] w-[calc(var(--width)_\/_16_*_1rem)] max-w-none absolute right-8 bottom-8 rounded-4 bg-snow p-8\" style=\"--width:32;--height:32\" decoding=\"async\"\/>Eine der Installationen von Kusama im Museum Ludwig. (Archivbild) (Quelle: IMAGO\/imago)<\/a><\/p>\n<p class=\"text-18 leading-17 user-text-lg:text-22 user-text-xl:text-24\">Kusama thematisierte in ihrer Kunst oft psychische K\u00e4mpfe und transformierte pers\u00f6nliche Erfahrungen in universelle, immersive Werke, die die Grenzen zwischen Betrachter und Kunst aufl\u00f6sen.<\/p>\n<p class=\"text-18 leading-17 user-text-lg:text-22 user-text-xl:text-24\">Im Geiste der 1960er Jahre inszenierte Kusama &#8222;Happenings&#8220;, bei denen sie nackte K\u00f6rper in gepunktete Leinw\u00e4nde verwandelte. Ber\u00fchmt ist auch ihr offener Brief an US-Pr\u00e4sident Richard Nixon aus dem Jahr 1968, in dem sie ihm anbot, mit ihm Sex zu haben, wenn er den Vietnamkrieg beenden w\u00fcrde. &#8222;Lass uns uns selbst vergessen, liebster Richard&#8220;, schrieb sie, &#8222;und eins werden mit dem Absoluten, ganz und gar zusammen (sic).&#8220; Nixon lie\u00df das Angebot unbeantwortet. Der Krieg gegen <a href=\"https:\/\/www.t-online.de\/themen\/vietnam\/\" class=\"transition-colors cursor-pointer no-underline md:hover:text-magenta md:focus:text-magenta border-b border-solid border-current text-salemsfur md:hover:border-magenta\" data-tracking=\"{&quot;action&quot;:&quot;click&quot;,&quot;category&quot;:&quot;intextLink&quot;,&quot;label&quot;:&quot;\/themen\/vietnam\/&quot;}\" data-sctrack=\"BodyAnchor\" rel=\"nofollow noopener\" target=\"_blank\">Vietnam<\/a> dauerte noch bis 1975 an.<\/p>\n","protected":false},"excerpt":{"rendered":"Weltbekannt durch Polka-Dots Japanische K\u00fcnstlerin Yayoi Kusama ist tot Aktualisiert am 29.08.2026 &#8211; 13:02 UhrLesedauer: 2 Min. Die&hellip;\n","protected":false},"author":2,"featured_media":1268307,"comment_status":"","ping_status":"","sticky":false,"template":"","format":"standard","meta":{"footnotes":"","_share_on_mastodon":"0"},"categories":[1775],"tags":[1217,261045,1793,29,214,30,372,1794,56333,31859,3988,215,70185],"class_list":["post-1268306","post","type-post","status-publish","format-standard","has-post-thumbnail","category-kunst-und-design","tag-1217","tag-andreas-hoppe","tag-art-and-design","tag-deutschland","tag-entertainment","tag-germany","tag-japan","tag-kunst-und-design","tag-museum-ludwig","tag-richard-nixon","tag-tokio","tag-unterhaltung","tag-yayoi-kusama"],"share_on_mastodon":{"url":"https:\/\/pubeurope.com\/@de\/117180625963043897","error":""},"_links":{"self":[{"href":"https:\/\/www.europesays.com\/de\/wp-json\/wp\/v2\/posts\/1268306","targetHints":{"allow":["GET"]}}],"collection":[{"href":"https:\/\/www.europesays.com\/de\/wp-json\/wp\/v2\/posts"}],"about":[{"href":"https:\/\/www.europesays.com\/de\/wp-json\/wp\/v2\/types\/post"}],"author":[{"embeddable":true,"href":"https:\/\/www.europesays.com\/de\/wp-json\/wp\/v2\/users\/2"}],"replies":[{"embeddable":true,"href":"https:\/\/www.europesays.com\/de\/wp-json\/wp\/v2\/comments?post=1268306"}],"version-history":[{"count":0,"href":"https:\/\/www.europesays.com\/de\/wp-json\/wp\/v2\/posts\/1268306\/revisions"}],"wp:featuredmedia":[{"embeddable":true,"href":"https:\/\/www.europesays.com\/de\/wp-json\/wp\/v2\/media\/1268307"}],"wp:attachment":[{"href":"https:\/\/www.europesays.com\/de\/wp-json\/wp\/v2\/media?parent=1268306"}],"wp:term":[{"taxonomy":"category","embeddable":true,"href":"https:\/\/www.europesays.com\/de\/wp-json\/wp\/v2\/categories?post=1268306"},{"taxonomy":"post_tag","embeddable":true,"href":"https:\/\/www.europesays.com\/de\/wp-json\/wp\/v2\/tags?post=1268306"}],"curies":[{"name":"wp","href":"https:\/\/api.w.org\/{rel}","templated":true}]}}