{"id":1268333,"date":"2026-08-29T20:30:47","date_gmt":"2026-08-29T20:30:47","guid":{"rendered":"https:\/\/www.europesays.com\/de\/1268333\/"},"modified":"2026-08-29T20:30:47","modified_gmt":"2026-08-29T20:30:47","slug":"schleswig-holstein-aktuell-nachrichten-im-ueberblick-337","status":"publish","type":"post","link":"https:\/\/www.europesays.com\/de\/1268333\/","title":{"rendered":"Schleswig-Holstein aktuell: Nachrichten im \u00dcberblick"},"content":{"rendered":"<p>        <img decoding=\"async\" src=\"https:\/\/www.europesays.com\/de\/wp-content\/uploads\/2026\/03\/nachrichtenkompakt126.webp.webp\" alt=\"Grafik: Eine Sprechblase, in der die Kontur des Landes Schleswig-Holstein abgebildet ist.\" title=\"Grafik: Eine Sprechblase, in der die Kontur des Landes Schleswig-Holstein abgebildet ist. | NDR\" class=\"responsive\"\/><\/p>\n<p>AUDIO: Nachrichten 18:00 Uhr &#8211; 29.08.2026 (4 Min)<\/p>\n<p>\n                Stand: 29.08.2026 18:09 Uhr<\/p>\n<p class=\"preface\">Nachrichten aus Schleswig-Holstein vom 29. August 2026 &#8211; kompakt und aktuell im Newsblog von NDR SH: Lesen Sie hier im \u00dcberblick, was im Land passiert und noch wichtig wird.<\/p>\n<p>\n        17:30 Uhr\n    <\/p>\n<p>    &#8222;Gorch Fock&#8220; \u00fcberquert Polarkreis<\/p>\n<p class=\"\">Die &#8222;Gorch Fock&#8220; hat heute das erste Mal seit 2009 den <a href=\"https:\/\/www.ndr.de\/nachrichten\/schleswig-holstein\/gorch-fock-ueberquert-polarkreis,shnews-854.html\" title=\"&quot;Gorch Fock&quot; \u00fcberquert Polarkreis\" rel=\"nofollow noopener\" target=\"_blank\">Polarkreis passiert<\/a>. Um 8.10 Uhr Ortszeit \u00fcberquerte das Segelschulschiff der Marine den Polarkreis dicht an der K\u00fcste von Gr\u00f6nland, umgeben von gro\u00dfen Eisbergen. Damit hat die &#8222;Gorch Fock&#8220; den n\u00f6rdlichsten Punkt ihrer 189. Ausbildungsreise \u00fcberschritten. Am Dienstag wird sie in Reykjavik auf Island einlaufen. Am 19. September wird das Schiff dann im Heimathafen <a href=\"https:\/\/www.ndr.de\/nachrichten\/schleswig-holstein\/Kiel-Aktuelle-Nachrichten-News-und-Videos,kiel7262.html\" title=\"Kiel - Aktuelle Nachrichten und Videos\" rel=\"nofollow noopener\" target=\"_blank\">Kiel<\/a> zur\u00fcckerwartet. | NDR Schleswig-Holstein 29.08.2026 18:00 Uhr<\/p>\n<p>        <img decoding=\"async\" src=\"https:\/\/www.europesays.com\/de\/wp-content\/uploads\/2026\/08\/gorchfock-148.webp\" alt=\"Die Gorch Fock \u00fcberquert Polarkreis.\" title=\"Die Gorch Fock \u00fcberquert Polarkreis. | NDR, Andreas Schmidt\" class=\"responsive\" loading=\"lazy\"\/><\/p>\n<p>Zum ersten Mal seit 17 Jahren ist das Segelschulschiff der Marine umgeben von Eisbergen vor Gr\u00f6nland unterwegs<\/p>\n<p>\n        17:17 Uhr\n    <\/p>\n<p>    L\u00fcbeck: Substanz entz\u00fcndet sich auf Wertstoffhof<\/p>\n<p class=\"\">Am Samstagmittag ist die Feuerwehr zu einem <a href=\"https:\/\/www.ndr.de\/nachrichten\/schleswig-holstein\/luebeck_herzogtum-lauenburg_ostholstein\/luebeck-substanz-entzuendet-sich-auf-wertstoffhof,regionluebecknews-2924.html\" title=\"L\u00fcbeck: Substanz entz\u00fcndet sich auf Wertstoffhof\" rel=\"nofollow noopener\" target=\"_blank\">Gro\u00dfeinsatz<\/a> auf dem Wertstoffhof Niemark in <a href=\"https:\/\/www.ndr.de\/nachrichten\/schleswig-holstein\/Luebeck-Aktuelle-Nachrichten-und-Videos-,luebeck2802.html\" title=\"L\u00fcbeck - Aktuelle Nachrichten und Videos\" rel=\"nofollow noopener\" target=\"_blank\">L\u00fcbeck<\/a> ausger\u00fcckt. Der Grund: Eine Substanz war ausgelaufen und hatte sich anschlie\u00dfend selbst entz\u00fcndet. Mitarbeiter alarmierten die Feuerwehr, nachdem eigene L\u00f6schversuche gescheitert waren. Die Feuerwehr war mit dem L\u00f6schzug Gefahrgut und insgesamt 45 Einsatzkr\u00e4ften vor Ort. Das gef\u00e4hrliche Granulat wurde eingesammelt und unsch\u00e4dlich gemacht. Zwei Personen mussten anschlie\u00dfend mit Verletzungen ins Krankenhaus. Wie es zu dem Unfall kommen konnte, ist derzeit unklar. | NDR Schleswig-Holstein 29.08.2026 17:00 Uhr<\/p>\n<p>        <img decoding=\"async\" src=\"https:\/\/www.europesays.com\/de\/wp-content\/uploads\/2026\/06\/feuerwehr4024.webp\" alt=\"Schriftzug &quot;Feuerwehr&quot; ist auf der Blaulichtanlage eines Feuerwehrautos zu sehen.\" title=\"Schriftzug &quot;Feuerwehr&quot; ist auf der Blaulichtanlage eines Feuerwehrautos zu sehen. | NDR, Pavel Stoyan\" class=\"responsive\" loading=\"lazy\"\/><\/p>\n<p>Die Feuerwehr r\u00fcckte mkit dem L\u00f6schzug Gefahrgut und insgesamt 45 Einsatzkr\u00e4ften aus.<\/p>\n<p>\n        17:17 Uhr\n    <\/p>\n<p>    Zusammensto\u00df mit Wohnmobil nach \u00dcberholman\u00f6ver<\/p>\n<p class=\"\">Vier Personen sind am Samstagmittag bei einem Unfall auf der B77 bei Busdorf im <a href=\"https:\/\/www.ndr.de\/nachrichten\/schleswig-holstein\/Kreis-Schleswig-Flensburg-Aktuelle-Nachrichten-und-Videos,schleswigflensburg118.html\" title=\"Kreis Schleswig-Flensburg - Aktuelle Nachrichten und Videos\" rel=\"nofollow noopener\" target=\"_blank\">Kreis Schleswig-Flensburg<\/a> leicht verletzt worden. Nach Angaben der Polizei hatte ein <a href=\"https:\/\/www.ndr.de\/nachrichten\/schleswig-holstein\/flensburg_nordfriesland_schleswig-flensburg\/zusammenstoss-mit-wohnmobil-nach-ueberholmanoever,regionflensburgnews-3244.html\" title=\"Zusammensto\u00df mit Wohnmobil nach \u00dcberholman\u00f6ver\" rel=\"nofollow noopener\" target=\"_blank\">Pkw-Fahrer trotz Verbots<\/a> in einer Kurve zwei vor ihm fahrende Fahrzeuge \u00fcberholen wollen. Dabei fuhr er in ein entgegenkommendes Wohnmobil und stie\u00df im Anschluss mit dem Auflieger eines Lkw zusammen. Die B77 war f\u00fcr die Bergungs- und Rettungsma\u00dfnahmen rund zwei Stunden lang voll gesperrt. | NDR Schleswig-Holstein 29.08.2026 17:00 Uhr<\/p>\n<p>        <img decoding=\"async\" src=\"https:\/\/www.europesays.com\/de\/wp-content\/uploads\/2026\/03\/podcastlogo104.webp.webp\" alt=\"Ein Mikrofon vor zwei Menschen.\" title=\"Ein Mikrofon vor zwei Menschen. | NDR, Janis R\u00f6hlig\" class=\"responsive\" loading=\"lazy\"\/><\/p>\n<p>Alles, was f\u00fcr Schleswig-Holstein wichtig ist: Im Nachrichten-Podcast von NDR 1 Welle Nord h\u00f6ren Sie das Neueste aus Schleswig-Holstein, Deutschland und der Welt.<\/p>\n<p>        <img decoding=\"async\" src=\"https:\/\/www.europesays.com\/de\/wp-content\/uploads\/2026\/08\/polizei6518.webp\" alt=\"Schriftzug &quot;www.POLIZEI.schleswig-holstein.de&quot; steht an der T\u00fcr eines Streifenwagens der Polizei.\" title=\"Schriftzug &quot;www.POLIZEI.schleswig-holstein.de&quot; steht an der T\u00fcr eines Streifenwagens der Polizei. | NDR, Pavel Stoyan\" class=\"responsive\" loading=\"lazy\"\/><\/p>\n<p>Nach Angaben der Polizei versuchte ein Pkw trotz Verbots auf der B77 bei Busdorf zwei vor ihm fahrende Fahrzeuge zu \u00fcberholen.<\/p>\n<p>\n        16:07 Uhr\n    <\/p>\n<p>    Eisenbahnhochbr\u00fccke Rendsburg in der Nacht gesperrt<\/p>\n<p class=\"\">In den n\u00e4chsten Wochen ist die Eisenbahnhochbr\u00fccke Rendsburg (<a href=\"https:\/\/www.ndr.de\/nachrichten\/schleswig-holstein\/Kreis-Rendsburg-Eckernfoerde-Aktuelle-Nachrichten-und-Videos,rendsburgeckernfoerde118.html\" title=\"Kreis Rendsburg-Eckernf\u00f6rde - Aktuelle Nachrichten und Videos\" rel=\"nofollow noopener\" target=\"_blank\">Kreis Rendsburg-Eckernf\u00f6rde<\/a>) immer am Wochenende <a href=\"https:\/\/www.ndr.de\/nachrichten\/schleswig-holstein\/kiel_neumuenster_ploen_rendsburg-eckernfoerde\/eisenbahnhochbruecke-rendsburg-in-der-nacht-gesperrt,regionkielnews-2760.html\" title=\"Eisenbahnhochbr\u00fccke Rendsburg in der Nacht gesperrt\" rel=\"nofollow noopener\" target=\"_blank\">in den Nachtstunden gesperrt<\/a>. In der Nacht auf Sonntag, 30. August, findet die Sperrung das erste Mal statt. Laut Bahn ist die Strecke immer von Samstag auf Sonntag und von Sonntag auf Montag zwischen 22 Uhr und 6 Uhr dicht. In der Zeit soll dort auf ein neues europ\u00e4isches Zugsicherungssystem umger\u00fcstet werden. Auch Schienen und Schwellen werden instand gehalten. Im Nahverkehr fahren in diesem Zeitraum Busse statt Bahnen zwischen Rendsburg und <a href=\"https:\/\/www.ndr.de\/nachrichten\/schleswig-holstein\/Neumuenster-Aktuelle-Nachrichten-und-Videos,neumuenster770.html\" title=\"Neum\u00fcnster - Aktuelle Nachrichten und Videos\" rel=\"nofollow noopener\" target=\"_blank\">Neum\u00fcnster<\/a>. Fernverkehrsz\u00fcge sind nicht betroffen. Die Sperrungen sollen bis Mitte Dezember dauern. | NDR Schleswig-Holstein 29.08.2026 16:00 Uhr<\/p>\n<p>        <img decoding=\"async\" src=\"https:\/\/www.europesays.com\/de\/wp-content\/uploads\/2026\/03\/podcastlogo104.webp.webp\" alt=\"Ein Mikrofon vor zwei Menschen.\" title=\"Ein Mikrofon vor zwei Menschen. | NDR, Janis R\u00f6hlig\" class=\"responsive\" loading=\"lazy\"\/><\/p>\n<p>Alles, was f\u00fcr Schleswig-Holstein wichtig ist: Im Nachrichten-Podcast von NDR 1 Welle Nord h\u00f6ren Sie das Neueste aus Schleswig-Holstein, Deutschland und der Welt.<\/p>\n<p>        <img decoding=\"async\" src=\"https:\/\/www.europesays.com\/de\/wp-content\/uploads\/2026\/08\/hintergrundbilder-698.webp\" alt=\"Die Rendsburger Eisenbahnhochbr\u00fccke und der Nord-Ostsee-Kanal von oben.\" title=\"Stephanie Seidel aus Kropp (Kreis Schleswig-Flensburg) nimmt uns mit in luftige H\u00f6he und zeigt uns die tolle Rendsburger Eisenbahnhochbr\u00fccke, die \u00fcber den Nord-Ostsee-Kanal f\u00fchrt. | Stephanie Seidel\" class=\"responsive\" loading=\"lazy\"\/><\/p>\n<p>Laut Bahn ist die Strecke immer von Samstag auf Sonntag und von Sonntag auf Montag zwischen 22 Uhr und 6 Uhr dicht. Der Grund sind Bauarbeiten.<\/p>\n<p>\n        16:00 Uhr\n    <\/p>\n<p>    Fu\u00dfball-Regionalliga Nord: Sieg f\u00fcr Weiche Flensburg<\/p>\n<p class=\"\">In der Fu\u00dfball-Regionalliga Nord hat Weiche Flensburg am Samstagnachmittag gegen Atlas Delmenhorst mit 1:0 gewonnen. Torsch\u00fctze war Dominik Bornholdt. | NDR Schleswig-Holstein 29.08.2026 16:00 Uhr<\/p>\n<p>        <img decoding=\"async\" src=\"https:\/\/www.europesays.com\/de\/wp-content\/uploads\/2026\/03\/podcastlogo104.webp.webp\" alt=\"Ein Mikrofon vor zwei Menschen.\" title=\"Ein Mikrofon vor zwei Menschen. | NDR, Janis R\u00f6hlig\" class=\"responsive\" loading=\"lazy\"\/><\/p>\n<p>Alles, was f\u00fcr Schleswig-Holstein wichtig ist: Im Nachrichten-Podcast von NDR 1 Welle Nord h\u00f6ren Sie das Neueste aus Schleswig-Holstein, Deutschland und der Welt.<\/p>\n<p>\n        14:26 Uhr\n    <\/p>\n<p>    Land meldet knapp 140 Wolfsrisse<\/p>\n<p class=\"\">In diesem Jahr sind in Schleswig-Holstein bis Anfang August rund 136 Nutztiere &#8211; meist Schafe &#8211; <a href=\"https:\/\/www.ndr.de\/nachrichten\/schleswig-holstein\/wolfsrisse-bis-august-knapp-140-nutztiere-in-sh-getoetet,shnews-850.html\" title=\"Wolfsrisse: Bis August knapp 140 Nutztiere in SH get\u00f6tet\" rel=\"nofollow noopener\" target=\"_blank\">durch W\u00f6lfe get\u00f6tet worden<\/a>. So viele best\u00e4tigte Wolfsrisse liegen dem Landesamt f\u00fcr Umwelt vor. Au\u00dferdem seien weitere Tiere verletzt worden, hei\u00dft es. Nach Angaben des Landesamtes gab es aber bislang keinen Vorfall hinter einem vollst\u00e4ndig intakten wolfsabweisenden Zaun. In Wolfspr\u00e4ventionsgebieten \u00fcbernimmt das Land die Kosten f\u00fcr solche Z\u00e4une. Diese Gebiete werden vom Umweltministerium ausgewiesen, wenn sich beispielsweise ein Wolf oder ein Rudel \u00fcber mindestens sechs Monate dort aufh\u00e4lt oder es eine aktuelle Riss-Serie gibt. | NDR Schleswig-Holstein 29.08.2026 16:00 Uhr<\/p>\n<p>        <img decoding=\"async\" src=\"https:\/\/www.europesays.com\/de\/wp-content\/uploads\/2026\/05\/wolf-426.webp\" alt=\"Ein Wolf vor einem gr\u00fcnen Hintergrund.\" title=\"Ein Wolf vor einem gr\u00fcnen Hintergrund. | colourbox \/ Willy Mobilo\" class=\"responsive\" loading=\"lazy\"\/><\/p>\n<p>So viele best\u00e4tigte Wolfsrisse liegen dem Landesamt f\u00fcr Umwelt vor. Au\u00dferdem seien weitere Tiere verletzt worden, hei\u00dft es.<\/p>\n<p>        <img decoding=\"async\" src=\"https:\/\/www.europesays.com\/de\/wp-content\/uploads\/2026\/03\/podcastlogo104.webp.webp\" alt=\"Ein Mikrofon vor zwei Menschen.\" title=\"Ein Mikrofon vor zwei Menschen. | NDR, Janis R\u00f6hlig\" class=\"responsive\" loading=\"lazy\"\/><\/p>\n<p>Alles, was f\u00fcr Schleswig-Holstein wichtig ist: Im Nachrichten-Podcast von NDR 1 Welle Nord h\u00f6ren Sie das Neueste aus Schleswig-Holstein, Deutschland und der Welt.<\/p>\n<p>\n        14:22 Uhr\n    <\/p>\n<p>    Mehr ADHS-Neudiagnosen bei Kindern in Schleswig-Holstein<\/p>\n<p class=\"\">Die Zahl der Kinder und Jugendlichen in Schleswig-Holstein mit einer <a href=\"https:\/\/www.ndr.de\/nachrichten\/schleswig-holstein\/mehr-adhs-neudiagnosen-bei-kindern-in-schleswig-holstein,shnews-852.html\" title=\"Mehr ADHS-Neudiagnosen bei Kindern in Schleswig-Holstein\" rel=\"nofollow noopener\" target=\"_blank\">ADHS-Neudiagnose<\/a> ist nach Angaben der Krankenkasse DAK-Gesundheit stark gestiegen. Im Vergleich zum Vorjahr betrug der Anstieg 2024 rund 24 Prozent, hie\u00df es. Hochgerechnet wurde demnach landesweit bei rund 7.200 jungen Menschen erstmals eine Aufmerksamkeitsdefizit-\/Hyperaktivit\u00e4tsst\u00f6rung, also ADHS diagnostiziert. Jungen bekommen laut DAK mehr als doppelt so h\u00e4ufig diese Erstdiagnose wie M\u00e4dchen. | NDR Schleswig-Holstein 29.08.2026 14:00 Uhr<\/p>\n<p>        <img decoding=\"async\" src=\"https:\/\/www.europesays.com\/de\/wp-content\/uploads\/2026\/08\/adhs-166.webp\" alt=\"ADHS steht auf einigen Baukl\u00f6tzen.\" title=\"ADHS steht auf einigen Baukl\u00f6tzen. | picture alliance \/ Zoonar | Berit Kessler\" class=\"responsive\" loading=\"lazy\"\/><\/p>\n<p>Im Vergleich zum Vorjahr betrug der Anstieg 2024 rund 24 Prozent &#8211; laut der Krankenkasse DAK-Gesundheit.<\/p>\n<p>        <img decoding=\"async\" src=\"https:\/\/www.europesays.com\/de\/wp-content\/uploads\/2026\/03\/podcastlogo104.webp.webp\" alt=\"Ein Mikrofon vor zwei Menschen.\" title=\"Ein Mikrofon vor zwei Menschen. | NDR, Janis R\u00f6hlig\" class=\"responsive\" loading=\"lazy\"\/><\/p>\n<p>Alles, was f\u00fcr Schleswig-Holstein wichtig ist: Im Nachrichten-Podcast von NDR 1 Welle Nord h\u00f6ren Sie das Neueste aus Schleswig-Holstein, Deutschland und der Welt.<\/p>\n<p>\n        12:46 Uhr\n    <\/p>\n<p>    Geld sitzt offenbar wieder lockerer: Restaurantbesitzer zufrieden<\/p>\n<p class=\"\">Die meisten der Restaurant-Besitzer im Land sind zufrieden oder sehr zufrieden mit den Ums\u00e4tzen in diesem Sommer. Das teilt der Hotel- und Gastst\u00e4ttenverband (Dehoga) NDR Schleswig-Holstein mit. Laut einer internen Dehoga-Umfrage unter 100 Betrieben sind etwa 66 Prozent davon zufrieden mit der Saison. Dehoga-Pr\u00e4sident Lutz Frank beobachtet, dass bei vielen Menschen das Geld wieder lockerer sitze. Es w\u00fcrden auch wieder Dessert oder ein zweites Getr\u00e4nkt bestellt. | NDR Schleswig-Holstein 29.08.2026 13:00 Uhr<\/p>\n<p>        <img decoding=\"async\" src=\"https:\/\/www.europesays.com\/de\/wp-content\/uploads\/2026\/03\/podcastlogo104.webp.webp\" alt=\"Ein Mikrofon vor zwei Menschen.\" title=\"Ein Mikrofon vor zwei Menschen. | NDR, Janis R\u00f6hlig\" class=\"responsive\" loading=\"lazy\"\/><\/p>\n<p>Alles, was f\u00fcr Schleswig-Holstein wichtig ist: Im Nachrichten-Podcast von NDR 1 Welle Nord h\u00f6ren Sie das Neueste aus Schleswig-Holstein, Deutschland und der Welt.<\/p>\n<p>        <img decoding=\"async\" src=\"https:\/\/www.europesays.com\/de\/wp-content\/uploads\/2026\/08\/alkohol-264.webp\" alt=\"Zwei Menschen sto\u00dfen an mit Bier und Aperol Spritz.\" title=\"Zwei Menschen sto\u00dfen an mit Bier und Aperol Spritz. | picture alliance \/ M.i.S. | Bernd Feil\" class=\"responsive\" loading=\"lazy\"\/><\/p>\n<p>Laut einer internen Dehoga-Umfrage unter 100 Betrieben in Schleswig-Holstein sind etwa 66 Prozent davon zufrieden mit der Saison.<\/p>\n<p>\n        10:46 Uhr\n    <\/p>\n<p>    Katastrophenschutz\u00fcbung auf Fehmarn<\/p>\n<p class=\"\">Wie gut sind Einsatzkr\u00e4fte und Beh\u00f6rden auf ein Unwetter mit Ostsee-Hochwasser vorbereitet? Das haben am Samstag 300 Einsatzkr\u00e4fte von Feuerwehr, THW, DRK, ASB und der <a href=\"https:\/\/www.ndr.de\/nachrichten\/schleswig-holstein\/Ostholstein-Aktuelle-Nachrichten-und-Videos,ostholstein126.html\" title=\"Ostholstein - Aktuelle Nachrichten und Videos\" rel=\"nofollow noopener\" target=\"_blank\">Kreis Ostholstein<\/a> auf Fehmarn getestet &#8211; bei einer gro\u00dfen Katastrophenschutz-\u00dcbung. Das Szenario: Ein Deich bricht an der Westk\u00fcste der Ostseeinsel. Die Einsatzkr\u00e4fte \u00fcbten unter anderem, Sands\u00e4cke zu bef\u00fcllen und richtig zu verlegen. Der Rettungsdienst \u00fcbte es, Urlauber zu betreuen. Auch die Versorgung der Einsatzkr\u00e4fte sowie die Kommunikation zwischen den Einheiten wurde trainiert. | NDR Schleswig-Holstein 29.08.2026 11:00 Uhr<\/p>\n<p>        <img decoding=\"async\" src=\"https:\/\/www.europesays.com\/de\/wp-content\/uploads\/2026\/03\/podcastlogo104.webp.webp\" alt=\"Ein Mikrofon vor zwei Menschen.\" title=\"Ein Mikrofon vor zwei Menschen. | NDR, Janis R\u00f6hlig\" class=\"responsive\" loading=\"lazy\"\/><\/p>\n<p>Alles, was f\u00fcr Schleswig-Holstein wichtig ist: Im Nachrichten-Podcast von NDR 1 Welle Nord h\u00f6ren Sie das Neueste aus Schleswig-Holstein, Deutschland und der Welt.<\/p>\n<p>        <img decoding=\"async\" src=\"https:\/\/www.europesays.com\/de\/wp-content\/uploads\/2026\/08\/thw-fahrzeug-itzehoe-108.webp\" alt=\"Ein Fahrzeug des THW in Itzehoe.\" title=\"Ein Fahrzeug des THW in Itzehoe. | NDR, Vinetta Richter\" class=\"responsive\" loading=\"lazy\"\/><\/p>\n<p>300 Einsatzkr\u00e4fte testen, wie gut sie und die Beh\u00f6rden auf ein Unwetter mit Ostsee-Hochwasser vorbereitet w\u00e4ren.<\/p>\n<p>\n        10:23 Uhr\n    <\/p>\n<p>    Unfall in Dassendorf: 17-J\u00e4hrige lebensgef\u00e4hrlich verletzt<\/p>\n<p class=\"\">Bei einem Verkehrsunfall in der Gemeinde Dassendorf im <a href=\"https:\/\/www.ndr.de\/nachrichten\/schleswig-holstein\/Herzogtum-Lauenburg-Aktuelle-Nachrichten-und-Videos,herzogtumlauenburg126.html\" title=\"Herzogtum Lauenburg - Aktuelle Nachrichten und Videos\" rel=\"nofollow noopener\" target=\"_blank\">Kreis Herzogtum-Lauenburg<\/a> ist am Abend eine Jugendliche lebensgef\u00e4hrlich verletzt worden. Laut Polizei verlor ein 19-j\u00e4hriger Autofahrer aus bislang ungekl\u00e4rter Ursache die Kontrolle \u00fcber seinen Wagen und fuhr gegen einen Baum. Dabei wurde seine 17 Jahre alte Mitfahrerin schwer am Kopf verletzt. Der Fahrer und eine dritte Person im Wagen wurden leicht verletzt. Der Rettungsdienst brachte alle drei in ein Krankenhaus. Die H\u00f6he des Sachschadens ist noch nicht bekannt. | NDR Schleswig-Holstein 29.08.2026 11:00 Uhr<\/p>\n<p>        <img decoding=\"async\" src=\"https:\/\/www.europesays.com\/de\/wp-content\/uploads\/2026\/08\/feuerwehr4084.webp\" alt=\"Schriftzug &quot;Rettungsdienst&quot; steht auf einem gelb-rot gestreiften Einsatzfahrzeug.\" title=\"Schriftzug &quot;Rettungsdienst&quot; steht auf einem gelb-rot gestreiften Einsatzfahrzeug. | NDR, Pavel Stoyan\" class=\"responsive\" loading=\"lazy\"\/><\/p>\n<p>Laut Polizei verlor ein 19-j\u00e4hriger die Kontrolle \u00fcber sein Auto und fuhr gegen einen Baum. Warum, ist noch unklar.<\/p>\n<p>        <img decoding=\"async\" src=\"https:\/\/www.europesays.com\/de\/wp-content\/uploads\/2026\/03\/podcastlogo104.webp.webp\" alt=\"Ein Mikrofon vor zwei Menschen.\" title=\"Ein Mikrofon vor zwei Menschen. | NDR, Janis R\u00f6hlig\" class=\"responsive\" loading=\"lazy\"\/><\/p>\n<p>Alles, was f\u00fcr Schleswig-Holstein wichtig ist: Im Nachrichten-Podcast von NDR 1 Welle Nord h\u00f6ren Sie das Neueste aus Schleswig-Holstein, Deutschland und der Welt.<\/p>\n<p>\n        10:00 Uhr\n    <\/p>\n<p>    Trockenheit und Hitze in SH: Tausende B\u00e4ume in St\u00e4dten sterben ab<\/p>\n<p class=\"\"><a href=\"https:\/\/www.ndr.de\/nachrichten\/schleswig-holstein\/schleswig-holsteins-stadtbaeume-sterben,stadtbaum-100.html\" title=\"Trockenheit und Hitze in SH: Tausende B\u00e4ume in St\u00e4dten sterben ab\" rel=\"nofollow noopener\" target=\"_blank\">Tausende Stadtb\u00e4ume<\/a> sind in Schleswig-Holstein in den vergangenen Jahren abgestorben. Das zeigt eine Untersuchung der Deutschen Umwelthilfe. Grund sind vor allem Trockenheit und Hitze. Bei langen Trockenphasen kommen einige St\u00e4dte nicht mit der Bew\u00e4sserung hinterher. Alleine in <a href=\"https:\/\/www.ndr.de\/nachrichten\/schleswig-holstein\/Luebeck-Aktuelle-Nachrichten-und-Videos-,luebeck2802.html\" title=\"L\u00fcbeck - Aktuelle Nachrichten und Videos\" rel=\"nofollow noopener\" target=\"_blank\">L\u00fcbeck<\/a> sind nach Zahlen der Umwelthilfe zwischen 2018 und 2025 fast 6.000 B\u00e4ume abgestorben. Vielerorts wird deshalb an neuen Konzepten f\u00fcr Stra\u00dfen- und Stadtb\u00e4ume gearbeitet. Bei Neupflanzungen setzt man unter anderem auf Baumarten, die besser mit Hitze und Trockenheit zurechtkommen. In <a href=\"https:\/\/www.ndr.de\/nachrichten\/schleswig-holstein\/Flensburg-Nachrichten-Hintergruende-und-Videos,flensburg6034.html\" title=\"Flensburg - Aktuelle Nachrichten und Videos\" rel=\"nofollow noopener\" target=\"_blank\">Flensburg<\/a> forscht ein Team an Sensoren, die die Bodentrockenheit messen. | NDR Schleswig-Holstein 29.08.2026 11:00 Uhr<\/p>\n<p>        <img decoding=\"async\" src=\"https:\/\/www.europesays.com\/de\/wp-content\/uploads\/2026\/03\/podcastlogo104.webp.webp\" alt=\"Ein Mikrofon vor zwei Menschen.\" title=\"Ein Mikrofon vor zwei Menschen. | NDR, Janis R\u00f6hlig\" class=\"responsive\" loading=\"lazy\"\/><\/p>\n<p>Alles, was f\u00fcr Schleswig-Holstein wichtig ist: Im Nachrichten-Podcast von NDR 1 Welle Nord h\u00f6ren Sie das Neueste aus Schleswig-Holstein, Deutschland und der Welt.<\/p>\n<p>        <img decoding=\"async\" src=\"https:\/\/www.europesays.com\/de\/wp-content\/uploads\/2026\/08\/trockenestadtbaeume-100.webp\" alt=\"Im Vordergrund trockenes Laub an B\u00e4umen, im Hintergrund ein Stadtpark.\" title=\"F\u00fcr Stadtb\u00e4ume ist die Trockenheit der letzten Jahre ein Problem. Sie leiden unter Trockenstress und sterben im schlimmsten Fall ab. | picture alliance \/ Sven Simon\" class=\"responsive\" loading=\"lazy\"\/><\/p>\n<p>Die Trockenheit setzt den Stadtb\u00e4umen in SH massiv zu. In Flensburg und weiteren St\u00e4dten arbeiten Experten an L\u00f6sungen.<\/p>\n<p>\n        09:54 Uhr\n    <\/p>\n<p>    Flensburgs Handballer siegen zum Saisonauftakt knapp<\/p>\n<p class=\"\">Vor eigenem Publikum hat die SG Flensburg-Handewitt zum Auftakt der Bundesliga gegen Eisenach mit 33:31 gewonnen. Das Spiel am Freitagabend war umk\u00e4mpft, zur Halbzeit hatte die SG mit 20:18 gef\u00fchrt. Bereits am Donnerstag war <a href=\"https:\/\/www.ndr.de\/sport\/handball\/saisonauftakt-nach-mass-thw-kiel-besiegt-tbv-lemgo-lippe,thw-kiel-508.html\" title=\"Handball-Bundesliga: Saisonauftakt nach Ma\u00df: THW Kiel besiegt TBV Lemgo Lippe\" rel=\"nofollow noopener\" target=\"_blank\">auch der THW Kiel erfolgreich in die Saison gestartet<\/a>. | NDR Schleswig-Holstein 29.08.2026 10:00 Uhr<\/p>\n<p>        <img decoding=\"async\" src=\"https:\/\/www.europesays.com\/de\/wp-content\/uploads\/2026\/03\/podcastlogo104.webp.webp\" alt=\"Ein Mikrofon vor zwei Menschen.\" title=\"Ein Mikrofon vor zwei Menschen. | NDR, Janis R\u00f6hlig\" class=\"responsive\" loading=\"lazy\"\/><\/p>\n<p>Alles, was f\u00fcr Schleswig-Holstein wichtig ist: Im Nachrichten-Podcast von NDR 1 Welle Nord h\u00f6ren Sie das Neueste aus Schleswig-Holstein, Deutschland und der Welt.<\/p>\n<p>        <img decoding=\"async\" src=\"https:\/\/www.europesays.com\/de\/wp-content\/uploads\/2026\/08\/flensburg-354.webp\" alt=\"Emil Siersbaek Bergholt (l.) von der SG Flensburg-Handewitt im Duell mit Tillman Leu vom ThSV Eisenach \" title=\"Emil Siersbaek Bergholt (l.) von der SG Flensburg-Handewitt im Duell mit Tillman Leu vom ThSV Eisenach  | IMAGO \/ Beautiful Sports\" class=\"responsive\" loading=\"lazy\"\/><\/p>\n<p>Handball-Bundesliga <\/p>\n<p>Die Schleswig-Holsteiner liegen in ihrem ersten Saisonspiel bis kurz vor Schluss zur\u00fcck, zeigen dann aber noch Moral und Klasse. <\/p>\n<p>\n        09:44 Uhr\n    <\/p>\n<p>    Timmendorfer Strand und Anholt: Buckelwal-DNA-Daten identisch<\/p>\n<p class=\"\">Bei dem vor der <a href=\"https:\/\/www.ndr.de\/nachrichten\/schleswig-holstein\/toter-buckelwal-in-daenemark-obduktion-am-strand-von-anholt,walobduktion-100.html\" title=\"Bergung gelungen: Toter Buckelwal in D\u00e4nemark liegt jetzt am Strand\" rel=\"nofollow noopener\" target=\"_blank\">d\u00e4nischen Insel Anholt angesp\u00fclten toten Buckelwal<\/a> handelt es sich mit gro\u00dfer Gewissheit um das zun\u00e4chst vor Timmendorfer Strand gestrandete Tier. Nach Angaben eines Molekulargenetikers der Universit\u00e4t G\u00f6ttingen stimmt die Probe des Kadavers mit einer weiteren Gewebeprobe des Wals zu 99,91 Prozent \u00fcberein. Der Wal war nach Schleswig-Holstein auch an der K\u00fcste Mecklenburg-Vorpommerns gestrandet und k\u00e4mpfte dort auf Sandb\u00e4nken ums \u00dcberleben. Nachdem mehrere, umstrittene Rettungsversuche fehlgeschlagen waren, \u00fcberf\u00fchrte eine private Initiative das Tier von der Insel Poel zur\u00fcck in die Nordsee &#8211; <a href=\"https:\/\/www.ndr.de\/nachrichten\/schleswig-holstein\/toter-buckelwal-in-daenemark-obduktion-am-strand-von-anholt,walobduktion-100.html\" title=\"Bergung gelungen: Toter Buckelwal in D\u00e4nemark liegt jetzt am Strand\" rel=\"nofollow noopener\" target=\"_blank\">wo es schlie\u00dflich starb<\/a>. | NDR Schleswig-Holstein 29.08.2026 08:00 Uhr<\/p>\n<p>        <img decoding=\"async\" src=\"https:\/\/www.europesays.com\/de\/wp-content\/uploads\/2026\/03\/podcastlogo104.webp.webp\" alt=\"Ein Mikrofon vor zwei Menschen.\" title=\"Ein Mikrofon vor zwei Menschen. | NDR, Janis R\u00f6hlig\" class=\"responsive\" loading=\"lazy\"\/><\/p>\n<p>Alles, was f\u00fcr Schleswig-Holstein wichtig ist: Im Nachrichten-Podcast von NDR 1 Welle Nord h\u00f6ren Sie das Neueste aus Schleswig-Holstein, Deutschland und der Welt.<\/p>\n<p>        <img decoding=\"async\" src=\"https:\/\/www.europesays.com\/de\/wp-content\/uploads\/2026\/08\/wal-738.webp\" alt=\"Kadaver des Buckelwals wird von Unimog an den Strand gezogen. \" title=\"Kadaver des Buckelwals wird von Unimog an den Strand gezogen.  | dpa-Bildfunk \" class=\"responsive\" loading=\"lazy\"\/><\/p>\n<p>Eine neue DNA-Analyse beseitigt letzte Zweifel: Der Wal, der an den K\u00fcsten von SH und MV strandete  und der, der in D\u00e4nemark verendete, war ein und derselbe.<\/p>\n<p>\n        09:23 Uhr\n    <\/p>\n<p>    Anrainer beschlie\u00dfen Taskforce zum Schutz der Ostsee<\/p>\n<p class=\"\">Die <a href=\"https:\/\/www.ndr.de\/nachrichten\/schleswig-holstein\/sicherheitsgipfel-in-flensburg-demokratische-staaten-stehen-zusammen,innenminister-168.html\" title=\"Ostsee-Gipfel: Dobrindt k\u00fcndigt Taskforce f\u00fcr mehr Sicherheit an\" rel=\"nofollow noopener\" target=\"_blank\">Anrainerstaaten der Ostsee wollen in der Sicherheitspolitik st\u00e4rker zusammenarbeiten<\/a>. Das teilte Bundesinnenminister Alexander Dobrindt (CSU) nach einem Treffen mit Amtskollegen in <a href=\"https:\/\/www.ndr.de\/nachrichten\/schleswig-holstein\/Flensburg-Nachrichten-Hintergruende-und-Videos,flensburg6034.html\" title=\"Flensburg - Aktuelle Nachrichten und Videos\" rel=\"nofollow noopener\" target=\"_blank\">Flensburg<\/a> mit. Demnach werden die Staaten aus dem Ostseeraum auf Ebene der Staatssekret\u00e4re eine gemeinsame Arbeitsgruppe einrichten. Ziel ist es, bei der Abwehr von sogenannten hybriden Bedrohungen st\u00e4rker zusammenzuarbeiten. Es gebe im Ostseeraum eine hohe Gef\u00e4hrdungslage, so Dobrindt. | NDR Schleswig-Holstein 28.08.2026 17:00 Uhr<\/p>\n<p>        <img decoding=\"async\" src=\"https:\/\/www.europesays.com\/de\/wp-content\/uploads\/2026\/03\/podcastlogo104.webp.webp\" alt=\"Ein Mikrofon vor zwei Menschen.\" title=\"Ein Mikrofon vor zwei Menschen. | NDR, Janis R\u00f6hlig\" class=\"responsive\" loading=\"lazy\"\/><\/p>\n<p>Alles, was f\u00fcr Schleswig-Holstein wichtig ist: Im Nachrichten-Podcast von NDR 1 Welle Nord h\u00f6ren Sie das Neueste aus Schleswig-Holstein, Deutschland und der Welt.<\/p>\n<p>        <img decoding=\"async\" src=\"https:\/\/www.europesays.com\/de\/wp-content\/uploads\/2026\/08\/sicherheitsgipfel-120.webp\" alt=\"Alexander Dobrint\" title=\"Alexander Dobrint | NDR\" class=\"responsive\" loading=\"lazy\"\/><\/p>\n<p>Innenminister aus mehreren Ostsee-Anrainerstaaten haben in Flensburg \u00fcber hybride Bedrohungen beraten. <\/p>\n<p>\n        09:00 Uhr\n    <\/p>\n<p>    Das Wetter in Schleswig-Holstein<\/p>\n<p class=\"\">Heute Nachmittag gibt es viele Wolken und etwas Sonne. Von <a href=\"https:\/\/www.ndr.de\/nachrichten\/schleswig-holstein\/Nordfriesland-Aktuelle-Nachrichten-und-Videos,nordfriesland174.html\" title=\"Nordfriesland - Aktuelle Nachrichten und Videos\" rel=\"nofollow noopener\" target=\"_blank\">Nordfriesland <\/a>und der Westk\u00fcste her ziehen gelegentlich Regenwolken oder einzelne Schauer \u00fcbers Land, \u00f6rtlich kann es auch Gewitter geben. Die H\u00f6chstwerte liegen bei 21 bis 23 Grad. In der Nacht ist es wechselnd bis dicht bew\u00f6lkt, zeitweise regnet es, vereinzelt kann es Gewitter geben. Die Tiefstwerte liegen bei 17 bis 14 Grad. | NDR Schleswig-Holstein 29.08.2026 08:00 Uhr<\/p>\n<p>        <img decoding=\"async\" src=\"https:\/\/www.europesays.com\/de\/wp-content\/uploads\/2026\/08\/wetter-6918.webp\" alt=\"NDR Schleswig-Holstein Moderatorin Meike von der Goltz im Studio mit der Wettervorhersage.\" title=\"NDR Schleswig-Holstein Moderatorin Meike von der Goltz im Studio mit der Wettervorhersage. | NDR\" class=\"responsive\" loading=\"lazy\"\/><\/p>\n<p>NDR Schleswig-Holstein Moderatorin Meike von der Goltz mit den Aussichten f\u00fcr den 30. August und die kommenden Tage.<\/p>\n","protected":false},"excerpt":{"rendered":"AUDIO: Nachrichten 18:00 Uhr &#8211; 29.08.2026 (4 Min) Stand: 29.08.2026 18:09 Uhr Nachrichten aus Schleswig-Holstein vom 29. August&hellip;\n","protected":false},"author":2,"featured_media":898760,"comment_status":"","ping_status":"","sticky":false,"template":"","format":"standard","meta":{"footnotes":"","_share_on_mastodon":"0"},"categories":[1852],"tags":[590,3364,29,548,663,3934,30,13,4949,17462,14,15,12,1971,17461,1973],"class_list":["post-1268333","post","type-post","status-publish","format-standard","has-post-thumbnail","category-kiel","tag-aktuell","tag-de","tag-deutschland","tag-eu","tag-europa","tag-europe","tag-germany","tag-headlines","tag-kiel","tag-kompakt","tag-nachrichten","tag-news","tag-schlagzeilen","tag-schleswig-holstein","tag-ueberblick","tag-wetter"],"share_on_mastodon":{"url":"https:\/\/pubeurope.com\/@de\/117180701766609138","error":""},"_links":{"self":[{"href":"https:\/\/www.europesays.com\/de\/wp-json\/wp\/v2\/posts\/1268333","targetHints":{"allow":["GET"]}}],"collection":[{"href":"https:\/\/www.europesays.com\/de\/wp-json\/wp\/v2\/posts"}],"about":[{"href":"https:\/\/www.europesays.com\/de\/wp-json\/wp\/v2\/types\/post"}],"author":[{"embeddable":true,"href":"https:\/\/www.europesays.com\/de\/wp-json\/wp\/v2\/users\/2"}],"replies":[{"embeddable":true,"href":"https:\/\/www.europesays.com\/de\/wp-json\/wp\/v2\/comments?post=1268333"}],"version-history":[{"count":0,"href":"https:\/\/www.europesays.com\/de\/wp-json\/wp\/v2\/posts\/1268333\/revisions"}],"wp:featuredmedia":[{"embeddable":true,"href":"https:\/\/www.europesays.com\/de\/wp-json\/wp\/v2\/media\/898760"}],"wp:attachment":[{"href":"https:\/\/www.europesays.com\/de\/wp-json\/wp\/v2\/media?parent=1268333"}],"wp:term":[{"taxonomy":"category","embeddable":true,"href":"https:\/\/www.europesays.com\/de\/wp-json\/wp\/v2\/categories?post=1268333"},{"taxonomy":"post_tag","embeddable":true,"href":"https:\/\/www.europesays.com\/de\/wp-json\/wp\/v2\/tags?post=1268333"}],"curies":[{"name":"wp","href":"https:\/\/api.w.org\/{rel}","templated":true}]}}