{"id":1268344,"date":"2026-08-29T20:37:16","date_gmt":"2026-08-29T20:37:16","guid":{"rendered":"https:\/\/www.europesays.com\/de\/1268344\/"},"modified":"2026-08-29T20:37:16","modified_gmt":"2026-08-29T20:37:16","slug":"laut-ranking-augsburg-ist-bayerns-doener-hochburg","status":"publish","type":"post","link":"https:\/\/www.europesays.com\/de\/1268344\/","title":{"rendered":"Laut Ranking: Augsburg ist Bayerns D\u00f6ner-Hochburg"},"content":{"rendered":"<p class=\"mb-6 text-xs-varying md:text-m lg:text-l font-serif group-[.font-sans]:font-sans \">\n    Der D\u00f6ner ist Deutschlands liebstes Fast Food. <a href=\"https:\/\/www.augsburger-allgemeine.de\/kultur\/gesellschaft\/trump-mit-pommes-soeder-mit-doener-volksnaehe-durch-essen-103314534\" target=\"_self\" class=\"underline \" rel=\"nofollow noopener\">Ex-Kanzlerin Angela Merkel, Bundespr\u00e4sident Frank-Walter Steinmeier und der bayerische Ministerpr\u00e4sident Markus S\u00f6der stellten sich bereits an den Drehspie\u00df.<\/a> Die <a href=\"https:\/\/www.augsburger-allgemeine.de\/bayern\/soeder-kebab-die-csu-hat-jetzt-eine-eigen-doener-marke-08-29-110651546\" target=\"_self\" class=\"underline \" rel=\"nofollow noopener\">CSU hat sich sogar die Markenrechte f\u00fcr \u201eS\u00f6der Kebab\u201c und das Bild von S\u00f6der als D\u00f6nermann<\/a> gesichert. Eine <a href=\"https:\/\/listflix.de\/unternehmen\/statistiken\/ranking-doenderlaeden\/\" rel=\"nofollow noopener\" target=\"_blank\" class=\"underline \">Branchenstatistik von Listflix<\/a> zeigt, welche deutschen St\u00e4dte die meisten D\u00f6nerl\u00e4den in Relation zu ihrer Einwohnerzahl haben. So schneiden die St\u00e4dte in <a href=\"https:\/\/augsburger-allgemeine.de\/bayern\/\" target=\"_self\" class=\"underline \" rel=\"nofollow noopener\">Bayern<\/a> ab.\n  <\/p>\n<p class=\"mb-6 text-xs-varying md:text-m lg:text-l font-serif group-[.font-sans]:font-sans \">\n    Nur zwei Gro\u00dfst\u00e4dte im Freistaat schaffen es in die Top 30 des deutschlandweiten D\u00f6nerladen-Dichte-Rankings. Die zweitgr\u00f6\u00dfte Stadt Bayerns, N\u00fcrnberg, sichert sich mit einer Dichte von 7,18 D\u00f6ner-L\u00e4den pro 100.000 Einwohner. Einen h\u00f6heren Rang erhielt aber nicht Bayerns gr\u00f6\u00dfte Stadt, die Landeshauptstadt <a href=\"https:\/\/www.augsburger-allgemeine.de\/orte\/aa-muenchen\" target=\"_self\" class=\"underline \" rel=\"nofollow noopener\">M\u00fcnchen<\/a>. Die schafft es deutschlandweit nicht mal in die Top 30.\n  <\/p>\n<p>            D\u00f6nerl\u00e4den-Dichte in Deutschland: Zwei bayerische Gro\u00dfst\u00e4dte in der Top 30<\/p>\n<p class=\"mb-6 text-xs-varying md:text-m lg:text-l font-serif group-[.font-sans]:font-sans \">\n    Der Titel f\u00fcr die bayerische Gro\u00dfstadt mit der h\u00f6chsten Dichte an D\u00f6nerl\u00e4den geht laut Listflix an die drittgr\u00f6\u00dfte Stadt im Freistaat, <a href=\"https:\/\/www.augsburger-allgemeine.de\/augsburg\/\" target=\"_self\" class=\"underline \" rel=\"nofollow noopener\">Augsburg<\/a>. Die schw\u00e4bische Bezirkshauptstadt landet mit 11,29 D\u00f6nerl\u00e4den pro 100.000 Einwohner im deutschlandweiten Ranking auf Platz 4.\n  <\/p>\n<p class=\"mb-6 text-xs-varying md:text-m lg:text-l font-serif group-[.font-sans]:font-sans \">\n    Nur drei Gro\u00dfst\u00e4dte in der Bundesrepublik haben mehr D\u00f6nerl\u00e4den als Augsburg. Kiel, die Landeshauptstadt von Schleswig-Holstein, landet mit einem Wert von 11,48 auf Platz drei. In Baden-W\u00fcrttemberg \u00fcberholt, wie auch in Bayern, die zweitgr\u00f6\u00dfte Stadt die Landeshauptstadt. Mannheim landet mit einem Wert von 13,21 auf Platz zwei in Deutschland.\n  <\/p>\n<p>            Augsburg auf deutschlandweitem Ranking auf Platz vier<\/p>\n<p class=\"mb-6 text-xs-varying md:text-m lg:text-l font-serif group-[.font-sans]:font-sans \">\n    Platz eins in der ganzen Bundesrepublik geht an Duisburg. Die Stadt aus Nordrhein-Westfalen landet mit einem Wert von 13,34  D\u00f6nerl\u00e4den pro 100.000 Einwohner, knapp vor Mannheim.\n  <\/p>\n<p class=\"mb-6 text-xs-varying md:text-m lg:text-l font-serif group-[.font-sans]:font-sans \">\n    Listflix weist in der Auswertung daraufhin: \u201eDas Ranking erfasst rechtlich selbstst\u00e4ndige D\u00f6nerl\u00e4den. Filialen werden nicht als separate Standorte gez\u00e4hlt. Die Ergebnisse bilden daher die Unternehmensdichte und nicht die vollst\u00e4ndige Standortdichte ab.\u201c\n  <\/p>\n<p class=\"mb-6 text-xs-varying md:text-m lg:text-l font-serif group-[.font-sans]:font-sans \">\n    Hier die Liste f\u00fcr die bayerischen St\u00e4dte mit \u00fcber 100.000 Einwohner\n  <\/p>\n<ol class=\"list-decimal my-4 list-inside\">\n<li class=\" mb-3 text-xs-varying md:text-m lg:text-l\">Augsburg 11,29<\/li>\n<li class=\" mb-3 text-xs-varying md:text-m lg:text-l\">Ingolstadt 9,21<\/li>\n<li class=\" mb-3 text-xs-varying md:text-m lg:text-l\">F\u00fcrth 9,09<\/li>\n<li class=\" mb-3 text-xs-varying md:text-m lg:text-l\">W\u00fcrzburg 7,50<\/li>\n<li class=\" mb-3 text-xs-varying md:text-m lg:text-l\">Regensburg 7,27<\/li>\n<li class=\" mb-3 text-xs-varying md:text-m lg:text-l\">N\u00fcrnberg 7,18<\/li>\n<li class=\" mb-3 text-xs-varying md:text-m lg:text-l\">Erlangen 6,90<\/li>\n<li class=\" mb-3 text-xs-varying md:text-m lg:text-l\">M\u00fcnchen 4,32<\/li>\n<\/ol>\n<p class=\"mb-6 text-xs-varying md:text-m lg:text-l font-serif group-[.font-sans]:font-sans \">\n    Hier die deutschlandweite Top 30 von Listflix:\n  <\/p>\n<ol class=\"list-decimal my-4 list-inside\">\n<li class=\" mb-3 text-xs-varying md:text-m lg:text-l\">Duisburg 13,34<\/li>\n<li class=\" mb-3 text-xs-varying md:text-m lg:text-l\">Mannheim 13,21<\/li>\n<li class=\" mb-3 text-xs-varying md:text-m lg:text-l\">Kiel 11,48<\/li>\n<li class=\" mb-3 text-xs-varying md:text-m lg:text-l\">Augsburg 11,29<\/li>\n<li class=\" mb-3 text-xs-varying md:text-m lg:text-l\">Aachen 10,66<\/li>\n<li class=\" mb-3 text-xs-varying md:text-m lg:text-l\">L\u00fcbeck 10,14<\/li>\n<li class=\" mb-3 text-xs-varying md:text-m lg:text-l\">Oberhausen 9,83<\/li>\n<li class=\" mb-3 text-xs-varying md:text-m lg:text-l\">Karlsruhe 9,38<\/li>\n<li class=\" mb-3 text-xs-varying md:text-m lg:text-l\">Gelsenkirchen 9,33<\/li>\n<li class=\" mb-3 text-xs-varying md:text-m lg:text-l\">Hannover 9,19<\/li>\n<li class=\" mb-3 text-xs-varying md:text-m lg:text-l\">M\u00fcnster 9,08<\/li>\n<li class=\" mb-3 text-xs-varying md:text-m lg:text-l\">Hamburg 9,02<\/li>\n<li class=\" mb-3 text-xs-varying md:text-m lg:text-l\">M\u00f6nchengladbach 8,98<\/li>\n<li class=\" mb-3 text-xs-varying md:text-m lg:text-l\">Stuttgart 8,98<\/li>\n<li class=\" mb-3 text-xs-varying md:text-m lg:text-l\">Bremen 8,70<\/li>\n<li class=\" mb-3 text-xs-varying md:text-m lg:text-l\">K\u00f6ln 8,69<\/li>\n<li class=\" mb-3 text-xs-varying md:text-m lg:text-l\">Mainz 8,46<\/li>\n<li class=\" mb-3 text-xs-varying md:text-m lg:text-l\">Dortmund 7,95<\/li>\n<li class=\" mb-3 text-xs-varying md:text-m lg:text-l\">Frankfurt am Main 7,54<\/li>\n<li class=\" mb-3 text-xs-varying md:text-m lg:text-l\">Rostock 7,31<\/li>\n<li class=\" mb-3 text-xs-varying md:text-m lg:text-l\">Bochum 7,25<\/li>\n<li class=\" mb-3 text-xs-varying md:text-m lg:text-l\">N\u00fcrnberg 7,18<\/li>\n<li class=\" mb-3 text-xs-varying md:text-m lg:text-l\">Freiburg im Breisgau 6,74<\/li>\n<li class=\" mb-3 text-xs-varying md:text-m lg:text-l\">Wiesbaden 6,58<\/li>\n<li class=\" mb-3 text-xs-varying md:text-m lg:text-l\">Chemnitz 6,51<\/li>\n<li class=\" mb-3 text-xs-varying md:text-m lg:text-l\">Essen 6,44<\/li>\n<li class=\" mb-3 text-xs-varying md:text-m lg:text-l\">Braunschweig 6,33<\/li>\n<li class=\" mb-3 text-xs-varying md:text-m lg:text-l\">Bielefeld 6,03<\/li>\n<li class=\" mb-3 text-xs-varying md:text-m lg:text-l\">Berlin 5,94<\/li>\n<li class=\" mb-3 text-xs-varying md:text-m lg:text-l\">Erfurt 5,48<\/li>\n<\/ol>\n","protected":false},"excerpt":{"rendered":"Der D\u00f6ner ist Deutschlands liebstes Fast Food. Ex-Kanzlerin Angela Merkel, Bundespr\u00e4sident Frank-Walter Steinmeier und der bayerische Ministerpr\u00e4sident Markus&hellip;\n","protected":false},"author":2,"featured_media":1268345,"comment_status":"","ping_status":"","sticky":false,"template":"","format":"standard","meta":{"footnotes":"","_share_on_mastodon":"0"},"categories":[1846],"tags":[7015,680,772,774,3364,29,2689,548,663,3934,14488,30,13,771,1268,14,15,12286,12],"class_list":["post-1268344","post","type-post","status-publish","format-standard","has-post-thumbnail","category-augsburg","tag-angela-merkel","tag-augsburg","tag-bayern","tag-csu","tag-de","tag-deutschland","tag-doenerladen","tag-eu","tag-europa","tag-europe","tag-frank-walter-steinmeier","tag-germany","tag-headlines","tag-markus-soeder","tag-muenchen","tag-nachrichten","tag-news","tag-ranking","tag-schlagzeilen"],"share_on_mastodon":{"url":"https:\/\/pubeurope.com\/@de\/117180723993294120","error":""},"_links":{"self":[{"href":"https:\/\/www.europesays.com\/de\/wp-json\/wp\/v2\/posts\/1268344","targetHints":{"allow":["GET"]}}],"collection":[{"href":"https:\/\/www.europesays.com\/de\/wp-json\/wp\/v2\/posts"}],"about":[{"href":"https:\/\/www.europesays.com\/de\/wp-json\/wp\/v2\/types\/post"}],"author":[{"embeddable":true,"href":"https:\/\/www.europesays.com\/de\/wp-json\/wp\/v2\/users\/2"}],"replies":[{"embeddable":true,"href":"https:\/\/www.europesays.com\/de\/wp-json\/wp\/v2\/comments?post=1268344"}],"version-history":[{"count":0,"href":"https:\/\/www.europesays.com\/de\/wp-json\/wp\/v2\/posts\/1268344\/revisions"}],"wp:featuredmedia":[{"embeddable":true,"href":"https:\/\/www.europesays.com\/de\/wp-json\/wp\/v2\/media\/1268345"}],"wp:attachment":[{"href":"https:\/\/www.europesays.com\/de\/wp-json\/wp\/v2\/media?parent=1268344"}],"wp:term":[{"taxonomy":"category","embeddable":true,"href":"https:\/\/www.europesays.com\/de\/wp-json\/wp\/v2\/categories?post=1268344"},{"taxonomy":"post_tag","embeddable":true,"href":"https:\/\/www.europesays.com\/de\/wp-json\/wp\/v2\/tags?post=1268344"}],"curies":[{"name":"wp","href":"https:\/\/api.w.org\/{rel}","templated":true}]}}