{"id":1268364,"date":"2026-08-29T20:49:30","date_gmt":"2026-08-29T20:49:30","guid":{"rendered":"https:\/\/www.europesays.com\/de\/1268364\/"},"modified":"2026-08-29T20:49:30","modified_gmt":"2026-08-29T20:49:30","slug":"pflanzendiebstahl-im-emscherland-dahlien-verschwinden-aus-beeten","status":"publish","type":"post","link":"https:\/\/www.europesays.com\/de\/1268364\/","title":{"rendered":"Pflanzendiebstahl im Emscherland: Dahlien verschwinden aus Beeten"},"content":{"rendered":"<p>\t\tManche stehlen hier sogar eine 20-Kilo-Dahlie<br \/>\n\t\t\t\t\tPflanzenklau sorgt im Emscherland f\u00fcr Frust<\/p>\n<p>\t\t<img alt=\"\" src=\"https:\/\/www.europesays.com\/de\/wp-content\/uploads\/2025\/04\/630_0036_40550_.jpg\"  class=\"avatar avatar-36 photo avatar-default\" height=\"36\" width=\"36\" loading=\"eager\" decoding=\"async\"\/>\t\t<a class=\"article-author__name\" href=\"https:\/\/www.ruhrnachrichten.de\/author\/tobias-weckenbrock\/\" rel=\"author nofollow noopener\" target=\"_blank\">Tobias Weckenbrock<\/a><br \/>\n\t\tRedakteur<\/p>\n<p>    <a href=\"https:\/\/www.ruhrnachrichten.de\/wp-content\/uploads\/2026\/08\/28\/09\/630_0900_6747062_-1648x824.jpg\" rel=\"nofollow noopener\" target=\"_blank\"><\/p>\n<p>            <img loading=\"lazy\" decoding=\"async\" src=\"https:\/\/www.europesays.com\/de\/wp-content\/uploads\/2026\/08\/630_0900_6747061_-640x428.jpg\" width=\"640\" height=\"428\"  alt=\"Unserem Reporter Tobias Weckenbrock fielen im Emscherland diese F\u00e4hnchen auf, die in einigen der Beete stehen. Sie wiesen auf Pflanzendiebstahl hin.\"\/><\/p>\n<p>    <\/a><br \/>\n    Unserem Reporter Tobias Weckenbrock fielen im Emscherland diese F\u00e4hnchen auf, die in einigen der Beete stehen. Sie wiesen auf Pflanzendiebstahl hin. \u00a9 Tobias Weckenbrock<\/p>\n<p class=\"article__teaser-text\">\u00d6ffentliche Beete im Emscherland werden gepl\u00fcndert. Eine gro\u00dfe Dahlie verschwand aus einem Themengarten \u2013 die Emschergenossenschaft setzt Ma\u00dfnahmen dagegen.<\/p>\n<p>2 Min Lesezeit<\/p>\n<p>Dahlien-Diebstahl entdecktNaturraum und Aufmerksamkeit<\/p>\n","protected":false},"excerpt":{"rendered":"Manche stehlen hier sogar eine 20-Kilo-Dahlie Pflanzenklau sorgt im Emscherland f\u00fcr Frust Tobias Weckenbrock Redakteur Unserem Reporter Tobias&hellip;\n","protected":false},"author":2,"featured_media":1268365,"comment_status":"","ping_status":"","sticky":false,"template":"","format":"standard","meta":{"footnotes":"","_share_on_mastodon":"0"},"categories":[1839],"tags":[7507,3364,29,1686,30,10388,1209],"class_list":["post-1268364","post","type-post","status-publish","format-standard","has-post-thumbnail","category-bochum","tag-bochum","tag-de","tag-deutschland","tag-diebstahl","tag-germany","tag-natur-umwelt","tag-nordrhein-westfalen"],"share_on_mastodon":{"url":"https:\/\/pubeurope.com\/@de\/117180773650033446","error":""},"_links":{"self":[{"href":"https:\/\/www.europesays.com\/de\/wp-json\/wp\/v2\/posts\/1268364","targetHints":{"allow":["GET"]}}],"collection":[{"href":"https:\/\/www.europesays.com\/de\/wp-json\/wp\/v2\/posts"}],"about":[{"href":"https:\/\/www.europesays.com\/de\/wp-json\/wp\/v2\/types\/post"}],"author":[{"embeddable":true,"href":"https:\/\/www.europesays.com\/de\/wp-json\/wp\/v2\/users\/2"}],"replies":[{"embeddable":true,"href":"https:\/\/www.europesays.com\/de\/wp-json\/wp\/v2\/comments?post=1268364"}],"version-history":[{"count":0,"href":"https:\/\/www.europesays.com\/de\/wp-json\/wp\/v2\/posts\/1268364\/revisions"}],"wp:featuredmedia":[{"embeddable":true,"href":"https:\/\/www.europesays.com\/de\/wp-json\/wp\/v2\/media\/1268365"}],"wp:attachment":[{"href":"https:\/\/www.europesays.com\/de\/wp-json\/wp\/v2\/media?parent=1268364"}],"wp:term":[{"taxonomy":"category","embeddable":true,"href":"https:\/\/www.europesays.com\/de\/wp-json\/wp\/v2\/categories?post=1268364"},{"taxonomy":"post_tag","embeddable":true,"href":"https:\/\/www.europesays.com\/de\/wp-json\/wp\/v2\/tags?post=1268364"}],"curies":[{"name":"wp","href":"https:\/\/api.w.org\/{rel}","templated":true}]}}