{"id":1268384,"date":"2026-08-29T21:09:17","date_gmt":"2026-08-29T21:09:17","guid":{"rendered":"https:\/\/www.europesays.com\/de\/1268384\/"},"modified":"2026-08-29T21:09:17","modified_gmt":"2026-08-29T21:09:17","slug":"kommentar-deutschland-muss-nach-attacke-von-leipzig-staerke-gegenueber-putin-zeigen-politik","status":"publish","type":"post","link":"https:\/\/www.europesays.com\/de\/1268384\/","title":{"rendered":"Kommentar: Deutschland muss nach Attacke von Leipzig St\u00e4rke gegen\u00fcber Putin zeigen | Politik"},"content":{"rendered":"<p><a class=\"skip-content skip-content--link\" href=\"#in-content-skip-link-target-v-0-0\">TTS-Player \u00fcberspringen\u21b5<\/a><a id=\"in-content-skip-link-target-v-0-0\" class=\"skip-content--target-link-hidden skip-content skip-content--target-link\" href=\"#in-content-skip-link-target-v-0-0\">Artikel weiterlesen<\/a><\/p>\n<p><b>Die Bundesregierung will in K\u00fcrze hieb- und stichfeste Beweise vorlegen, dass Russland hinter der Drohnen-Attacke in Leipzig steckt. Doch welche Konsequenzen wird Deutschland daraus ziehen, welche Ma\u00dfnahmen ergreifen?<\/b><\/p>\n<p>Seien wir ehrlich: Mit dem Vorfall in <a href=\"https:\/\/www.bild.de\/regional\/leipzig\/leipzig-regional\/startseite-16675698.bild.html\" class=\"text-link\" rel=\"nofollow noopener\" target=\"_blank\">Leipzig<\/a> wurde eine rote Linie \u00fcberschritten, und wir stehen weitgehend ungesch\u00fctzt da. Das bedeutet zweierlei. Erstens: Die Regierung muss so schnell wie m\u00f6glich eine un\u00fcberwindbare Firewall gegen hybride Angriffe hochziehen. Denn weitere Attacken d\u00fcrften folgen.<\/p>\n<p>Mehr zum Thema<\/p>\n<p><b>Zweitens: Wir m\u00fcssen echte St\u00e4rke gegen\u00fcber <\/b><a href=\"https:\/\/www.bild.de\/politik\/leute\/wladimir-putin\/wladimir-putin-alle-infos-79314364.bild.html\" class=\"text-link\" rel=\"nofollow noopener\" target=\"_blank\"><b>Putin<\/b><\/a><b> zeigen. Dazu geh\u00f6rt ein l\u00fcckenloses, internationales Fahrverbot der \u201eSchattenflotte\u201c in westlichen Gew\u00e4ssern. Denn wenn <\/b><a href=\"https:\/\/www.bild.de\/politik\/ausland\/russland\/russland-alle-infos-79315672.bild.html\" class=\"text-link\" rel=\"nofollow noopener\" target=\"_blank\"><b>Russland<\/b><\/a><b> sein Roh\u00f6l nicht mehr verschiffen k\u00f6nnte, tr\u00e4fe das die russische Wirtschaft empfindlich.<\/b><\/p>\n","protected":false},"excerpt":{"rendered":"TTS-Player \u00fcberspringen\u21b5Artikel weiterlesen Die Bundesregierung will in K\u00fcrze hieb- und stichfeste Beweise vorlegen, dass Russland hinter der Drohnen-Attacke&hellip;\n","protected":false},"author":2,"featured_media":1268385,"comment_status":"","ping_status":"","sticky":false,"template":"","format":"standard","meta":{"footnotes":"","_share_on_mastodon":"0"},"categories":[2],"tags":[331,3924,332,3922,31,774,3364,29,30,13,2388,4693,32,14,3923,15,3921,12,184],"class_list":["post-1268384","post","type-post","status-publish","format-standard","has-post-thumbnail","category-deutschland","tag-aktuelle-nachrichten","tag-aktuelle-nachrichten-aus-deutschland","tag-aktuelle-news","tag-aktuelle-news-aus-deutschland","tag-cdu","tag-csu","tag-de","tag-deutschland","tag-germany","tag-headlines","tag-klingbeil-lars","tag-kommentar","tag-merz-friedrich","tag-nachrichten","tag-nachrichten-aus-deutschland","tag-news","tag-news-aus-deutschland","tag-schlagzeilen","tag-spd"],"share_on_mastodon":{"url":"https:\/\/pubeurope.com\/@de\/117180849641241576","error":""},"_links":{"self":[{"href":"https:\/\/www.europesays.com\/de\/wp-json\/wp\/v2\/posts\/1268384","targetHints":{"allow":["GET"]}}],"collection":[{"href":"https:\/\/www.europesays.com\/de\/wp-json\/wp\/v2\/posts"}],"about":[{"href":"https:\/\/www.europesays.com\/de\/wp-json\/wp\/v2\/types\/post"}],"author":[{"embeddable":true,"href":"https:\/\/www.europesays.com\/de\/wp-json\/wp\/v2\/users\/2"}],"replies":[{"embeddable":true,"href":"https:\/\/www.europesays.com\/de\/wp-json\/wp\/v2\/comments?post=1268384"}],"version-history":[{"count":0,"href":"https:\/\/www.europesays.com\/de\/wp-json\/wp\/v2\/posts\/1268384\/revisions"}],"wp:featuredmedia":[{"embeddable":true,"href":"https:\/\/www.europesays.com\/de\/wp-json\/wp\/v2\/media\/1268385"}],"wp:attachment":[{"href":"https:\/\/www.europesays.com\/de\/wp-json\/wp\/v2\/media?parent=1268384"}],"wp:term":[{"taxonomy":"category","embeddable":true,"href":"https:\/\/www.europesays.com\/de\/wp-json\/wp\/v2\/categories?post=1268384"},{"taxonomy":"post_tag","embeddable":true,"href":"https:\/\/www.europesays.com\/de\/wp-json\/wp\/v2\/tags?post=1268384"}],"curies":[{"name":"wp","href":"https:\/\/api.w.org\/{rel}","templated":true}]}}