{"id":1268415,"date":"2026-08-29T21:33:23","date_gmt":"2026-08-29T21:33:23","guid":{"rendered":"https:\/\/www.europesays.com\/de\/1268415\/"},"modified":"2026-08-29T21:33:23","modified_gmt":"2026-08-29T21:33:23","slug":"borussia-dortmund-kreuzbandriss-bvb-bangt-um-neuzugang-konstantelias","status":"publish","type":"post","link":"https:\/\/www.europesays.com\/de\/1268415\/","title":{"rendered":"Borussia Dortmund: Kreuzbandriss? BVB bangt um Neuzugang Konstantelias"},"content":{"rendered":"<p>&#8222;Sorgen vor einer schweren Verletzung&#8220; <\/p>\n<p>Kreuzbandriss? BVB bangt um Neuzugang Konstantelias<\/p>\n<p>29.08.2026 &#8211; 23:13 UhrLesedauer: 2 Min.<\/p>\n<p><a href=\"#focus-0\" class=\"transition-colors block text-current relative\" data-sctrack=\"FocusGalleryImage.Reference\"><img fetchpriority=\"high\" data-testid=\"Opener.Image\"   loading=\"eager\" src=\"https:\/\/www.europesays.com\/de\/wp-content\/uploads\/2026\/08\/giannis-konstantelias-m-wird-vom-platz-gebracht.jpg\" alt=\"Giannis Konstantelias (M.) wird vom Platz gebracht.\" title=\"Giannis Konstantelias (M.) wird vom Platz gebracht.\" width=\"2378\" height=\"1338\" class=\"bg-[url:var(--lqipURL)] bg-cover bg-center flex h-full w-full max-w-full\" style=\"--lqipURL:url('https:\/\/images.t-online.de\/2026\/08\/KyHI1zsB0oTp\/644x41:2378x1338\/fit-in\/150x0\/filters:blur(25)\/giannis-konstantelias-m-wird-vom-platz-gebracht.jpg')\" decoding=\"async\"\/><img loading=\"lazy\" src=\"https:\/\/www.t-online.de\/s\/paper\/_next\/static\/media\/zoom-in.f7dae02f.svg\" alt=\"Vergr\u00f6\u00dfern des Bildes\" title=\"Vergr\u00f6\u00dfern des Bildes\" class=\"block h-[calc(var(--height)_\/_16_*_1rem)] w-[calc(var(--width)_\/_16_*_1rem)] max-w-none absolute right-8 bottom-8 rounded-4 bg-snow p-8\" style=\"--width:32;--height:32\" decoding=\"async\"\/><\/a><\/p>\n<p>Giannis Konstantelias (M.) wird vom Platz gebracht: Wird er dem BVB l\u00e4nger fehlen? (Quelle: IMAGO\/Maximilian Koch)<\/p>\n<p><img loading=\"lazy\" src=\"https:\/\/www.t-online.de\/s\/paper\/_next\/static\/media\/audio-volume.6689034c.svg\" alt=\"\" title=\"\" class=\"block h-[calc(var(--height)_\/_16_*_1rem)] w-[calc(var(--width)_\/_16_*_1rem)] max-w-none group-hover:brightness-0 group-hover:invert\" style=\"--width:16;--height:16\" decoding=\"async\"\/>Vorlesen<\/p>\n<p>Aktuelle Zeit:0:00Gesamtdauer:0:00<\/p>\n<p>1x<img loading=\"lazy\" src=\"https:\/\/www.t-online.de\/s\/paper\/_next\/static\/media\/font-sizes.32942e33.svg\" alt=\"\" title=\"\" class=\"block h-[calc(var(--height)_\/_16_*_1rem)] w-[calc(var(--width)_\/_16_*_1rem)] max-w-none group-hover:hidden group-aria-expanded:hidden\" style=\"--width:16;--height:16\" decoding=\"async\"\/><img loading=\"lazy\" src=\"https:\/\/www.t-online.de\/s\/paper\/_next\/static\/media\/font-sizes-dark-mode.e382645c.svg\" alt=\"\" title=\"\" class=\"block h-[calc(var(--height)_\/_16_*_1rem)] w-[calc(var(--width)_\/_16_*_1rem)] max-w-none hidden group-hover:block group-aria-expanded:block\" style=\"--width:16;--height:16\" decoding=\"async\"\/><img loading=\"lazy\" src=\"https:\/\/www.t-online.de\/s\/paper\/_next\/static\/media\/sharing-menu-icon.1eb71368.svg\" alt=\"\" title=\"\" class=\"block h-[calc(var(--height)_\/_16_*_1rem)] w-[calc(var(--width)_\/_16_*_1rem)] max-w-none group-hover:brightness-0 group-hover:invert\" style=\"--width:16;--height:16\" decoding=\"async\"\/>Artikel teilen<\/p>\n<p class=\"font-bold text-18 leading-17 user-text-lg:text-22 user-text-xl:text-24\">In seinem ersten Bundesligaspiel ist Giannis Konstantelias gleich einer der besten Dortmunder. Dann muss er verletzungsbedingt raus.<\/p>\n<p class=\"text-18 leading-17 user-text-lg:text-22 user-text-xl:text-24\">BVB-Trainer Niko Kova\u010d macht sich gro\u00dfe Sorgen um eine Knieverletzung von Giannis Konstantelias. &#8222;Es sieht so aus, dass der Doktor das getestet hat und er hat kein gutes Gef\u00fchl&#8220;, sagte der 54-J\u00e4hrige und k\u00fcndigte eine MRT-Untersuchung am Tag <a href=\"https:\/\/www.t-online.de\/sport\/fussball\/bundesliga\/id_101411314\/bundesliga-bvb-sichert-auftaktsieg-gegen-hsv-sorge-um-neuzugang.html\" class=\"transition-colors cursor-pointer no-underline md:hover:text-magenta md:focus:text-magenta border-b border-solid border-current text-salemsfur md:hover:border-magenta\" data-tracking=\"{&quot;action&quot;:&quot;click&quot;,&quot;category&quot;:&quot;intextLink&quot;,&quot;label&quot;:&quot;\/sport\/fussball\/bundesliga\/id_101411314\/bundesliga-bvb-sichert-auftaktsieg-gegen-hsv-sorge-um-neuzugang.html&quot;}\" data-sctrack=\"BodyAnchor\" rel=\"nofollow noopener\" target=\"_blank\">nach dem 2:0 gegen den Hamburger SV<\/a> an. &#8222;Wir haben diesen Sieg schon sehr teuer bezahlt, wenn es ein Kreuzbandriss sein sollte&#8220;, sagte Kova\u010d.<\/p>\n<p class=\"text-18 leading-17 user-text-lg:text-22 user-text-xl:text-24\">Konstantelias war beim Bundesliga-Auftakt am Samstag in der zweiten H\u00e4lfte verletzungsbedingt ausgewechselt worden und hatte sich ans Knie gefasst. Zuvor hatte der 23-j\u00e4hrige Grieche stark gespielt und das zweite Dortmunder Tor erzielt. Kova\u010d sprach davon, dass er &#8222;wirklich sehr traurig&#8220; sei angesichts der bef\u00fcrchteten schwereren Verletzung. &#8222;Man hat schon gesehen, wie wichtig er sein kann und auch ist&#8220;, sagte er.<\/p>\n<ul class=\"text-18 leading-17 block pl-24 *:pb-16 *:before:inline-block *:before:size-8 *:before:bg-magenta *:before:mt-0 *:before:mr-12 *:before:mb-2 *:before:-ml-[20px]\">\n<li><strong class=\"font-bold\">Trennungsger\u00fcchte:<\/strong> <a href=\"https:\/\/www.t-online.de\/sport\/fussball\/bundesliga\/id_101411290\/eintracht-frankfurt-trennung-sportvorstand-kroesche-weicht-fragen-aus.html\" class=\"transition-colors cursor-pointer no-underline md:hover:text-magenta md:focus:text-magenta border-b border-solid border-current text-salemsfur md:hover:border-magenta\" data-tracking=\"{&quot;action&quot;:&quot;click&quot;,&quot;category&quot;:&quot;intextLink&quot;,&quot;label&quot;:&quot;\/sport\/fussball\/bundesliga\/id_101411290\/eintracht-frankfurt-trennung-sportvorstand-kroesche-weicht-fragen-aus.html&quot;}\" data-sctrack=\"BodyAnchor\" rel=\"nofollow noopener\" target=\"_blank\">Eintracht-Boss weicht Fragen aus<\/a><\/li>\n<li><strong class=\"font-bold\">&#8222;So kann es nicht weitergehen&#8220;:<\/strong> <a href=\"https:\/\/www.t-online.de\/sport\/fussball\/bundesliga\/id_101411294\/bundesliga-leverkusens-flekken-schimpft-nach-elversberg-pleite.html\" class=\"transition-colors cursor-pointer no-underline md:hover:text-magenta md:focus:text-magenta border-b border-solid border-current text-salemsfur md:hover:border-magenta\" data-tracking=\"{&quot;action&quot;:&quot;click&quot;,&quot;category&quot;:&quot;intextLink&quot;,&quot;label&quot;:&quot;\/sport\/fussball\/bundesliga\/id_101411294\/bundesliga-leverkusens-flekken-schimpft-nach-elversberg-pleite.html&quot;}\" data-sctrack=\"BodyAnchor\" rel=\"nofollow noopener\" target=\"_blank\">Bayer-Keeper w\u00fctet nach Auftaktpleite<\/a><\/li>\n<\/ul>\n<p>&#8222;Sorgen vor einer schweren Verletzung&#8220;<\/p>\n<p class=\"text-18 leading-17 user-text-lg:text-22 user-text-xl:text-24\">Ole Book hatte sich zuvor \u00e4hnlich zu Kova\u010d ge\u00e4u\u00dfert. &#8222;Nat\u00fcrlich sollten wir heute ein kleines bisschen vorsichtig sein, was wir kommunizieren. Aber wir haben durchaus Sorgen vor einer schweren Verletzung&#8220;, sagte der Sportdirektor beim TV-Sender Sky.<\/p>\n<p class=\"text-18 leading-17 user-text-lg:text-22 user-text-xl:text-24\">Im ersten Moment habe es Book unheimlich leidgetan f\u00fcr den Jungen, &#8222;weil er hier angekommen ist und vom ersten Tag an eine tolle Pr\u00e4senz in der Kabine hat und auch auf dem Feld schon reingebracht hat. Ich glaube, wir m\u00f6gen ihn alle schon sehr gerne&#8220;. Konstantelias war f\u00fcr kolportierte 30 Millionen Euro Abl\u00f6se von PAOK Saloniki zum <a href=\"https:\/\/www.t-online.de\/themen\/borussia-dortmund\/\" class=\"transition-colors cursor-pointer no-underline md:hover:text-magenta md:focus:text-magenta border-b border-solid border-current text-salemsfur md:hover:border-magenta\" data-tracking=\"{&quot;action&quot;:&quot;click&quot;,&quot;category&quot;:&quot;intextLink&quot;,&quot;label&quot;:&quot;\/themen\/borussia-dortmund\/&quot;}\" data-sctrack=\"BodyAnchor\" rel=\"nofollow noopener\" target=\"_blank\">BVB<\/a> gekommen, wo er einen F\u00fcnfjahresvertrag erhielt.<\/p>\n","protected":false},"excerpt":{"rendered":"&#8222;Sorgen vor einer schweren Verletzung&#8220; Kreuzbandriss? BVB bangt um Neuzugang Konstantelias 29.08.2026 &#8211; 23:13 UhrLesedauer: 2 Min. Giannis&hellip;\n","protected":false},"author":2,"featured_media":1268416,"comment_status":"","ping_status":"","sticky":false,"template":"","format":"standard","meta":{"footnotes":"","_share_on_mastodon":"0"},"categories":[1833],"tags":[8837,403,3364,29,217,30,3150,88792,77524,32352,21755,13993,1209,6319],"class_list":["post-1268415","post","type-post","status-publish","format-standard","has-post-thumbnail","category-dortmund","tag-bundesligaspiel","tag-bvb","tag-de","tag-deutschland","tag-dortmund","tag-germany","tag-hamburger-sv","tag-konstantelias","tag-kreuzbandriss","tag-mrt","tag-neuzugang","tag-niko-kovac","tag-nordrhein-westfalen","tag-verletzung"],"share_on_mastodon":{"url":"","error":""},"_links":{"self":[{"href":"https:\/\/www.europesays.com\/de\/wp-json\/wp\/v2\/posts\/1268415","targetHints":{"allow":["GET"]}}],"collection":[{"href":"https:\/\/www.europesays.com\/de\/wp-json\/wp\/v2\/posts"}],"about":[{"href":"https:\/\/www.europesays.com\/de\/wp-json\/wp\/v2\/types\/post"}],"author":[{"embeddable":true,"href":"https:\/\/www.europesays.com\/de\/wp-json\/wp\/v2\/users\/2"}],"replies":[{"embeddable":true,"href":"https:\/\/www.europesays.com\/de\/wp-json\/wp\/v2\/comments?post=1268415"}],"version-history":[{"count":0,"href":"https:\/\/www.europesays.com\/de\/wp-json\/wp\/v2\/posts\/1268415\/revisions"}],"wp:featuredmedia":[{"embeddable":true,"href":"https:\/\/www.europesays.com\/de\/wp-json\/wp\/v2\/media\/1268416"}],"wp:attachment":[{"href":"https:\/\/www.europesays.com\/de\/wp-json\/wp\/v2\/media?parent=1268415"}],"wp:term":[{"taxonomy":"category","embeddable":true,"href":"https:\/\/www.europesays.com\/de\/wp-json\/wp\/v2\/categories?post=1268415"},{"taxonomy":"post_tag","embeddable":true,"href":"https:\/\/www.europesays.com\/de\/wp-json\/wp\/v2\/tags?post=1268415"}],"curies":[{"name":"wp","href":"https:\/\/api.w.org\/{rel}","templated":true}]}}