{"id":1268417,"date":"2026-08-29T21:34:14","date_gmt":"2026-08-29T21:34:14","guid":{"rendered":"https:\/\/www.europesays.com\/de\/1268417\/"},"modified":"2026-08-29T21:34:14","modified_gmt":"2026-08-29T21:34:14","slug":"fussball-bundesliga-gladbachs-hashioka-nach-zusammenstoss-in-leipziger-klinik-news","status":"publish","type":"post","link":"https:\/\/www.europesays.com\/de\/1268417\/","title":{"rendered":"Fu\u00dfball-Bundesliga: Gladbachs Hashioka nach Zusammensto\u00df in Leipziger Klinik &#8211; News"},"content":{"rendered":"<p>Leipzig &#8211; Borussia M\u00f6nchengladbachs Neuzugang Daiki Hashioka ist nach einem Zusammenprall beim 0:3 bei <a href=\"https:\/\/www.frankenpost.de\/thema\/RB_Leipzig\" title=\"RB Leipzig\" class=\"art_thema\" rel=\"nofollow noopener\" target=\"_blank\">RB Leipzig<\/a> in ein Krankenhaus gefahren worden. Das best\u00e4tigte Borussia-Sportdirektor Rouven Schr\u00f6der unmittelbar nach Abpfiff. &#8222;Er ist schon ein harter Brocken, wenn da was ist, dann ist es schon eine andere Nummer. Gerade in dem Bereich, da m\u00fcssen wir echt vorsichtig sein. Er wurde auch sofort still gestellt. Jetzt hoffen wir mal, dass alles glimpflich ausgeht&#8220;, sagte Schr\u00f6der.\u00a0<\/p>\n","protected":false},"excerpt":{"rendered":"Leipzig &#8211; Borussia M\u00f6nchengladbachs Neuzugang Daiki Hashioka ist nach einem Zusammenprall beim 0:3 bei RB Leipzig in ein&hellip;\n","protected":false},"author":2,"featured_media":1268120,"comment_status":"","ping_status":"","sticky":false,"template":"","format":"standard","meta":{"footnotes":"","_share_on_mastodon":"0"},"categories":[1832],"tags":[815,299,3364,29,30,71,1209,1655,859],"class_list":["post-1268417","post","type-post","status-publish","format-standard","has-post-thumbnail","category-leipzig","tag-borussia-moenchengladbach","tag-bundesliga","tag-de","tag-deutschland","tag-germany","tag-leipzig","tag-nordrhein-westfalen","tag-rb-leipzig","tag-sachsen"],"share_on_mastodon":{"url":"https:\/\/pubeurope.com\/@de\/117180947994650666","error":""},"_links":{"self":[{"href":"https:\/\/www.europesays.com\/de\/wp-json\/wp\/v2\/posts\/1268417","targetHints":{"allow":["GET"]}}],"collection":[{"href":"https:\/\/www.europesays.com\/de\/wp-json\/wp\/v2\/posts"}],"about":[{"href":"https:\/\/www.europesays.com\/de\/wp-json\/wp\/v2\/types\/post"}],"author":[{"embeddable":true,"href":"https:\/\/www.europesays.com\/de\/wp-json\/wp\/v2\/users\/2"}],"replies":[{"embeddable":true,"href":"https:\/\/www.europesays.com\/de\/wp-json\/wp\/v2\/comments?post=1268417"}],"version-history":[{"count":0,"href":"https:\/\/www.europesays.com\/de\/wp-json\/wp\/v2\/posts\/1268417\/revisions"}],"wp:featuredmedia":[{"embeddable":true,"href":"https:\/\/www.europesays.com\/de\/wp-json\/wp\/v2\/media\/1268120"}],"wp:attachment":[{"href":"https:\/\/www.europesays.com\/de\/wp-json\/wp\/v2\/media?parent=1268417"}],"wp:term":[{"taxonomy":"category","embeddable":true,"href":"https:\/\/www.europesays.com\/de\/wp-json\/wp\/v2\/categories?post=1268417"},{"taxonomy":"post_tag","embeddable":true,"href":"https:\/\/www.europesays.com\/de\/wp-json\/wp\/v2\/tags?post=1268417"}],"curies":[{"name":"wp","href":"https:\/\/api.w.org\/{rel}","templated":true}]}}