{"id":1268427,"date":"2026-08-29T21:40:24","date_gmt":"2026-08-29T21:40:24","guid":{"rendered":"https:\/\/www.europesays.com\/de\/1268427\/"},"modified":"2026-08-29T21:40:24","modified_gmt":"2026-08-29T21:40:24","slug":"pol-f-260829-1116-frankfurt-innenstadt-festnahme-nach-verdacht-des-goldkettenraubes","status":"publish","type":"post","link":"https:\/\/www.europesays.com\/de\/1268427\/","title":{"rendered":"POL-F: 260829 &#8211; 1116 Frankfurt &#8211; Innenstadt: Festnahme nach Verdacht des Goldkettenraubes"},"content":{"rendered":"<p class=\"date\">29.08.2026 \u2013 10:57<\/p>\n<p class=\"customer\">\n                        <a class=\"story-customer\" title=\"weiter zum newsroom von Polizeipr\u00e4sidium Frankfurt am Main\" href=\"https:\/\/www.presseportal.de\/blaulicht\/nr\/4970\" rel=\"nofollow noopener\" target=\"_blank\">Polizeipr\u00e4sidium Frankfurt am Main<\/a>\n                    <\/p>\n<p><a data-category=\"citylink-story-view\" data-action=\"click\" data-label=\"Citylink in Meldungsansicht\" class=\"story-city event-trigger\" href=\"https:\/\/www.presseportal.de\/regional\/Frankfurt\" title=\"News aus Frankfurt \" rel=\"nofollow noopener\" target=\"_blank\">Frankfurt<\/a> (ots)<\/p>\n<p>(di) Nach Verdacht des Goldkettenraubes erfolgte gestern Nacht (29. August 2026) in der Innenstadt die Festnahme eines Tatverd\u00e4chtigen. Ein Komplize ist fl\u00fcchtig.<\/p>\n<p>Nach bisherigen Erkenntnissen lief ein 30-J\u00e4hriger gegen 00:40 Uhr \u00fcber die Ignatz-Bubis-Br\u00fccke in Richtung Innenstadt, als ihm der sp\u00e4tere Tatverd\u00e4chtige mit einer weiteren Person entgegenkam. Dabei soll der Tatverd\u00e4chtige den 30-J\u00e4hrigen unter einem Vorwand angesprochen und einen Arm um dessen Schulter gelegt haben. Dann habe er pl\u00f6tzlich die Goldkette des 30-J\u00e4hrigen vom Hals gerissen und seinem Begleiter \u00fcbergeben. W\u00e4hrend der 30-J\u00e4hrige den Tatverd\u00e4chtigen festhalten konnte, sei der Unbekannte mit der Kette in Richtung Sachsenhausen geflohen. Ein wenig sp\u00e4ter eintreffendes Streifenteam nahm den 26-j\u00e4hrigen Tatverd\u00e4chtigen vor Ort fest. Er muss sich nun wegen des Verdachts des Raubes verantworten. Er wurde in die Gewahrsamszellen des Polizeipr\u00e4sidiums eingeliefert und soll dem Haftrichter vorgef\u00fchrt werden. Nach dem Unbekannten wird noch gefahndet. Zu diesem liegt folgende Beschreibung vor:<\/p>\n<p>   &#8211; m\u00e4nnlich, ca. 25 Jahre alt, ca. 170 cm gro\u00df, blauer<br \/>\n     Trainingsanzug mit wei\u00dfen Streifen an den Seiten<\/p>\n<p>Zeugen, die sachdienliche Hinweise zur Tat oder den Tatverd\u00e4chtigen geben k\u00f6nnen, werden gebeten, sich telefonisch mit dem zust\u00e4ndigen Fachkommissariat unter der Rufnummer 069 \/ 755 &#8211; 51299 oder mit jeder anderen Polizeidienststelle in Verbindung zu setzen.<\/p>\n<p class=\"contact-headline\">R\u00fcckfragen bitte an:<\/p>\n<p class=\"contact-text\">Polizeipr\u00e4sidium Frankfurt am Main<br \/>Pressestelle<br \/>Adickesallee 70<br \/>60322 Frankfurt am Main<br \/>Telefon: 069 \/ 755-82110 (CvD)<br \/>Fax: 069 \/ 755-82009<br \/>E-Mail: <a href=\"https:\/\/www.presseportal.de\/blaulicht\/pm\/4970\/mailto:pressestelle.ppffm@polizei.hessen.de\" class=\"uri-mailto\" rel=\"nofollow noopener\" target=\"_blank\">pressestelle.ppffm@polizei.hessen.de<\/a><br \/>Homepage Polizeipr\u00e4sidium Ffm.: <a target=\"_blank\" class=\"uri-ext outbound\" rel=\"noopener nofollow\" href=\"http:\/\/www.polizei.hessen.de\/ppffm\">http:\/\/www.polizei.hessen.de\/ppffm<\/a><\/p>\n<p class=\"originator\">Original-Content von: Polizeipr\u00e4sidium Frankfurt am Main, \u00fcbermittelt durch news aktuell<\/p>\n","protected":false},"excerpt":{"rendered":"29.08.2026 \u2013 10:57 Polizeipr\u00e4sidium Frankfurt am Main Frankfurt (ots) (di) Nach Verdacht des Goldkettenraubes erfolgte gestern Nacht (29.&hellip;\n","protected":false},"author":2,"featured_media":1266941,"comment_status":"","ping_status":"","sticky":false,"template":"","format":"standard","meta":{"footnotes":"","_share_on_mastodon":"0"},"categories":[1829],"tags":[29,2050,2051,30,1087,2052,177,121,178,180,179,181],"class_list":["post-1268427","post","type-post","status-publish","format-standard","has-post-thumbnail","category-frankfurt-am-main","tag-deutschland","tag-frankfurt","tag-frankfurt-am-main","tag-germany","tag-he","tag-hessen","tag-kriminalitt","tag-polizei","tag-presse","tag-pressemeldung","tag-pressemitteilung","tag-pressemitteilungen"],"share_on_mastodon":{"url":"https:\/\/pubeurope.com\/@de\/117180971532820315","error":""},"_links":{"self":[{"href":"https:\/\/www.europesays.com\/de\/wp-json\/wp\/v2\/posts\/1268427","targetHints":{"allow":["GET"]}}],"collection":[{"href":"https:\/\/www.europesays.com\/de\/wp-json\/wp\/v2\/posts"}],"about":[{"href":"https:\/\/www.europesays.com\/de\/wp-json\/wp\/v2\/types\/post"}],"author":[{"embeddable":true,"href":"https:\/\/www.europesays.com\/de\/wp-json\/wp\/v2\/users\/2"}],"replies":[{"embeddable":true,"href":"https:\/\/www.europesays.com\/de\/wp-json\/wp\/v2\/comments?post=1268427"}],"version-history":[{"count":0,"href":"https:\/\/www.europesays.com\/de\/wp-json\/wp\/v2\/posts\/1268427\/revisions"}],"wp:featuredmedia":[{"embeddable":true,"href":"https:\/\/www.europesays.com\/de\/wp-json\/wp\/v2\/media\/1266941"}],"wp:attachment":[{"href":"https:\/\/www.europesays.com\/de\/wp-json\/wp\/v2\/media?parent=1268427"}],"wp:term":[{"taxonomy":"category","embeddable":true,"href":"https:\/\/www.europesays.com\/de\/wp-json\/wp\/v2\/categories?post=1268427"},{"taxonomy":"post_tag","embeddable":true,"href":"https:\/\/www.europesays.com\/de\/wp-json\/wp\/v2\/tags?post=1268427"}],"curies":[{"name":"wp","href":"https:\/\/api.w.org\/{rel}","templated":true}]}}