{"id":1268442,"date":"2026-08-29T21:51:21","date_gmt":"2026-08-29T21:51:21","guid":{"rendered":"https:\/\/www.europesays.com\/de\/1268442\/"},"modified":"2026-08-29T21:51:21","modified_gmt":"2026-08-29T21:51:21","slug":"stierlin-und-baro-treffen-hallescher-fc-jubelt-in-berlin","status":"publish","type":"post","link":"https:\/\/www.europesays.com\/de\/1268442\/","title":{"rendered":"Stierlin und Baro treffen: Hallescher FC jubelt in Berlin"},"content":{"rendered":"<p class=\"topline\">Fu\u00dfball | Regionalliga<\/p>\n<p>\n                Stand: 29.08.2026 16:25 Uhr<\/p>\n<p class=\"preface\">Der Hallesche FC hat seine durchwachsene Bilanz zum Saisonstart aufgebessert. Bei Hertha BSC II pr\u00e4sentiert sich die Schr\u00f6der-Elf besonders nach der Pause \u00fcberlegen und nimmt drei verdiente Punkte mit aus der Hauptstadt.<\/p>\n<p class=\"textauthor\">von Sebastian Bondrea<\/p>\n<p class=\"\">Aufatmen in der Saalestadt. Durch das 2:0 (1:0) bei Hertha BSC II h\u00e4lt der HFC den Anschluss ans obere Tabellendrittel und bringt damit eine ereignisreiche Woche zu einem vers\u00f6hnlichen Ende.<\/p>\n<p>Ende<\/p>\n<p>\n                    29.08.2026<br \/>\n                    14:00 Uhr\n                <\/p>\n<p>                            <img decoding=\"async\" alt=\"\" aria-hidden=\"true\" class=\"steno-team-emblem\" src=\"https:\/\/www.europesays.com\/de\/wp-content\/uploads\/2026\/08\/wappen198.webp\"\/><\/p>\n<p>                            <img decoding=\"async\" alt=\"\" aria-hidden=\"true\" class=\"steno-team-emblem\" src=\"https:\/\/images.mdr.de\/image\/14395941-a5c1-4988-bb78-7943cd9b90cd\/AAABn9Hlxlc\/AAABnR8VW9w\/original\/wappen260.svg\"\/><\/p>\n<p>                    Aufstellung<\/p>\n<p>K. Heide &#8211; E. Adetokunbo-Adelenu (75. K. Canpolat), F. Brekalo, M. Kourouma, S. Weiland &#8211; B. Mamuzah Lum, S. Ogbaidze, S. Telib (75. D. Schopper) &#8211; N. Hildebrandt (68. M. Sch\u00f6\u00dfler), L. Kannewurf (55. T. Akoto), J. Ndi<\/p>\n<p>L. Bendel &#8211; B. Halili, V. Kastull, N. Landgraf (46. Bocar Baro) &#8211; L. Becker, M. Hauptmann, M. Kulke, N. Stierlin (68. P. Schmedemann) &#8211; J. Damelang (89. O. Atilgan), F. Hartmann (62. F. Langhammer), S. Ratifo (62. L. Ehrlich)<\/p>\n<p>                        Tore<\/p>\n<ul class=\"steno-facts-list\" aria-label=\"Liste der im Spiel erzielten Treffer\">\n<li><strong>0:1<\/strong> N. Stierlin (34.)<\/li>\n<li><strong>0:2<\/strong> Bocar Baro (71.)<\/li>\n<\/ul>\n<p>                <a class=\"button tiny-inverse-fixed steno-link\" href=\"https:\/\/www.mdr.de\/sport\/ergebnisse\/spielstatistik-3954.html\" rel=\"nofollow noopener\" target=\"_blank\">Weitere Daten zum Spiel<\/a><\/p>\n<p>Fu\u00dfball, Regionalliga Nordost (M)<\/p>\n<p>                <a class=\"button tiny-inverse-fixed steno-link\" href=\"https:\/\/www.mdr.de\/sport\/ergebnisse\/Alle-Ergebnisse-Regionalliga-Nordost-Fussball-2026-2027,fussballmaenner-660.html\" rel=\"nofollow noopener\" target=\"_blank\">Ergebnisse und Tabelle<\/a><\/p>\n<p class=\"\">Den Saisonstart hatte sich der HFC sicherlich anders ausgemalt. Nur ein Sieg stand beim Team von Robert Schr\u00f6der vor der Partie auf der Habenseite, dazu drei Remis und eine Niederlage. Mut machte allerdings der Auftritt im <a href=\"https:\/\/www.mdr.de\/sport\/fussball_pokal\/dfb-pokal\/in-der-verlaengerung-deko-schiesst-halle-aus-dem-dfb-pokal,spielbericht-hfc-fcs-100.html\" title=\"In der Verl\u00e4ngerung: D\u017eeko schie\u00dft Halle aus dem DFB-Pokal\" rel=\"nofollow noopener\" target=\"_blank\">DFB-Pokal gegen Schalke 04<\/a> am vergangenen Montag, als Halle dem Bundesligisten einen gro\u00dfen Kampf bot und erst nach Verl\u00e4ngerung unterlag. Diesen Schwung wollten die Saalest\u00e4dter gegen die seit drei Spielen ungeschlagene Hertha mit in den Ligaalltag nehmen.<\/p>\n<p>\n            <strong>Video:<\/strong><br \/>\n            HFC-Torsch\u00fctze Niclas Stierlin: &#8222;Ich reite einfach diese Welle&#8220; (2 Min)\n        <\/p>\n<p>    Stierlin schl\u00e4gt mitten in Herthas Drangphase zu<\/p>\n<p class=\"\">Nach dem obligatorischen Protest gegen die Aufstiegsreform, diesmal garniert mit einigen Tennisb\u00e4llen, ging das Spiel dann los \u2013 und die Anfangsphase geh\u00f6rte klar den G\u00e4sten. Die Berliner standen komplett in der Defensive, w\u00e4hrend Halle fr\u00fch das Kommando \u00fcbernahm. Die erste gute Gelegenheit hatte Fabrice Hartmann, dessen Distanzschuss Konstantin Heide an die Latte lenkte (17.). Anschlie\u00dfend wurde die Hertha mutiger. Vor allem Jelani Ndi machte auf seiner rechten offensiven Seite m\u00e4chtig Alarm. In der 28. Minute scheiterte er aus halbrechter Position am starken Reflex von Luca Bendel, der auch beim Nachschuss eines Berliners zur Stelle war und die Null f\u00fcr den HFC festhielt.<\/p>\n<p>                    <a href=\"https:\/\/www.europesays.com\/de\/wp-content\/uploads\/2026\/08\/hallescher-fc-982.webp\" class=\"zoomimage\" title=\"Bild vergr\u00f6\u00dfern\"><\/p>\n<p>        <img decoding=\"async\" src=\"https:\/\/www.europesays.com\/de\/wp-content\/uploads\/2026\/08\/hallescher-fc-982.webp\" alt=\"Hallescher FC\" title=\"Hallescher FC | Sport im Osten\" class=\"responsive\" loading=\"lazy\"\/><\/p>\n<p>                    <\/a><\/p>\n<p class=\"\">Mitten in die beste Phase der Berliner hinein schlug Halle dann eiskalt zu: Niklas Landgraf fand per Flanke Niclas Stierlin am zweiten Pfosten, der keine Probleme mit der Verarbeitung hatte und zum 1:0 einnickte (35.). Anschlie\u00dfend passierte nicht mehr viel, und so ging es nach einer unterhaltsamen ersten H\u00e4lfte mit dem knappen Vorsprung f\u00fcr den HFC in die Kabinen.<\/p>\n<p>    HFC \u00fcbernimmt nach der Pause das Kommando<\/p>\n<p class=\"\">Nach dem Seitenwechsel brauchten beide Mannschaften zun\u00e4chst etwas, um wieder Fahrt aufzunehmen. Die erste Torann\u00e4herung geh\u00f6rte Stanley Ratifo, dessen Abschluss aus der Drehung am Geh\u00e4use vorbeitrudelte (49.). Wenig sp\u00e4ter wurde es auf der anderen Seite gef\u00e4hrlich: Nach einer Ecke fiel der Ball Mustafa Kourouma vor die F\u00fc\u00dfe, dessen Abschluss aber zu unplatziert war (56.). Anschlie\u00dfend \u00fcbernahm der HFC zunehmend das Kommando. Erneut war es Ratifo, der nach Zuspiel von Marius Hauptmann aus acht Metern knapp neben den Pfosten schoss (58.).<\/p>\n<p>\n            <strong>Video:<\/strong><br \/>\n            HFC-Trainer Robert Schr\u00f6der: &#8222;Nicht dr\u00fcber nachdenken und laufen lassen&#8220; (2 Min)\n        <\/p>\n<p class=\"\">Robert Schr\u00f6der reagierte und brachte mit Bocar Baro und Osman Atilgan zwei frische Offensivkr\u00e4fte. Ein Wechsel, der sich auszahlen sollte: Kourouma kam im eigenen Sechzehner gegen Baro zu sp\u00e4t und brachte den Joker zu Fall. Der Gefoulte trat selbst an und verwandelte den f\u00e4lligen Elfmeter ganz sicher ins rechte Eck zum 2:0 (71.).<\/p>\n<p>\n            <strong>Video:<\/strong><br \/>\n            Hertha-Trainer Rejhan Hasanovic: &#8222;Dann wird es ein anderes Spiel&#8220; (1 Min)\n        <\/p>\n<p class=\"\">Auch die Hertha wechselte anschlie\u00dfend offensiv, fand gegen die starke Defensive der Hallenser aber kaum noch ein Durchkommen. Stattdessen lie\u00df der HFC auf der anderen Seite einige M\u00f6glichkeiten liegen, die Partie endg\u00fcltig zu entscheiden. F\u00fcr Aufregung sorgte kurz vor Schluss noch eine \u00e4u\u00dferst harte Doppelbestrafung: Lennard Becker (Foulspiel) und Boris Mamuzah Lum (Schubser) sahen jeweils die Rote Karte (88.). Am verdienten Ausw\u00e4rtssieg \u00e4nderte das nichts mehr. Halle spielte den Vorsprung in der Schlussphase souver\u00e4n herunter und darf damit den zweiten Liga-Dreier bejubeln.<\/p>\n<p>        <img decoding=\"async\" src=\"https:\/\/www.europesays.com\/de\/wp-content\/uploads\/2026\/08\/hfc-logo-100.webp\" alt=\"Logo Hallescher Fussballclub\" title=\"Logo Hallescher Fussballclub | Verein\" class=\"responsive\" loading=\"lazy\"\/><\/p>\n<p>Fu\u00dfball | Regionalliga<\/p>\n<p>Der Hallesche FC spielt nach dem Abstieg 2024 in der Regionalliga. Heimspielst\u00e4tte ist das Leuna-Chemie-Stadion. Der HFC wird aktuell trainiert vom geb\u00fcrtigen Erfurter Robert Schr\u00f6der. <\/p>\n<p>        <img decoding=\"async\" src=\"https:\/\/www.europesays.com\/de\/wp-content\/uploads\/2026\/08\/1787969123_972_google-handy-100.webp\" alt=\"Ein Handy liegt auf einer Laptoptastatur. Das Display zeigt das Google Logo\" title=\"Ein Handy liegt auf einer Laptoptastatur. Das Display zeigt das Google Logo |  IMAGO \/ SOPA Images\" class=\"responsive\" loading=\"lazy\"\/><\/p>\n<p>Nachrichten personalisieren<\/p>\n<p>Die Nachrichtenlage ist un\u00fcbersichtlich und Sie wollen aktuelle Informationen aus Ihrer Region, die f\u00fcr Sie relevant sind? Dann legen Sie MDR.de als bevorzugte Quelle in der Google-Suche fest. So funktioniert&#8217;s.<\/p>\n","protected":false},"excerpt":{"rendered":"Fu\u00dfball | Regionalliga Stand: 29.08.2026 16:25 Uhr Der Hallesche FC hat seine durchwachsene Bilanz zum Saisonstart aufgebessert. Bei&hellip;\n","protected":false},"author":2,"featured_media":1268443,"comment_status":"","ping_status":"","sticky":false,"template":"","format":"standard","meta":{"footnotes":"","_share_on_mastodon":"0"},"categories":[1825],"tags":[106601,1941,1939,296,1937,29,347,30,12435,16593,10150,27047,15426,1940,1938,3458,3499],"class_list":["post-1268442","post","type-post","status-publish","format-standard","has-post-thumbnail","category-berlin","tag-7-spieltag","tag-aktuelle-nachrichten-aus-berlin","tag-aktuelle-news-aus-berlin","tag-berlin","tag-berlin-news","tag-deutschland","tag-fussball","tag-germany","tag-hallescher-fc","tag-hertha-bsc-ii","tag-hertha-bubis","tag-hfc","tag-mdr-sport-im-osten","tag-nachrichten-aus-berlin","tag-news-aus-berlin","tag-regionalliga-nordost","tag-spio"],"share_on_mastodon":{"url":"https:\/\/pubeurope.com\/@de\/117181015059837023","error":""},"_links":{"self":[{"href":"https:\/\/www.europesays.com\/de\/wp-json\/wp\/v2\/posts\/1268442","targetHints":{"allow":["GET"]}}],"collection":[{"href":"https:\/\/www.europesays.com\/de\/wp-json\/wp\/v2\/posts"}],"about":[{"href":"https:\/\/www.europesays.com\/de\/wp-json\/wp\/v2\/types\/post"}],"author":[{"embeddable":true,"href":"https:\/\/www.europesays.com\/de\/wp-json\/wp\/v2\/users\/2"}],"replies":[{"embeddable":true,"href":"https:\/\/www.europesays.com\/de\/wp-json\/wp\/v2\/comments?post=1268442"}],"version-history":[{"count":0,"href":"https:\/\/www.europesays.com\/de\/wp-json\/wp\/v2\/posts\/1268442\/revisions"}],"wp:featuredmedia":[{"embeddable":true,"href":"https:\/\/www.europesays.com\/de\/wp-json\/wp\/v2\/media\/1268443"}],"wp:attachment":[{"href":"https:\/\/www.europesays.com\/de\/wp-json\/wp\/v2\/media?parent=1268442"}],"wp:term":[{"taxonomy":"category","embeddable":true,"href":"https:\/\/www.europesays.com\/de\/wp-json\/wp\/v2\/categories?post=1268442"},{"taxonomy":"post_tag","embeddable":true,"href":"https:\/\/www.europesays.com\/de\/wp-json\/wp\/v2\/tags?post=1268442"}],"curies":[{"name":"wp","href":"https:\/\/api.w.org\/{rel}","templated":true}]}}