{"id":1268462,"date":"2026-08-29T22:05:25","date_gmt":"2026-08-29T22:05:25","guid":{"rendered":"https:\/\/www.europesays.com\/de\/1268462\/"},"modified":"2026-08-29T22:05:25","modified_gmt":"2026-08-29T22:05:25","slug":"eintracht-frankfurt-kroesche-sagt-tv-interview-nach-bild-bericht-ab-sport","status":"publish","type":"post","link":"https:\/\/www.europesays.com\/de\/1268462\/","title":{"rendered":"Eintracht Frankfurt: Kr\u00f6sche sagt TV-Interview nach BILD-Bericht ab | Sport"},"content":{"rendered":"<p><a class=\"skip-content skip-content--link\" href=\"#in-content-skip-link-target-v-0-0\">TTS-Player \u00fcberspringen\u21b5<\/a><a id=\"in-content-skip-link-target-v-0-0\" class=\"skip-content--target-link-hidden skip-content skip-content--target-link\" href=\"#in-content-skip-link-target-v-0-0\">Artikel weiterlesen<\/a><\/p>\n<p>Frankfurt \u2013<b> Das Bosse-Beben bei Eintracht Frankfurt besch\u00e4ftigte die Betroffenen auch nach dem bitteren 3:3 bei Union Berlin. W\u00e4hrend Trainer Adi H\u00fctter (56) nach Spielschluss zun\u00e4chst nur knapp auf die Konflikte mit Markus Kr\u00f6sche (45) w\u00e4hrend des Transferfensters einging, sagte der Sport-Vorstand ein TV-Interview bei Sky ab.<\/b><\/p>\n<p>Zu den schreibenden Medien sagte Kr\u00f6sche: \u201eWir sprechen heute \u00fcber Fu\u00dfball. Das ist das Wichtigste. Und wir werden auch n\u00e4chste Woche \u00fcber Fu\u00dfball sprechen. Von daher lasst es uns beim Fu\u00dfball belassen.\u201c<\/p>\n<p>BILD hatte zuvor am Samstagmorgen exklusiv berichtet, dass die \u00c4ra Kr\u00f6sche nach f\u00fcnf zumeist sehr erfolgreichen Jahren in Frankfurt m\u00f6glicherweise schon im September zu Ende geht. Aktuell sind alle Augen darauf gerichtet, welche Spieler Kr\u00f6sche noch bis zur Schlie\u00dfung des Transferfensters am kommenden Dienstag (20 Uhr) verpflichtet. Nur einen Tag nach Ende des Transferfensters trifft sich der Aufsichtsrat der Eintracht um den Vorsitzenden Mathias Beck (55). <\/p>\n<p>Mehr zum Thema<\/p>\n<p>In der Sitzung soll auch besprochen werden, wie mit Kr\u00f6sche trotz laufenden Vertrags bis 2028 ein vorzeitiges Ende der Zusammenarbeit eingel\u00e4utet werden k\u00f6nnte. Und wer \u00fcberhaupt als Nachfolger bei <a href=\"https:\/\/www.bild.de\/sport\/fussball\/eintracht-frankfurt\/startseite-eintracht-frankfurt-31074444.bild.html\" class=\"text-link\" rel=\"nofollow noopener\" target=\"_blank\">Eintracht Frankfurt<\/a> infrage kommen k\u00f6nnte. <\/p>\n<p>Auf der Pressekonferenz: H\u00fctter reagiert auf Kr\u00f6sche-Frage<a class=\"anchor video-teaser__anchor\" href=\"https:\/\/www.bild.de\/sport\/fussball\/auf-der-pressekonferenz-huetter-reagiert-auf-kroesche-frage-6a932416d88567044d8497a3\" rel=\"nofollow noopener\" target=\"_blank\"><img decoding=\"async\" width=\"992\" height=\"558\" alt=\"\" loading=\"lazy\" src=\"https:\/\/www.europesays.com\/de\/wp-content\/uploads\/2026\/08\/69175044bfed375ce647b7c725333b4c,fe086df1.jpeg\"   class=\"landscape teaser__image\"\/><\/a><\/p>\n<p>Quelle: DFL29.08.2026<\/p>\n<p>\u201eGehe davon aus, dass sich die Wege trennen werden\u201c<\/p>\n<p>F\u00fcr Sky-Experte Dietmar Hamann liegt das Kr\u00f6sche-Ende in Frankfurt auf der Hand. Er sagt: \u201eWenn aus dem Kreis des Vereins solche Meldungen nach au\u00dfen dringen, dann ist da mit Sicherheit was dran. Ich wei\u00df nicht, ob Markus Kr\u00f6sche Interesse daran hat, den Verein zu verlassen. Dienstag ist das Ende des Transferfensters. Je mehr ich h\u00f6re und je mehr ich sehe, umso mehr glaube ich, dass die Wege sich trennen werden.\u201c<\/p>\n<p><img decoding=\"async\" width=\"992\" height=\"558\" alt=\"Sky-Experte Dietmar Hamann (53)\" loading=\"lazy\" src=\"https:\/\/www.europesays.com\/de\/wp-content\/uploads\/2026\/08\/f542c4594e61cf8db3ac499a8ac16894,9ad6074e.jpeg\"   class=\"landscape\"\/><\/p>\n<p class=\"fig__caption__text\">Sky-Experte Dietmar Hamann (53)<\/p>\n<p>Foto: Sven Hoppe\/dpa<\/p>\n<p>Hintergrund: Zwischen Kr\u00f6sche und H\u00fctter herrscht schon nach nur wenigen Wochen keine gro\u00dfe Harmonie mehr, da Sport-Vorstand und Trainer immer wieder unterschiedliche Ansichten bei den Spielertransfers haben. W\u00e4hrend Kr\u00f6sche immer die Hebel-Wirkung seiner Transfers im Blick hat, damit der Traditionsklub auch in den kommenden Jahren noch die vom Aufsichtsrat stets geforderten \u00dcbersch\u00fcsse erzielen kann, will Trainer H\u00fctter naturgem\u00e4\u00df mehr fertige Profis, die ihm sofort weiterhelfen.<\/p>\n<p><img decoding=\"async\" width=\"992\" height=\"558\" alt=\"Startete mit einem Remis bei Union Berlin in seine zweite Frankfurter Amtszeit: Trainer Adi H\u00fctter (56)\" loading=\"lazy\" src=\"https:\/\/www.europesays.com\/de\/wp-content\/uploads\/2026\/08\/b23f8390576b24bdf898208075244dc0,c108ab4b.jpeg\"   class=\"landscape\"\/><\/p>\n<p class=\"fig__caption__text\">Startete mit einem Remis bei Union Berlin in seine zweite Frankfurter Amtszeit: Trainer Adi H\u00fctter (56)<\/p>\n<p>Foto: Julius Frick\/dpa<\/p>\n<p>H\u00fctter erkl\u00e4rte in der Pressekonferenz nach dem Spiel: \u201eIch habe es heute gelesen. Das jetzt zu kommentieren nach einem Bundesliga-Spiel, wo ich mich mehr \u00fcber das Ergebnis \u00e4rgere\u00a0\u2026 Dazu m\u00f6chte ich jetzt mal nichts sagen. Wir sind noch st\u00e4ndig im Austausch, dass wir noch den einen oder anderen Spieler bekommen. Wir haben ein sehr ordentliches Verh\u00e4ltnis und deswegen ist eigentlich f\u00fcr mich alles gesagt.\u201c<\/p>\n<p>Auch Kr\u00f6sches Verh\u00e4ltnis zum Aufsichtsrat und Vorstandskollegen seit seinem Flirt mit der AC Mailand im Juni und dem exklusiven BamS-Bericht \u00fcber einen Grundst\u00fcckskauf in Kroatien im Juli als belastet. Kr\u00f6sche hatte 2022 \u00fcber die Frau von Spielerberater Andy Bara, der auch Flop-Trainer Albert Riera an <a href=\"https:\/\/www.bild.de\/sport\/fussball\/eintracht-frankfurt\/startseite-eintracht-frankfurt-31074444.bild.html\" class=\"text-link\" rel=\"nofollow noopener\" target=\"_blank\">Eintracht Frankfurt <\/a>vermittelte, ein Grundst\u00fcck gekauft, diesen Vorgang aber Eintracht damals nicht gemeldet. Allerdings stellte der Aufsichtsrat nach Pr\u00fcfung der Dokumente kein Fehlverhalten von Kr\u00f6sche fest. <\/p>\n","protected":false},"excerpt":{"rendered":"TTS-Player \u00fcberspringen\u21b5Artikel weiterlesen Frankfurt \u2013 Das Bosse-Beben bei Eintracht Frankfurt besch\u00e4ftigte die Betroffenen auch nach dem bitteren 3:3&hellip;\n","protected":false},"author":2,"featured_media":1268463,"comment_status":"","ping_status":"","sticky":false,"template":"","format":"standard","meta":{"footnotes":"","_share_on_mastodon":"0"},"categories":[136],"tags":[1263,299,29,460,538,30,16656,7164,265,469,462],"class_list":["post-1268462","post","type-post","status-publish","format-standard","has-post-thumbnail","category-sport","tag-aufmacher-bereich","tag-bundesliga","tag-deutschland","tag-eintracht-frankfurt","tag-erste-bundesliga","tag-germany","tag-hellmann-axel","tag-kroesche-markus","tag-sport","tag-sport-leuchtturm-zentral","tag-toppmoeller-dino"],"share_on_mastodon":{"url":"https:\/\/pubeurope.com\/@de\/117181071805113790","error":""},"_links":{"self":[{"href":"https:\/\/www.europesays.com\/de\/wp-json\/wp\/v2\/posts\/1268462","targetHints":{"allow":["GET"]}}],"collection":[{"href":"https:\/\/www.europesays.com\/de\/wp-json\/wp\/v2\/posts"}],"about":[{"href":"https:\/\/www.europesays.com\/de\/wp-json\/wp\/v2\/types\/post"}],"author":[{"embeddable":true,"href":"https:\/\/www.europesays.com\/de\/wp-json\/wp\/v2\/users\/2"}],"replies":[{"embeddable":true,"href":"https:\/\/www.europesays.com\/de\/wp-json\/wp\/v2\/comments?post=1268462"}],"version-history":[{"count":0,"href":"https:\/\/www.europesays.com\/de\/wp-json\/wp\/v2\/posts\/1268462\/revisions"}],"wp:featuredmedia":[{"embeddable":true,"href":"https:\/\/www.europesays.com\/de\/wp-json\/wp\/v2\/media\/1268463"}],"wp:attachment":[{"href":"https:\/\/www.europesays.com\/de\/wp-json\/wp\/v2\/media?parent=1268462"}],"wp:term":[{"taxonomy":"category","embeddable":true,"href":"https:\/\/www.europesays.com\/de\/wp-json\/wp\/v2\/categories?post=1268462"},{"taxonomy":"post_tag","embeddable":true,"href":"https:\/\/www.europesays.com\/de\/wp-json\/wp\/v2\/tags?post=1268462"}],"curies":[{"name":"wp","href":"https:\/\/api.w.org\/{rel}","templated":true}]}}