{"id":1268472,"date":"2026-08-29T22:10:26","date_gmt":"2026-08-29T22:10:26","guid":{"rendered":"https:\/\/www.europesays.com\/de\/1268472\/"},"modified":"2026-08-29T22:10:26","modified_gmt":"2026-08-29T22:10:26","slug":"poppenrod-ist-dolles-dorf-ein-ganzes-dorf-packt-mit-an","status":"publish","type":"post","link":"https:\/\/www.europesays.com\/de\/1268472\/","title":{"rendered":"Poppenrod ist &#8222;Dolles Dorf&#8220;: Ein ganzes Dorf packt mit an"},"content":{"rendered":"<p>                <a class=\"fancybox\" data-fancybox=\"galerie\" data-caption=\"Der stolze Ortsbeirat von Poppenrod mit dem hr-Team.   - Fotos: Natalie Schickling\" rel=\"on_group nofollow noopener\" title=\"Der stolze Ortsbeirat von Poppenrod mit dem hr-Team.   - Fotos: Natalie Schickling\" href=\"https:\/\/oshessen-news.b-cdn.net\/images\/26\/08\/xl\/11798925-133493.jpg\" target=\"_blank\"><img decoding=\"async\" class=\"img-responsive\" style=\"width: 728px; margin-top: 0; border:0;\" src=\"https:\/\/www.europesays.com\/de\/wp-content\/uploads\/2026\/08\/11798925-133493.jpg\" title=\"Der stolze Ortsbeirat von Poppenrod mit dem hr-Team. \" onerror=\"imgError(this);\"\/><\/p>\n<p>Der stolze Ortsbeirat von Poppenrod mit dem hr-Team.  &#8211; Fotos: Natalie Schickling<\/p>\n<p>\n                    <strong>HOSENFELD<\/strong><br \/>\n                    Biberbau, Hasenzucht und spontanes Fest\n                <\/p>\n<p>29.08.26 &#8211; <strong>Diese Nachricht kam \u00fcberraschend: Poppenrod, Ortsteil der Gemeinde Hosenfeld im Landkreis Fulda, ist zum &#8222;Dollen Dorf&#8220; des Hessischen Rundfunks gezogen worden. Viel Zeit zum Nachdenken blieb den Einwohnern am Donnerstagabend nicht. Innerhalb weniger Stunden musste ein Programm f\u00fcr das Fernsehteam am Freitag auf die Beine gestellt werden \u2013 und dabei zeigte sich schnell, was die Dorfgemeinschaft ausmacht.<\/strong><\/p>\n<p>&#8222;Im ersten Moment war es ein leichter Schock. Wir waren alle ein bisschen aufgeregt, weil uns der Ablauf gar nicht so richtig bekannt war&#8220;, erz\u00e4hlt die stellvertretende Ortsvorsteherin Natalie Schickling gegen\u00fcber <strong>OSTHESSEN|NEWS<\/strong>. Vor allem die Geschwindigkeit habe alle \u00fcberrascht. &#8222;Uns war nicht bewusst, dass das so schnell geht.&#8220; <\/p>\n<p><a class=\"fancybox\" data-fancybox=\"galerie\" data-caption=\"Innerhalb weniger Stunden musste ein Programm f\u00fcr das Fernsehteam am Freitag auf die Beine gestellt werden \u2013 und dabei zeigte sich schnell, was die Dorfgemeinschaft ausmacht.\" rel=\"on_group nofollow noopener\" title=\"Innerhalb weniger Stunden musste ein Programm f\u00fcr das Fernsehteam am Freitag auf die Beine gestellt werden \u2013 und dabei zeigte sich schnell, was die Dorfgemeinschaft ausmacht.\" href=\"https:\/\/oshessen-news.b-cdn.net\/images\/26\/08\/xl\/11798925-133421.jpg\" target=\"_blank\"><img decoding=\"async\" class=\"img220 imgh159 imgbdr\" src=\"https:\/\/www.europesays.com\/de\/wp-content\/uploads\/2026\/08\/11798925-133421.jpg\"\/><\/a><\/p>\n<p class=\"img-text\">Innerhalb weniger Stunden musste ein Programm f\u00fcr das Fernsehteam am Freitag auf &#8230;<\/p>\n<p><a class=\"fancybox\" data-fancybox=\"galerie\" data-caption=\"Kurzerhand wurde f\u00fcr 21 Uhr ein Treffen im B\u00fcrgerhaus angesetzt. Dort sammelten die Poppenr\u00f6der Ideen und stellten gemeinsam mit dem hr-Fernsehteam einen Ablauf f\u00fcr den n\u00e4chsten Tag zusammen.\" rel=\"on_group nofollow noopener\" title=\"Kurzerhand wurde f\u00fcr 21 Uhr ein Treffen im B\u00fcrgerhaus angesetzt. Dort sammelten die Poppenr\u00f6der Ideen und stellten gemeinsam mit dem hr-Fernsehteam einen Ablauf f\u00fcr den n\u00e4chsten Tag zusammen.\" href=\"https:\/\/oshessen-news.b-cdn.net\/images\/26\/08\/xl\/11798925-133915-16x9.jpg\" target=\"_blank\"><img decoding=\"async\" class=\"img220 imgh159 imgbdr\" src=\"https:\/\/www.europesays.com\/de\/wp-content\/uploads\/2026\/08\/11798925-133915-16x9.jpg\"\/><\/a><\/p>\n<p class=\"img-text\">Kurzerhand wurde f\u00fcr 21 Uhr ein Treffen im B\u00fcrgerhaus angesetzt. Dort sammelten &#8230;<\/p>\n<p><a class=\"fancybox\" data-fancybox=\"galerie\" data-caption=\"\" rel=\"on_group nofollow noopener\" title=\"\" href=\"https:\/\/oshessen-news.b-cdn.net\/images\/26\/08\/xl\/11798925-3217.jpg\" target=\"_blank\"><img decoding=\"async\" class=\"img220 imgh159 imgbdr\" src=\"https:\/\/www.europesays.com\/de\/wp-content\/uploads\/2026\/08\/11798925-3217.jpg\"\/><\/a><\/p>\n<p>Noch am Abend verbreitete sich die Nachricht \u00fcber die Dorf-WhatsApp-Gruppe. Kurzerhand wurde f\u00fcr 21 Uhr ein Treffen im B\u00fcrgerhaus angesetzt. Dort sammelten die Poppenr\u00f6der Ideen und stellten gemeinsam mit dem hr-Fernsehteam einen Ablauf f\u00fcr den n\u00e4chsten Tag zusammen.<br \/>&#13;\n<\/p>\n<p><strong><a class=\"fancybox\" data-fancybox=\"galerie\" data-caption=\"\" rel=\"on_group\" title=\"\" href=\"https:\/\/www.europesays.com\/de\/wp-content\/uploads\/2026\/08\/11798925-133472.jpg\"><img decoding=\"async\" class=\"imgbdr\" style=\"max-width: 98%;\" src=\"https:\/\/www.europesays.com\/de\/wp-content\/uploads\/2026\/08\/11798925-133472.jpg\"\/><\/a><\/p>\n<p>Von Biberbau bis Hasenzucht<\/p>\n<p><\/strong><br \/>\nBereits am n\u00e4chsten Morgen ging es gegen 9:30 Uhr los. Nach ersten Drohnenaufnahmen f\u00fchrte die Tour einmal durch Poppenrod. Dabei durfte auch ein relativ junger Biberbau nicht fehlen. &#8222;Der Ort hat f\u00fcr die Einwohner eine besondere Geschichte: Fr\u00fcher befand sich dort der L\u00f6schteich der Feuerwehr \u2013 und noch fr\u00fcher gingen dort die Poppenr\u00f6der Kinder schwimmen&#8220;, erz\u00e4hlt Schickling. <\/p>\n<p>Weiter ging es zur Naturfriseurin Jutta Becker, die bei ihrer Arbeit auf einen besonders naturbelassenen Ansatz setzt und auf Chemie f\u00fcr die Haare verzichtet. Anschlie\u00dfend stand ein Besuch bei Bernd Schmitt und seiner erfolgreichen Hasenzucht auf dem Programm. Geschichtlich wurde es in der \u00f6rtlichen Geschichtswerkstatt. Herbert Erb und sein Team haben \u00fcber Jahrzehnte Bilder und Erinnerungen aus Poppenrod zusammengetragen. Bereits zur 750-Jahr-Feier des Ortes waren zahlreiche historische Aufnahmen in einer Ausstellung im B\u00fcrgerhaus zu sehen. Einige dieser Sch\u00e4tze wurden nun auch dem Fernsehteam pr\u00e4sentiert.<br \/>&#13;\n<\/p>\n<p><a class=\"fancybox\" data-fancybox=\"galerie\" data-caption=\"Musikalisch zeigte sich Poppenrod ebenfalls von seiner besten Seite. \" rel=\"on_group\" title=\"Musikalisch zeigte sich Poppenrod ebenfalls von seiner besten Seite. \" href=\"https:\/\/www.europesays.com\/de\/wp-content\/uploads\/2026\/08\/11798925-133471.jpg\"><img decoding=\"async\" class=\"imgbdr\" style=\"max-width: 98%;\" src=\"https:\/\/www.europesays.com\/de\/wp-content\/uploads\/2026\/08\/11798925-133471.jpg\"\/><\/a><\/p>\n<p class=\"img-text\">Musikalisch zeigte sich Poppenrod ebenfalls von seiner besten Seite.  <\/p>\n<p>Spontanes Dorffest zum Abschluss&#13;<br \/>\nMusikalisch zeigte sich Poppenrod ebenfalls von seiner besten Seite. Der Musikverein Hosenfeld probte in seinem Vereinsheim, das in einem fr\u00fcheren Stall untergebracht ist. Nachdem in Poppenrod ein neues B\u00fcrgerhaus gebaut worden war, richteten sich die Musiker die alten R\u00e4umlichkeiten als Vereinsheim her.<\/p>\n<p>Zum Abschluss ging es auf den Dorfplatz mit dem historischen Backhaus. &#8222;Dort hatten wir innerhalb k\u00fcrzester Zeit ein spontanes Dorffest organisiert. Im Backhaus wurden Ploatz und Pizza gebacken, w\u00e4hrend unter anderem Feuerwehr, Gymnastikgruppe und Musikverein zum Programm beitrugen&#8220;, so die Vize-Ortsvorsteherin gegen\u00fcber <strong>O|N<\/strong>. Vor allem der Zusammenhalt blieb Schickling nach dem au\u00dfergew\u00f6hnlichen Tag in Erinnerung. &#8222;Das ganze Dorf hat mitgezogen, Aufgaben \u00fcbernommen und sich gegenseitig unterst\u00fctzt. Aus einer \u00fcberraschenden Nachricht am Abend wurde so innerhalb weniger Stunden ein gemeinsames Dorfprojekt. Und die Stimmung war super.&#8220; (ms) +++ <img loading=\"lazy\" decoding=\"async\" src=\"https:\/\/www.europesays.com\/de\/wp-content\/uploads\/2026\/08\/d7d587864ae44dda81ed41dd4421176a.gif\" alt=\"\" width=\"1\" height=\"1\"\/><\/p>\n<p><\/p>\n","protected":false},"excerpt":{"rendered":"Der stolze Ortsbeirat von Poppenrod mit dem hr-Team. &#8211; Fotos: Natalie Schickling HOSENFELD Biberbau, Hasenzucht und spontanes Fest&hellip;\n","protected":false},"author":2,"featured_media":1268473,"comment_status":"","ping_status":"","sticky":false,"template":"","format":"standard","meta":{"footnotes":"","_share_on_mastodon":"0"},"categories":[2],"tags":[6193,6195,29,6197,6192,30,13,2052,1381,14,6196,15,6194,12,10,8,9,11],"class_list":["post-1268472","post","type-post","status-publish","format-standard","has-post-thumbnail","category-deutschland","tag-alsfeld","tag-bad-hersfeld","tag-deutschland","tag-flieden","tag-fulda","tag-germany","tag-headlines","tag-hessen","tag-lauterbach","tag-nachrichten","tag-neuhof","tag-news","tag-osthessen","tag-schlagzeilen","tag-top-news","tag-top-meldungen","tag-topmeldungen","tag-topnews"],"share_on_mastodon":{"url":"https:\/\/pubeurope.com\/@de\/117181091537022419","error":""},"_links":{"self":[{"href":"https:\/\/www.europesays.com\/de\/wp-json\/wp\/v2\/posts\/1268472","targetHints":{"allow":["GET"]}}],"collection":[{"href":"https:\/\/www.europesays.com\/de\/wp-json\/wp\/v2\/posts"}],"about":[{"href":"https:\/\/www.europesays.com\/de\/wp-json\/wp\/v2\/types\/post"}],"author":[{"embeddable":true,"href":"https:\/\/www.europesays.com\/de\/wp-json\/wp\/v2\/users\/2"}],"replies":[{"embeddable":true,"href":"https:\/\/www.europesays.com\/de\/wp-json\/wp\/v2\/comments?post=1268472"}],"version-history":[{"count":0,"href":"https:\/\/www.europesays.com\/de\/wp-json\/wp\/v2\/posts\/1268472\/revisions"}],"wp:featuredmedia":[{"embeddable":true,"href":"https:\/\/www.europesays.com\/de\/wp-json\/wp\/v2\/media\/1268473"}],"wp:attachment":[{"href":"https:\/\/www.europesays.com\/de\/wp-json\/wp\/v2\/media?parent=1268472"}],"wp:term":[{"taxonomy":"category","embeddable":true,"href":"https:\/\/www.europesays.com\/de\/wp-json\/wp\/v2\/categories?post=1268472"},{"taxonomy":"post_tag","embeddable":true,"href":"https:\/\/www.europesays.com\/de\/wp-json\/wp\/v2\/tags?post=1268472"}],"curies":[{"name":"wp","href":"https:\/\/api.w.org\/{rel}","templated":true}]}}