{"id":1268515,"date":"2026-08-29T22:39:24","date_gmt":"2026-08-29T22:39:24","guid":{"rendered":"https:\/\/www.europesays.com\/de\/1268515\/"},"modified":"2026-08-29T22:39:24","modified_gmt":"2026-08-29T22:39:24","slug":"wunsch-wird-zum-verhaengnis-rechtsextremer-blogger-aus-den-usa-abgeschoben","status":"publish","type":"post","link":"https:\/\/www.europesays.com\/de\/1268515\/","title":{"rendered":"Wunsch wird zum Verh\u00e4ngnis: Rechtsextremer Blogger aus den USA abgeschoben"},"content":{"rendered":"<p>Wunsch wird zum Verh\u00e4ngnisRechtsextremer Blogger aus den USA abgeschoben<\/p>\n<p>29.08.2026, 21:37 Uhr <\/p>\n<p>Artikel anh\u00f6ren(03:01 min)<\/p>\n<p><img decoding=\"async\" class=\"Image_img__fQCi0 Image_Img_16_9__4BLfH widget-picture-inline_maximizable__t_E7h\" loading=\"eager\" fetchpriority=\"high\" src=\"https:\/\/www.europesays.com\/de\/wp-content\/uploads\/2026\/08\/483801286.webp\" alt=\"483801286\"\/>Milo Yiannopoulos hatte sein Aufenthaltsrecht \u00fcberschritten. (Foto: picture alliance \/ Newscom)<\/p>\n<p class=\"Typography_text-m__XI0da Typography_weight-bold__uT6mq storyline_lead_text_leadtext__q_wg8\">&#8222;Wir m\u00fcssen Millionen Menschen abschieben&#8220;, schreibt Milo Yiannopoulos Anfang 2025, adressiert an die Trump-Regierung. Nun wird der rechtsextreme Blogger selbst von der Einwanderungsbeh\u00f6rde ICE in Gewahrsam genommen und in ein Flugzeug Richtung Heimat gesetzt.<\/p>\n<p class=\"Typography_text-default__P3otY Typography_weight-normal__pqUbH storyline_paragraph_p__qSR5N\">Der rechtsextreme Blogger Milo Yiannopoulos ist von der US-Migrationsbeh\u00f6rde ICE au\u00dfer Landes gebracht worden. Er sei am Freitag in sein Heimatland, das Vereinigte K\u00f6nigreich, abgeschoben worden, teilte ein Sprecher des US-Heimatschutzministeriums der Deutschen Presse-Agentur mit. ICE-Beamte hatten Yiannopoulos am Flughafen New Orleans (US-Bundesstaat Louisiana) in Gewahrsam genommen, weil er sein Aufenthaltsrecht \u00fcberschritten hatte.<\/p>\n<p class=\"Typography_text-default__P3otY Typography_weight-normal__pqUbH storyline_paragraph_p__qSR5N\">Den Angaben nach war Yiannopoulos am 14. Mai 2019 legal \u00fcber New York in die USA eingereist. Nachdem er aber l\u00e4nger als erlaubt in den Vereinigten Staaten blieb und zudem nicht zu einer Anh\u00f6rung erschien, erteilte ein Einwanderungsrichter am 22. Juli dieses Jahres eine endg\u00fcltige Ausweisungsverf\u00fcgung.<\/p>\n<p>&#8222;Abermillionen Menschen abschieben&#8220;<\/p>\n<p class=\"Typography_text-default__P3otY Typography_weight-normal__pqUbH storyline_paragraph_p__qSR5N\">Yiannopoulos war lange als prominentes Gesicht amerikanischer Rechtsextremisten bekannt. Der offen schwul lebende Brite verbreitete Hetze gegen Frauen, Schwarze, Eliten und Liberale. Erst als 2017 ein Interview kursierte, in dem er Sex zwischen M\u00e4nnern und Jungen verteidigte, kehrte ihm die Szene gro\u00dfteils den R\u00fccken: Yiannopoulos verlor seinen Buchvertrag mit dem Verlag Simon &amp; Schuster, die Conservative Political Action Conference (CPAC-Konferenz) strich ihn von der Rednerliste und das rechte Onlinemedium Breitbart News k\u00fcndigte Yiannopoulos.<\/p>\n<p class=\"Typography_text-default__P3otY Typography_weight-normal__pqUbH storyline_paragraph_p__qSR5N\">Yiannopoulos war zuletzt vor allem f\u00fcr seine Verbindungen zum US-Rapper Ye (zuvor Kanye West), bekannt, wie das Promi-Portal TMZ zu dem Fall berichtete. Er habe fast zwei Jahre lang f\u00fcr ihn gearbeitet, bevor die beiden 2024 ihre Zusammenarbeit aufk\u00fcndigten.<\/p>\n<p class=\"Typography_text-default__P3otY Typography_weight-normal__pqUbH storyline_paragraph_p__qSR5N\">Im vergangenen Jahr hatte Yiannopoulos sich auf X positiv zur Migrationsbeh\u00f6rde ICE ge\u00e4u\u00dfert: &#8222;Kalifornien braucht ICE-Kontrollpunkte an den Eing\u00e4ngen von Superm\u00e4rkten, Tankstellen, Einkaufszentren, Kreuzungen und Regierungsgeb\u00e4uden&#8220;, schrieb er damals. Jeder, der an den Kontrollpunkten nicht nachweisen k\u00f6nne, dass er sich rechtm\u00e4\u00dfig in den USA aufh\u00e4lt, solle &#8222;sofort abgeschoben&#8220; werden. Au\u00dferdem forderte er rechtliche Immunit\u00e4t f\u00fcr ICE-Beamte im Dienst und <a class=\"inline_link\" href=\"https:\/\/x.com\/Nero\/status\/1930612227863912717?s=20\" target=\"_blank\" rel=\"nofollow\">schrieb auf X<\/a>: &#8222;Wir m\u00fcssen Millionen und Abermillionen Menschen abschieben.&#8220;<\/p>\n<p class=\"Typography_text-s__wu_cm Typography_weight-normal__pqUbH Typography_color-darkgrey__sZEnP article-detail-footer_source__KslPc\">Quelle: ntv.de, dsc\/dpa<\/p>\n","protected":false},"excerpt":{"rendered":"Wunsch wird zum Verh\u00e4ngnisRechtsextremer Blogger aus den USA abgeschoben 29.08.2026, 21:37 Uhr Artikel anh\u00f6ren(03:01 min) Milo Yiannopoulos hatte&hellip;\n","protected":false},"author":2,"featured_media":1268516,"comment_status":"","ping_status":"","sticky":false,"template":"","format":"standard","meta":{"footnotes":"","_share_on_mastodon":"0"},"categories":[3977],"tags":[414,331,332,13,14,15,16,770,12,4017,4018,4016,64,4019,4020],"class_list":["post-1268515","post","type-post","status-publish","format-standard","has-post-thumbnail","category-usa","tag-abschiebung","tag-aktuelle-nachrichten","tag-aktuelle-news","tag-headlines","tag-nachrichten","tag-news","tag-politik","tag-rechtsextremismus","tag-schlagzeilen","tag-united-states","tag-united-states-of-america","tag-us","tag-usa","tag-vereinigte-staaten","tag-vereinigte-staaten-von-amerika"],"share_on_mastodon":{"url":"https:\/\/pubeurope.com\/@de\/117181203962680659","error":""},"_links":{"self":[{"href":"https:\/\/www.europesays.com\/de\/wp-json\/wp\/v2\/posts\/1268515","targetHints":{"allow":["GET"]}}],"collection":[{"href":"https:\/\/www.europesays.com\/de\/wp-json\/wp\/v2\/posts"}],"about":[{"href":"https:\/\/www.europesays.com\/de\/wp-json\/wp\/v2\/types\/post"}],"author":[{"embeddable":true,"href":"https:\/\/www.europesays.com\/de\/wp-json\/wp\/v2\/users\/2"}],"replies":[{"embeddable":true,"href":"https:\/\/www.europesays.com\/de\/wp-json\/wp\/v2\/comments?post=1268515"}],"version-history":[{"count":0,"href":"https:\/\/www.europesays.com\/de\/wp-json\/wp\/v2\/posts\/1268515\/revisions"}],"wp:featuredmedia":[{"embeddable":true,"href":"https:\/\/www.europesays.com\/de\/wp-json\/wp\/v2\/media\/1268516"}],"wp:attachment":[{"href":"https:\/\/www.europesays.com\/de\/wp-json\/wp\/v2\/media?parent=1268515"}],"wp:term":[{"taxonomy":"category","embeddable":true,"href":"https:\/\/www.europesays.com\/de\/wp-json\/wp\/v2\/categories?post=1268515"},{"taxonomy":"post_tag","embeddable":true,"href":"https:\/\/www.europesays.com\/de\/wp-json\/wp\/v2\/tags?post=1268515"}],"curies":[{"name":"wp","href":"https:\/\/api.w.org\/{rel}","templated":true}]}}