{"id":1268528,"date":"2026-08-29T22:49:30","date_gmt":"2026-08-29T22:49:30","guid":{"rendered":"https:\/\/www.europesays.com\/de\/1268528\/"},"modified":"2026-08-29T22:49:30","modified_gmt":"2026-08-29T22:49:30","slug":"pol-bn-demonstrative-aktionen-vor-werksgelaende-in-bonn-beuel-meldung-2","status":"publish","type":"post","link":"https:\/\/www.europesays.com\/de\/1268528\/","title":{"rendered":"POL-BN: Demonstrative Aktionen vor Werksgel\u00e4nde in Bonn-Beuel &#8211; Meldung -2-"},"content":{"rendered":"<p class=\"date\">28.08.2026 \u2013 16:41<\/p>\n<p class=\"customer\">\n                        <a class=\"story-customer\" title=\"weiter zum newsroom von Polizei Bonn\" href=\"https:\/\/www.presseportal.de\/blaulicht\/nr\/7304\" rel=\"nofollow noopener\" target=\"_blank\">Polizei Bonn<\/a>\n                    <\/p>\n<p><a data-category=\"citylink-story-view\" data-action=\"click\" data-label=\"Citylink in Meldungsansicht\" class=\"story-city event-trigger\" href=\"https:\/\/www.presseportal.de\/regional\/Bonn\" title=\"News aus Bonn \" rel=\"nofollow noopener\" target=\"_blank\">Bonn<\/a> (ots)<\/p>\n<p>Seit dem fr\u00fchen Freitagmorgen (28.08.2026) war die Bonner Polizei wegen mehrerer demonstrativer Aktionen im Bereich des Gewerbegebietes Beuel-Ost im Einsatz.<\/p>\n<p>Gegen 05:40 Uhr hatte der Pf\u00f6rtner eines Firmengel\u00e4ndes an der P\u00fctzchens Chaussee eine Ansammlung von Personen im Bereich der Werkzufahrt gemeldet. Polizeiliche Einsatzkr\u00e4fte stellten in der Folge zun\u00e4chst rund 20 Personen an verschiedenen Standorten rund um das Gel\u00e4nde fest (siehe dazu auch unsere Meldung von heute, 07:52 Uhr: <a target=\"_blank\" class=\"uri-ext outbound\" rel=\"noopener nofollow\" href=\"https:\/\/www.presseportal.de\/blaulicht\/pm\/7304\/6341252\">https:\/\/www.presseportal.de\/blaulicht\/pm\/7304\/6341252<\/a>).<\/p>\n<p>Im weiteren Einsatzverlauf stellte sich heraus, dass sich insgesamt zw\u00f6lf Personen im Bereich der Zufahrten auf der Fahrbahn festgeklebt hatten. Unter Hinzuziehung von Beamtinnen und Beamten der Bereitschaftspolizeihundertschaft sowie der Technischen Einsatzeinheit l\u00f6sten die Demonstranten ihre H\u00e4nde teils eigenst\u00e4ndig vom Untergrund ab oder wurden durch die Einsatzkr\u00e4fte von der Fahrbahn gel\u00f6st.<br \/>\nZwanzig Personen, die sich w\u00e4hrend der Aktion unmittelbar vor den Zufahrten aufgehalten hatten, wurden nach einer Personalienfeststellung vor Ort ins Polizeipr\u00e4sidium gebracht und erkennungsdienstlich behandelt. Weitere zehn Versammlungsteilnehmer wurden bereits vor Ort entlassen. W\u00e4hrend der Einsatzma\u00dfnahmen kam es im Gewerbegebiet Beuel-Ost zu Verkehrsbeeintr\u00e4chtigungen. Die Polizei leitete Ermittlungsverfahren wegen m\u00f6glicher Verst\u00f6\u00dfe gegen das Versammlungsgesetz sowie Straftaten nach dem Strafgesetzbuch ein.<\/p>\n<p>In den Nachmittagsstunden kam es am Landgrabenweg, in unmittelbarer N\u00e4he zum Polizeipr\u00e4sidium, zu einer weiteren Versammlungslage. Die polizeilichen Ma\u00dfnahmen dauern derzeit noch an.<\/p>\n<p class=\"contact-headline\">R\u00fcckfragen bitte an:<\/p>\n<p class=\"contact-text\">Polizei Bonn<br \/>Pressestelle<br \/>Telefon: 0228 &#8211; 1510-21<br \/>Fax: 0228-151202<br \/><a target=\"_blank\" class=\"uri-ext outbound\" rel=\"noopener nofollow\" href=\"https:\/\/bonn.polizei.nrw\">https:\/\/bonn.polizei.nrw<\/a><\/p>\n<p>Folgen Sie f\u00fcr aktuelle Informationen gerne unserem WhatsApp-Kanal:<br \/><a target=\"_blank\" class=\"uri-ext outbound\" rel=\"noopener nofollow\" href=\"https:\/\/t1p.de\/v1grf\">https:\/\/t1p.de\/v1grf<\/a><\/p>\n<p class=\"originator\">Original-Content von: Polizei Bonn, \u00fcbermittelt durch news aktuell<\/p>\n","protected":false},"excerpt":{"rendered":"28.08.2026 \u2013 16:41 Polizei Bonn Bonn (ots) Seit dem fr\u00fchen Freitagmorgen (28.08.2026) war die Bonner Polizei wegen mehrerer&hellip;\n","protected":false},"author":2,"featured_media":1266941,"comment_status":"","ping_status":"","sticky":false,"template":"","format":"standard","meta":{"footnotes":"","_share_on_mastodon":"0"},"categories":[1842],"tags":[1741,3364,29,30,177,1209,176,121,178,180,179,181],"class_list":["post-1268528","post","type-post","status-publish","format-standard","has-post-thumbnail","category-bonn","tag-bonn","tag-de","tag-deutschland","tag-germany","tag-kriminalitt","tag-nordrhein-westfalen","tag-nrw","tag-polizei","tag-presse","tag-pressemeldung","tag-pressemitteilung","tag-pressemitteilungen"],"share_on_mastodon":{"url":"https:\/\/pubeurope.com\/@de\/117181242666157545","error":""},"_links":{"self":[{"href":"https:\/\/www.europesays.com\/de\/wp-json\/wp\/v2\/posts\/1268528","targetHints":{"allow":["GET"]}}],"collection":[{"href":"https:\/\/www.europesays.com\/de\/wp-json\/wp\/v2\/posts"}],"about":[{"href":"https:\/\/www.europesays.com\/de\/wp-json\/wp\/v2\/types\/post"}],"author":[{"embeddable":true,"href":"https:\/\/www.europesays.com\/de\/wp-json\/wp\/v2\/users\/2"}],"replies":[{"embeddable":true,"href":"https:\/\/www.europesays.com\/de\/wp-json\/wp\/v2\/comments?post=1268528"}],"version-history":[{"count":0,"href":"https:\/\/www.europesays.com\/de\/wp-json\/wp\/v2\/posts\/1268528\/revisions"}],"wp:featuredmedia":[{"embeddable":true,"href":"https:\/\/www.europesays.com\/de\/wp-json\/wp\/v2\/media\/1266941"}],"wp:attachment":[{"href":"https:\/\/www.europesays.com\/de\/wp-json\/wp\/v2\/media?parent=1268528"}],"wp:term":[{"taxonomy":"category","embeddable":true,"href":"https:\/\/www.europesays.com\/de\/wp-json\/wp\/v2\/categories?post=1268528"},{"taxonomy":"post_tag","embeddable":true,"href":"https:\/\/www.europesays.com\/de\/wp-json\/wp\/v2\/tags?post=1268528"}],"curies":[{"name":"wp","href":"https:\/\/api.w.org\/{rel}","templated":true}]}}