{"id":1268531,"date":"2026-08-29T22:54:28","date_gmt":"2026-08-29T22:54:28","guid":{"rendered":"https:\/\/www.europesays.com\/de\/1268531\/"},"modified":"2026-08-29T22:54:28","modified_gmt":"2026-08-29T22:54:28","slug":"anne-thoele-notfallsanitaeterin-brainfood","status":"publish","type":"post","link":"https:\/\/www.europesays.com\/de\/1268531\/","title":{"rendered":"Anne Th\u00f6le, Notfallsanit\u00e4terin | Brainfood"},"content":{"rendered":"<p class=\"card__subtitle\"> Jugendpodcast &#8211; produziert vom Medienforum Duisburg e. V. <\/p>\n<p>Anne Th\u00f6le ist Notfallsanit\u00e4terin bei der Feuerwehr Duisburg. Wie sie dazu gekommen ist diesen <a href=\"https:\/\/www.nrwision.de\/mediathek\/themen\/beruf\" rel=\"nofollow noopener\" target=\"_blank\">Beruf<\/a> zu ergreifen, welche Voraussetzungen daf\u00fcr notwendig sind und worauf es in diesem <a href=\"https:\/\/www.nrwision.de\/mediathek\/themen\/beruf\" rel=\"nofollow noopener\" target=\"_blank\">Beruf<\/a> besonders ankommt, das verr\u00e4t die Notfallsanit\u00e4terin Maya und Lilian im Interview. F\u00fcr Anne Th\u00f6le der sch\u00f6nste Teil an ihrem Job: Die Dankbarkeit der Menschen, denen sie helfen kann.<\/p>\n","protected":false},"excerpt":{"rendered":"Jugendpodcast &#8211; produziert vom Medienforum Duisburg e. V. Anne Th\u00f6le ist Notfallsanit\u00e4terin bei der Feuerwehr Duisburg. Wie sie&hellip;\n","protected":false},"author":2,"featured_media":1268532,"comment_status":"","ping_status":"","sticky":false,"template":"","format":"standard","meta":{"footnotes":"","_share_on_mastodon":"0"},"categories":[1838],"tags":[1140,3886,630,3364,29,3715,30,141,837,1209,3906],"class_list":["post-1268531","post","type-post","status-publish","format-standard","has-post-thumbnail","category-duisburg","tag-arbeit","tag-ausbildung","tag-beruf","tag-de","tag-deutschland","tag-duisburg","tag-germany","tag-gesundheit","tag-medizin","tag-nordrhein-westfalen","tag-rettungsdienst"],"share_on_mastodon":{"url":"https:\/\/pubeurope.com\/@de\/117181262506170902","error":""},"_links":{"self":[{"href":"https:\/\/www.europesays.com\/de\/wp-json\/wp\/v2\/posts\/1268531","targetHints":{"allow":["GET"]}}],"collection":[{"href":"https:\/\/www.europesays.com\/de\/wp-json\/wp\/v2\/posts"}],"about":[{"href":"https:\/\/www.europesays.com\/de\/wp-json\/wp\/v2\/types\/post"}],"author":[{"embeddable":true,"href":"https:\/\/www.europesays.com\/de\/wp-json\/wp\/v2\/users\/2"}],"replies":[{"embeddable":true,"href":"https:\/\/www.europesays.com\/de\/wp-json\/wp\/v2\/comments?post=1268531"}],"version-history":[{"count":0,"href":"https:\/\/www.europesays.com\/de\/wp-json\/wp\/v2\/posts\/1268531\/revisions"}],"wp:featuredmedia":[{"embeddable":true,"href":"https:\/\/www.europesays.com\/de\/wp-json\/wp\/v2\/media\/1268532"}],"wp:attachment":[{"href":"https:\/\/www.europesays.com\/de\/wp-json\/wp\/v2\/media?parent=1268531"}],"wp:term":[{"taxonomy":"category","embeddable":true,"href":"https:\/\/www.europesays.com\/de\/wp-json\/wp\/v2\/categories?post=1268531"},{"taxonomy":"post_tag","embeddable":true,"href":"https:\/\/www.europesays.com\/de\/wp-json\/wp\/v2\/tags?post=1268531"}],"curies":[{"name":"wp","href":"https:\/\/api.w.org\/{rel}","templated":true}]}}