{"id":1268561,"date":"2026-08-29T23:17:15","date_gmt":"2026-08-29T23:17:15","guid":{"rendered":"https:\/\/www.europesays.com\/de\/1268561\/"},"modified":"2026-08-29T23:17:15","modified_gmt":"2026-08-29T23:17:15","slug":"boellerempfang-neuss-buergermeister-bestaetigt-bau-eines-defence-centers-in-neuss","status":"publish","type":"post","link":"https:\/\/www.europesays.com\/de\/1268561\/","title":{"rendered":"B\u00f6llerempfang Neuss: B\u00fcrgermeister best\u00e4tigt Bau eines Defence-Centers in Neuss"},"content":{"rendered":"<p class=\"text_ohne_einzug richtext text-em-55 !leading-serif mx-6 desktop:mx-0\">Im Bundesrechnungshof zu Bonn werden wieder Vokabelhefte gef\u00fchrt. \u201eB\u00f6llerempfang\u201c war eines der ersten Worte, das die Damen und Herren in der Chefetage lernen mussten, als Ansgar Heveling dort als neuer Pr\u00e4sident einzog. Denn der langj\u00e4hrige CDU-Politiker ist jedes Jahr Gast der NGZ bei diesem Auftakt-Event. Und auch wenn der Grenadier aus dem Zuge \u201eAusgeb\u00fcxt\u201c seinen K\u00f6nigsorden wegen der strengen Compliance-Regeln in dieser Bundesbeh\u00f6rde \u201ewahrscheinlich in Staatsbesitz \u00fcberf\u00fchren muss\u201c, wie er vermutet: Erst einmal darf er ihn stolz und zu Ehren von Sch\u00fctzenk\u00f6nig Franz Josef Odendahl tragen. Denn die Nachricht des Samstags lautet: Es ist Sch\u00fctzenfest!<\/p>\n<p class=\"richtext text-em-55 !leading-serif mx-6 desktop:mx-0\">Mit neun Salven aus jeweils drei Rohren k\u00fcndigten die st\u00e4dtischen Gesch\u00fctze um Punkt 12 Uhr weithin h\u00f6rbar an, dass <a href=\"https:\/\/rp-online.de\/thema\/neuss\/\" rel=\"nofollow noopener\" target=\"_blank\">Neuss<\/a> in den \u201eGaudete-Modus\u201c gewechselt ist. Man lebt wieder \u201eop de Dag\u201c, wie auch die Fahne in den Farben der Stadt zeigt, die gleichzeitig auf dem Turm von St. Quirinus entrollt wurde. \u201eKirmes, Kirmes\u201c, war die Botschaft \u2013 aber war das wirklich die Nachricht des Tages?<\/p>\n<p class=\"richtext text-em-55 !leading-serif mx-6 desktop:mx-0\">Mehr Bedeutung f\u00fcr die Stadt insgesamt d\u00fcrfte haben, dass das Land Nordrhein-Westfalen und der R\u00fcstungskonzern <a href=\"https:\/\/rp-online.de\/thema\/rheinmetall\/\" rel=\"nofollow noopener\" target=\"_blank\">Rheinmetall<\/a> ein Technologie- und Innovationszentrum auf der Hafenmole I etablieren wollen, gleich neben dem Rheinmetall-Werk, wo unter anderem Satelliten f\u00fcr das Milit\u00e4r gefertigt werden. \u201eEin Defence-Center wird entstehen\u201c, best\u00e4tigte B\u00fcrgermeister <a href=\"https:\/\/rp-online.de\/thema\/reiner-breuer\/\" rel=\"nofollow noopener\" target=\"_blank\">Reiner Breuer<\/a> im Interview mit NGZ-Redaktionsleiter Rainer Leurs beim B\u00f6llerempfang der NGZ. Gut 500 Wissenschaftler werden in diesem Zentrum einen neuen Arbeitsplatz finden und an L\u00f6sungen f\u00fcr die Wehrwirtschaft arbeiten. Er sei dankbar, sagte Breuer, <a href=\"https:\/\/rp-online.de\/nrw\/staedte\/neuss\/rheinmetall-chef-papperger-spottet-ueber-micky-mouse-companies_aid-153909519\" rel=\"nofollow noopener\" target=\"_blank\">dass Rheinmetall-Konzernchef Armin Papperger am Freitag in D\u00fcsseldorf \u00f6ffentlich gemacht hat,<\/a> woran hinter den Kulissen schon seit Monaten gemeinsam gearbeitet werde. \u201eIch bin froh, dass das kommen wird\u201c, sagte Breuer auch mit Blick auf die zu erwartenden Impulse f\u00fcr den Wirtschaftsstandort Neuss.<\/p>\n<p class=\"richtext text-em-55 !leading-serif mx-6 desktop:mx-0\">Etwas mehr Zukunftstechnologie h\u00e4tten sich vielleicht auch die drei Kanoniere gew\u00fcnscht, die die st\u00e4dtischen Gesch\u00fctze erstmals auf der Treppenanlage oberhalb vom Hafenbecken I in Stellung bringen mussten. Dennis Kluge und seine B\u00f6ller-Kollegen Birgit Bossems und Thomas Mathen hatten an ihrem \u201eBunker\u201c auf dem Wendersplatz zun\u00e4chst die abzufeuernden Kartuschen gestopft und mussten dann beim Probeschie\u00dfen (nur mit Z\u00fcndh\u00fctchen) aber feststellen, dass ein Gesch\u00fctz nicht ausl\u00f6st. Der Schlagbolzen war defekt. Ersatz war zum Gl\u00fcck schnell gefunden \u2013 und zwar im Schreibtisch eines der Kanoniere im Neusser Rathaus. \u201eMan muss nur entspannt bleiben\u201c, sagt Mathen.<\/p>\n<p class=\"richtext text-em-55 !leading-serif mx-6 desktop:mx-0\">Entspannt blieb auch Sch\u00fctzenk\u00f6nig Franz Josef II. bei einer ganz anderen Panne. Beim Fassanstich der Bitburger-Brauerei, dem neuen Partner des Neusser B\u00fcrger-Sch\u00fctzen-Vereins, fiel nach seinen Schl\u00e4gen gleich zweimal die T\u00fclle vom Zapfhahn ab. Kostenpflichtiger Inhalt <a href=\"https:\/\/rp-online.de\/nrw\/staedte\/neuss\/buerger-schuetzenfest\/diese-fahrgeschaefte-gibt-es-auf-der-neusser-kirmes-2026_aid-153317807\" rel=\"nofollow noopener\" target=\"_blank\">Der B\u00fcrgermeister, der tags zuvor beim Fassanstich zur Kirmeser\u00f6ffnung nur einen Schlag gebracht hatte<\/a>, machte aus dieser Kunst ein Geheimnis. Auf die Frage, wie er das bewerkstelligt habe, antwortete er im Interview vor mehr als 200 G\u00e4sten beim B\u00f6llerempfang nur knapp: \u201eDen Trick verrate ich nicht \u2013 auch nicht dem K\u00f6nig.\u201c<\/p>\n<p class=\"richtext text-em-55 !leading-serif mx-6 desktop:mx-0\">Der Empfang fand erstmals unter freiem Himmel und nicht mehr im Frankenheim-Zelt auf dem Wendersplatz statt, weil dieser in diesem Jahr wegen der Landesgartenschau nicht zur Verf\u00fcgung steht und im kommenden Jahr <a href=\"https:\/\/rp-online.de\/nrw\/staedte\/neuss\/neuss-kaufoption-fuer-wendersplatz-unterzeichnet_aid-150429459\" rel=\"nofollow noopener\" target=\"_blank\">wegen der Arbeiten am Neubau eines IHK-Bildungscampus der IHK.<\/a> Mehrere Optionen f\u00fcr das B\u00f6llern seien durchgespielt worden, berichtet Ordnungsdezernent Holger Lachmann, dann stand der Standort Hafentreppe fest. \u201eWir haben das Hafenbecken ger\u00e4umt\u201c, sagt Dominik Baum, Gesch\u00e4ftsf\u00fchrer der angrenzenden \u00d6lm\u00fchle C.Thywissen. Eine Sicherheitsma\u00dfnahme, erg\u00e4nzte er mit Blick auf die weiter entfernt vert\u00e4uten Schiffe \u2013 \u201ebevor die Holl\u00e4nder zur\u00fcckschie\u00dfen\u201c.<\/p>\n<p class=\"richtext text-em-55 !leading-serif mx-6 desktop:mx-0\">Der Standort ist neu \u2013 aber ist er auch von Dauer? Zumindest zog das Spektakel mehr Zuschauer an, als das Salutschie\u00dfen fr\u00fcherer Jahre auf dem Wendersplatz. Und Sch\u00fctzenk\u00f6nig Franz Josef II. pl\u00e4dierte umgehend daf\u00fcr, an dieser L\u00f6sung festzuhalten. \u201eDas war mega.\u201c<\/p>\n","protected":false},"excerpt":{"rendered":"Im Bundesrechnungshof zu Bonn werden wieder Vokabelhefte gef\u00fchrt. \u201eB\u00f6llerempfang\u201c war eines der ersten Worte, das die Damen und&hellip;\n","protected":false},"author":2,"featured_media":1268562,"comment_status":"","ping_status":"","sticky":false,"template":"","format":"standard","meta":{"footnotes":"","_share_on_mastodon":"0"},"categories":[1831],"tags":[262011,3364,29,3405,30,2508,24054,10430,1209,740],"class_list":["post-1268561","post","type-post","status-publish","format-standard","has-post-thumbnail","category-duesseldorf","tag-boellerempfang","tag-de","tag-deutschland","tag-duesseldorf","tag-germany","tag-kirmes","tag-nachricht","tag-neuss","tag-nordrhein-westfalen","tag-rheinmetall"],"share_on_mastodon":{"url":"https:\/\/pubeurope.com\/@de\/117181353077842062","error":""},"_links":{"self":[{"href":"https:\/\/www.europesays.com\/de\/wp-json\/wp\/v2\/posts\/1268561","targetHints":{"allow":["GET"]}}],"collection":[{"href":"https:\/\/www.europesays.com\/de\/wp-json\/wp\/v2\/posts"}],"about":[{"href":"https:\/\/www.europesays.com\/de\/wp-json\/wp\/v2\/types\/post"}],"author":[{"embeddable":true,"href":"https:\/\/www.europesays.com\/de\/wp-json\/wp\/v2\/users\/2"}],"replies":[{"embeddable":true,"href":"https:\/\/www.europesays.com\/de\/wp-json\/wp\/v2\/comments?post=1268561"}],"version-history":[{"count":0,"href":"https:\/\/www.europesays.com\/de\/wp-json\/wp\/v2\/posts\/1268561\/revisions"}],"wp:featuredmedia":[{"embeddable":true,"href":"https:\/\/www.europesays.com\/de\/wp-json\/wp\/v2\/media\/1268562"}],"wp:attachment":[{"href":"https:\/\/www.europesays.com\/de\/wp-json\/wp\/v2\/media?parent=1268561"}],"wp:term":[{"taxonomy":"category","embeddable":true,"href":"https:\/\/www.europesays.com\/de\/wp-json\/wp\/v2\/categories?post=1268561"},{"taxonomy":"post_tag","embeddable":true,"href":"https:\/\/www.europesays.com\/de\/wp-json\/wp\/v2\/tags?post=1268561"}],"curies":[{"name":"wp","href":"https:\/\/api.w.org\/{rel}","templated":true}]}}