{"id":1268582,"date":"2026-08-29T23:31:17","date_gmt":"2026-08-29T23:31:17","guid":{"rendered":"https:\/\/www.europesays.com\/de\/1268582\/"},"modified":"2026-08-29T23:31:17","modified_gmt":"2026-08-29T23:31:17","slug":"gedenkgottesdienst-trauer-um-erzieher-und-schuelerin-in-brandenburg-brandenburg","status":"publish","type":"post","link":"https:\/\/www.europesays.com\/de\/1268582\/","title":{"rendered":"Gedenkgottesdienst: Trauer um Erzieher und Sch\u00fclerin in Brandenburg | Brandenburg"},"content":{"rendered":"<p>Gosen-Neu Zittau (Brandenburg) \u2013 <b>Zwei Tage nach der t\u00f6dlichen Messerattacke an einer Schule in Gosen-Neu Zittau versammelten sich Menschen in der Dorfkirche zum Gedenkgottesdienst. Pfarrer Carsten Schwarz wollte einen Raum bieten, \u201eum die Fragen und die Klagen auch ansprechen zu k\u00f6nnen, aber auch f\u00fcr andere zu beten\u201c. Seine Worte: \u201eEs macht fassungslos, es macht sprachlos.\u201c<\/b><\/p>\n<p>Der Geistliche machte deutlich: Es k\u00f6nne keine Antworten auf die Fragen geben. Es gehe um einen Ort der Stille und Trauer und m\u00f6gliche Gespr\u00e4che.<\/p>\n<p>Ein 19-J\u00e4hriger in Untersuchungshaft<\/p>\n<p>Mika S. (19) steht im Verdacht, am Donnerstag an der Privatschule die 18 Jahre alte Sch\u00fclerin Anna-Lena und den 30 Jahre alten Kita-Erzieher Phillip P. get\u00f6tet zu haben. Ihm wird zweifacher Mord vorgeworfen. Er kam in Untersuchungshaft, wie die Polizei mitteilte.<\/p>\n<p>Die Sch\u00fclerin soll laut Staatsanwaltschaft die Ex-Freundin des Tatverd\u00e4chtigen sein. Der Erzieher soll versucht haben, ihr zu helfen. Bei der Tatwaffe soll es sich um ein Messer handeln.<\/p>\n<p><img decoding=\"async\" width=\"992\" height=\"558\" alt=\"Auch beim Bundesligaspiel von Union Berlin gegen Eintracht Frankfurt wurde den Get\u00f6teten gedacht\" loading=\"lazy\" src=\"https:\/\/www.europesays.com\/de\/wp-content\/uploads\/2026\/08\/66af97b9d744f56d566c27a63af9797e,f845f96e.jpeg\"   class=\"landscape\"\/><\/p>\n<p class=\"fig__caption__text\">Auch beim Bundesligaspiel von Union Berlin gegen Eintracht Frankfurt wurde den Get\u00f6teten gedacht<\/p>\n<p>Foto: Julius Frick\/dpa<\/p>\n<p>Teelichter auf schwarzem Tuch<\/p>\n<p>W\u00e4hrend des Gottesdienstes in der Evangelischen Kirche in Neu Zittau waren nach Angaben des Pfarrers unter anderem Musik, ein Psalmgebet und F\u00fcrbitten vorgesehen. Auf einem schwarzen Tuch sollten Menschen Teelichter anz\u00fcnden und in Ruhe trauern k\u00f6nnen.<\/p>\n<p>Es wird nicht das einzige Gedenken sein: F\u00fcr Donnerstag (3. September) ist ein Trauergottesdienst in der Docemus-Privatschule geplant. Am Freitag (4. September) soll vor der Schule ein Gedenken mit Schweigeminute stattfinden.<\/p>\n<p>B\u00fcrgermeister bittet um Respekt<\/p>\n<p>Der B\u00fcrgermeister von Gosen-Neu Zittau, Frank Nakoinz (BVB\/Freie W\u00e4hler), bat Medienvertreter bei Facebook darum, \u201eden Terminen aus Respekt vor den Verstorbenen, ihren Angeh\u00f6rigen und allen Trauernden fernzubleiben\u201c.<\/p>\n<p>Auf dem Schulcampus des privaten Tr\u00e4gers Docemus sind weiter Notfallseelsorger im Einsatz. Anfang der kommenden Woche soll es ein gro\u00dfes Treffen mit der Sch\u00fclerschaft geben. Zum privaten Tr\u00e4ger Docemus geh\u00f6ren Gymnasium, Oberschule und Fachoberschule.<\/p>\n<p>Fu\u00dfballverein trauert um Erzieher<\/p>\n<p>Die staatliche Grundschule auf dem Campus wird ab Montag nach Angaben des Bildungsministeriums wieder regul\u00e4ren Unterricht anbieten.<\/p>\n<p>Trauer gab es auch beim Fu\u00dfballverein des toten Erziehers, dem SG Gr\u00fcn-Wei\u00df Deutsch Wusterhausen. Der Verein schrieb auf Instagram: \u201eUnser tiefes Mitgef\u00fchl gilt der Familie, den Freunden und der gesamten SG Gr\u00fcn-Wei\u00df Deutsch Wusterhausen. Wir w\u00fcnschen euch in dieser schweren Zeit viel Kraft und Zusammenhalt. Ruhe in Frieden.\u201c<\/p>\n<p>Haben Sie einen Fehler in diesem Artikel entdeckt? Dann schreiben Sie uns gern: <a href=\"mailto:fehler.melden@bz.de?body=%0A%0A%0AURL%3A%20https%3A%2F%2Fwww.bz-berlin.de%2Fbrandenburg%2Fgedenkgottesdienst-trauer-um-erzieher-und-schuelerin-in-brandenburg-6a9326ab518a586e1855ca7f%0ADatum%3A%2030.8.2026%2C%2001%3A31%3A03%0A\" target=\"_blank\" rel=\"noopener\" class=\"anchor anchor--external\">fehler.melden@bz.de.<\/a><\/p>\n","protected":false},"excerpt":{"rendered":"Gosen-Neu Zittau (Brandenburg) \u2013 Zwei Tage nach der t\u00f6dlichen Messerattacke an einer Schule in Gosen-Neu Zittau versammelten sich&hellip;\n","protected":false},"author":2,"featured_media":1268583,"comment_status":"","ping_status":"","sticky":false,"template":"","format":"standard","meta":{"footnotes":"","_share_on_mastodon":"0"},"categories":[1816],"tags":[25017,1960,1958,1959,1957,1956,1890,29,30,219393,2183,261217,966],"class_list":["post-1268582","post","type-post","status-publish","format-standard","has-post-thumbnail","category-brandenburg","tag-a2","tag-aktuelle-nachrichten-aus-berlin-und-brandenburg","tag-aktuelle-nachrichten-aus-brandenburg","tag-aktuelle-news-aus-berlin-und-brandenburg","tag-aktuelle-news-aus-brandenburg","tag-berlin-und-brandenburg","tag-brandenburg","tag-deutschland","tag-germany","tag-messer-attacke","tag-mord","tag-polizei-brandenburg","tag-schule"],"share_on_mastodon":{"url":"https:\/\/pubeurope.com\/@de\/117181407856454925","error":""},"_links":{"self":[{"href":"https:\/\/www.europesays.com\/de\/wp-json\/wp\/v2\/posts\/1268582","targetHints":{"allow":["GET"]}}],"collection":[{"href":"https:\/\/www.europesays.com\/de\/wp-json\/wp\/v2\/posts"}],"about":[{"href":"https:\/\/www.europesays.com\/de\/wp-json\/wp\/v2\/types\/post"}],"author":[{"embeddable":true,"href":"https:\/\/www.europesays.com\/de\/wp-json\/wp\/v2\/users\/2"}],"replies":[{"embeddable":true,"href":"https:\/\/www.europesays.com\/de\/wp-json\/wp\/v2\/comments?post=1268582"}],"version-history":[{"count":0,"href":"https:\/\/www.europesays.com\/de\/wp-json\/wp\/v2\/posts\/1268582\/revisions"}],"wp:featuredmedia":[{"embeddable":true,"href":"https:\/\/www.europesays.com\/de\/wp-json\/wp\/v2\/media\/1268583"}],"wp:attachment":[{"href":"https:\/\/www.europesays.com\/de\/wp-json\/wp\/v2\/media?parent=1268582"}],"wp:term":[{"taxonomy":"category","embeddable":true,"href":"https:\/\/www.europesays.com\/de\/wp-json\/wp\/v2\/categories?post=1268582"},{"taxonomy":"post_tag","embeddable":true,"href":"https:\/\/www.europesays.com\/de\/wp-json\/wp\/v2\/tags?post=1268582"}],"curies":[{"name":"wp","href":"https:\/\/api.w.org\/{rel}","templated":true}]}}