{"id":1268590,"date":"2026-08-29T23:35:20","date_gmt":"2026-08-29T23:35:20","guid":{"rendered":"https:\/\/www.europesays.com\/de\/1268590\/"},"modified":"2026-08-29T23:35:20","modified_gmt":"2026-08-29T23:35:20","slug":"berliner-kultur-berlin-feiert-lange-nacht-der-museen-kultur","status":"publish","type":"post","link":"https:\/\/www.europesays.com\/de\/1268590\/","title":{"rendered":"Berliner Kultur &#8211; Berlin feiert lange Nacht der Museen &#8211; Kultur"},"content":{"rendered":"<p data-manual=\"paragraph\" data-schema-org-speakable=\"true\" class=\"css-1eosz7k\"><a href=\"https:\/\/www.sueddeutsche.de\/thema\/Berlin\" rel=\"nofollow noopener\" target=\"_blank\">Berlin<\/a> (dpa\/bb) &#8211; Bis sp\u00e4tnachts durch Berlins <a href=\"https:\/\/www.sueddeutsche.de\/thema\/Museen\" rel=\"nofollow noopener\" target=\"_blank\">Museen<\/a> &#8211; die lange Nacht der Museen hat in Berlin begonnen. \u201eEs war sehr gut besucht, es war eine total sch\u00f6ne Stimmung, das Wetter hat gut mitgespielt\u201c, sagte eine Sprecherin am Samstagabend. Unter dem Titel \u201eCrime in Berlin\u201c geht es diesmal schwerpunktm\u00e4\u00dfig um Kriminalf\u00e4lle.<\/p>\n<p data-manual=\"paragraph\" data-schema-org-speakable=\"true\" class=\"css-1eosz7k\">Neben den bekannten Museen etwa auf der Museumsinsel machen auch viele kleinere H\u00e4user in der Hauptstadt mit. Mit einem Ticket kann man bis zu 75 verschiedene Orte besuchen.<\/p>\n<p data-manual=\"paragraph\" data-schema-org-speakable=\"true\" class=\"css-1eosz7k\">Schwerpunktm\u00e4\u00dfig geht es diesmal um Kriminalf\u00e4lle &#8211; von \u201eKains Brudermord bis zur Cyberkriminalit\u00e4t, vom Mordkomplott im Florenz der Medici bis zum Schwarzmarkt der Nachkriegsjahre\u201c, wie die Veranstalter ank\u00fcndigten. Im Programm stehen etwa auch Swingtanz und Karaoke.<\/p>\n<p data-manual=\"paragraph\" data-schema-org-speakable=\"true\" class=\"css-1eosz7k\">Vorgeschlagene Routen gab es etwa zu den 1920er Jahren in Berlin, queerer Geschichte oder herausragenden K\u00fcnstlerinnen. Im vergangenen Jahr hatte die lange Nacht der Museen unter dem Motto Liebe gestanden.<\/p>\n<p data-manual=\"paragraph\" data-schema-org-speakable=\"true\" class=\"css-1eosz7k\">\u00a9 dpa-infocom, dpa:260829-930-602644\/1<\/p>\n","protected":false},"excerpt":{"rendered":"Berlin (dpa\/bb) &#8211; Bis sp\u00e4tnachts durch Berlins Museen &#8211; die lange Nacht der Museen hat in Berlin begonnen.&hellip;\n","protected":false},"author":2,"featured_media":1268591,"comment_status":"","ping_status":"","sticky":false,"template":"","format":"standard","meta":{"footnotes":"","_share_on_mastodon":"0"},"categories":[1825],"tags":[296,29,30,80,2147,149],"class_list":["post-1268590","post","type-post","status-publish","format-standard","has-post-thumbnail","category-berlin","tag-berlin","tag-deutschland","tag-germany","tag-kultur","tag-museen","tag-sueddeutsche-zeitung"],"share_on_mastodon":{"url":"https:\/\/pubeurope.com\/@de\/117181423493496129","error":""},"_links":{"self":[{"href":"https:\/\/www.europesays.com\/de\/wp-json\/wp\/v2\/posts\/1268590","targetHints":{"allow":["GET"]}}],"collection":[{"href":"https:\/\/www.europesays.com\/de\/wp-json\/wp\/v2\/posts"}],"about":[{"href":"https:\/\/www.europesays.com\/de\/wp-json\/wp\/v2\/types\/post"}],"author":[{"embeddable":true,"href":"https:\/\/www.europesays.com\/de\/wp-json\/wp\/v2\/users\/2"}],"replies":[{"embeddable":true,"href":"https:\/\/www.europesays.com\/de\/wp-json\/wp\/v2\/comments?post=1268590"}],"version-history":[{"count":0,"href":"https:\/\/www.europesays.com\/de\/wp-json\/wp\/v2\/posts\/1268590\/revisions"}],"wp:featuredmedia":[{"embeddable":true,"href":"https:\/\/www.europesays.com\/de\/wp-json\/wp\/v2\/media\/1268591"}],"wp:attachment":[{"href":"https:\/\/www.europesays.com\/de\/wp-json\/wp\/v2\/media?parent=1268590"}],"wp:term":[{"taxonomy":"category","embeddable":true,"href":"https:\/\/www.europesays.com\/de\/wp-json\/wp\/v2\/categories?post=1268590"},{"taxonomy":"post_tag","embeddable":true,"href":"https:\/\/www.europesays.com\/de\/wp-json\/wp\/v2\/tags?post=1268590"}],"curies":[{"name":"wp","href":"https:\/\/api.w.org\/{rel}","templated":true}]}}