{"id":1268596,"date":"2026-08-29T23:38:26","date_gmt":"2026-08-29T23:38:26","guid":{"rendered":"https:\/\/www.europesays.com\/de\/1268596\/"},"modified":"2026-08-29T23:38:26","modified_gmt":"2026-08-29T23:38:26","slug":"josef-kaiser-ausstellung-zeigt-wie-er-die-ddr-praegte-unterhaltung","status":"publish","type":"post","link":"https:\/\/www.europesays.com\/de\/1268596\/","title":{"rendered":"Josef Kaiser: Ausstellung zeigt, wie er die DDR pr\u00e4gte | Unterhaltung"},"content":{"rendered":"<p>Kreuzberg \u2013 <b>Seine H\u00e4user pr\u00e4gen die Stadt bis heute, auch wenn einige gar nicht mehr existieren. Architekt Josef Kaiser (1910-1991) schuf ikonische Geb\u00e4ude wie das Kino International oder das Caf\u00e9 Moskau in Mitte. Jetzt w\u00fcrdigt die Berlinische Galerie den Architekten mit der Ausstellung \u201eBauen f\u00fcr die DDR\u201c, zeigt Entw\u00fcrfe, Handzeichnungen, Fotos und Modelle Kaisers von 1931 bis 1984.<\/b><\/p>\n<p><img decoding=\"async\" width=\"992\" height=\"558\" alt=\"Architekt Josef Kaiser auf einem Foto von 1961\" loading=\"lazy\" src=\"https:\/\/www.europesays.com\/de\/wp-content\/uploads\/2026\/08\/7fc176bb314fd470b3d83b73cb66127c,85aa7e87.webp\"   class=\"landscape\"\/><\/p>\n<p class=\"fig__caption__text\">Architekt Josef Kaiser auf einem Foto von 1961<\/p>\n<p>Foto: DLK Foto Dresden\/Lucia Maria Kaiser<\/p>\n<p>Zur Er\u00f6ffnung kamen auch Josef Kaisers Sohn Gert (78) und Lucia Maria Kaiser (63), die Witwe von Kaisers 2023 verstorbenem Sohn Michael. Letzterer hatte den Nachlass seines Vaters bewahrt. Die Familie hat der Berlinischen Galerie nun 900 Pl\u00e4ne, darunter 300 Originalzeichnungen, sowie Lichtpausen, Fotos und Akten \u00fcbergeben. \u201eWir freuen uns sehr, dass die Dinge zu sehen sind, mein Vater ist hier\u201c, sagt Gert Kaiser sichtlich stolz. <\/p>\n<p><img decoding=\"async\" width=\"992\" height=\"558\" alt=\"Josef Kaisers Sohn Gert und Schwiegertochter Lucia Maria in der Ausstellung der Berlinischen Galerie\" loading=\"lazy\" src=\"https:\/\/www.europesays.com\/de\/wp-content\/uploads\/2026\/08\/41728c926ee0bb17b090fbb1de9e27a6,9a2765de.webp\"   class=\"landscape\"\/><\/p>\n<p class=\"fig__caption__text\">Josef Kaisers Sohn Gert und Schwiegertochter Lucia Maria in der Ausstellung der Berlinischen Galerie<\/p>\n<p>Foto: Martina Hafner<\/p>\n<p>Kaiser arbeitete nach dem Krieg zun\u00e4chst als S\u00e4nger<\/p>\n<p>Die Karriere Kaisers begann durchaus ungew\u00f6hnlich. Nach dem Studium in Prag bewarb er sich bei gro\u00dfen Architekturb\u00fcros in Nazi-Deutschland, wurde Mitglied der NSDAP. \u201e\u00dcber seine politische Haltung wissen wir leider nicht viel\u201c, sagt Kuratorin Ursula M\u00fcller. Sicher sei nur: Sein Entnazifizierungsverfahren dauerte drei Monate, danach war er rehabilitiert.<\/p>\n<p>Nach dem Krieg schlug er zun\u00e4chst eine andere Karriere ein, studierte Gesang und arbeitete als Erster Tenor im <a href=\"https:\/\/www.bz-berlin.de\/thema\/theater\" class=\"text-link\" rel=\"nofollow noopener\" target=\"_blank\">Theater<\/a> am Nollendorfplatz und in Frankfurt an der Oder. Doch 1950 zog es ihn zur Architektur zur\u00fcck, er lie\u00df sich in Ost-Berlin nieder. Anfangs baute Kaiser noch im klassizistischen Stil der Sowjetunion, wie man am Kulturhaus Maxh\u00fctte in Th\u00fcringen aus den 1950er-Jahren sehen kann. Doch bald entwickelte er seinen eigenen Stil, modern, mit leichten klaren Linien. <\/p>\n<p><img decoding=\"async\" width=\"992\" height=\"558\" alt=\"Blick in die Ausstellung in der Berlinischen Galerie mit einem Modell des Kino International\" loading=\"lazy\" src=\"https:\/\/www.europesays.com\/de\/wp-content\/uploads\/2026\/08\/0cf1655824be4fc7188f00d94ef99ab6,3fcf2624.webp\"   class=\"landscape\"\/><\/p>\n<p class=\"fig__caption__text\">Blick in die Ausstellung in der Berlinischen Galerie mit einem Modell des Kino International <\/p>\n<p>Im Hansaviertel baute er ein Einfamilienhaus, sein leichter, moderner Stil ist deutlich erkennbar. Ein handtellergro\u00dfes Modell davon ist in der <a href=\"https:\/\/www.bz-berlin.de\/thema\/ausstellung\" class=\"text-link\" rel=\"nofollow noopener\" target=\"_blank\">Ausstellung <\/a>zu sehen. \u201eWahrscheinlich konnte Kaiser es so in einer Tasche \u00fcber die Grenze bringen\u201c, vermutet Kuratorin M\u00fcller. Die Mauer war noch nicht gebaut, man konnte zwischen Ost- und West-Berlin pendeln. <\/p>\n<p>Frage an den Sohn: Warum ging Kaiser nicht in den Westen, sondern entschied sich f\u00fcr die DDR? \u201eEr hatte keine Lust, sich den W\u00fcnschen einzelner Bauherren zu f\u00fcgen, er wollte eigene gro\u00dfe Projekte leiten, sodass er alle Gewerke mitbestimmen konnte\u201c, sagt  Gert Kaiser. Auch wenn er sich manchmal  den Oberen beugen musste. So wollte DDR-Staatschef Walter Ulbricht, dass er das <a href=\"https:\/\/www.bz-berlin.de\/unterhaltung\/kino-international-rueckkehr\" class=\"text-link\" rel=\"nofollow noopener\" target=\"_blank\">Kino International <\/a>zwei Meter h\u00f6her baute. \u201eMein Vater hat immer geliefert, in gutem Stil und auch bezahlbar. Denn das Geld spielte auch in der DDR eine gro\u00dfe Rolle\u201c, wei\u00df Sohn Gert.<\/p>\n<p><img decoding=\"async\" width=\"992\" height=\"558\" alt=\"Der von Josef Kaiser entworfene Stra\u00dfenzug vom Strausberger Platz bis zum Alex\" loading=\"lazy\" src=\"https:\/\/www.europesays.com\/de\/wp-content\/uploads\/2026\/08\/bf90e3bb06b8c615e8bab5e473a69061,20b688fb.jpeg\"   class=\"landscape\"\/><\/p>\n<p class=\"fig__caption__text\">Der von Josef Kaiser entworfene Stra\u00dfenzug vom Strausberger Platz bis zum Alex<\/p>\n<p>Foto: IRS Erkner\/Rolf Vetter<\/p>\n<p>Gezeichnet hat Josef Kaiser meist in der Nacht. \u201eWir Kinder wurden schon mal um zwei Uhr nachts geweckt, um den Zirkel zu halten\u201c, erinnert sich Gert Kaiser. \u201eTags\u00fcber lief er herum und pfiff das Motiv von Bruckners 7. Sinfonie\u201c, so der Sohn des Architekten weiter.<\/p>\n<p>Der Baumeister entwarf nicht nur den ganzen Stra\u00dfenzug vom Strausberger Platz bis zum Alex. Er mischte auch bei vielen anderen Projekten mit, zum Beispiel den Wohnkomplexen in Eisenh\u00fcttenstadt, dem Palast der Republik, der Charit\u00e9 und hatte somit  immensen Einfluss auf den Look der DDR. Einige Kaiser-Bauten wurden nach der Wende abgerissen, das Hotel Berolina hinter dem Kino International oder das DDR-Au\u00dfenministerium, das direkt neben der Friedrichwerderschen Kirche stand.  Dessen Abriss 1995 ist bis heute umstritten. Gert Kaiser sagt: \u201eEin sch\u00f6ner Bau, er stand nur leider wie ein Riegel am falschen Platz.\u201c <\/p>\n<p>Bis 1. Februar, Alte Jakobstr. 124-128, Mi-Mo 10-18 Uhr, 12 erm\u00e4\u00dfigt 7 Euro. <\/p>\n<p>Haben Sie einen Fehler in diesem Artikel entdeckt? Dann schreiben Sie uns gern: <a href=\"mailto:fehler.melden@bz.de?body=%0A%0A%0AURL%3A%20https%3A%2F%2Fwww.bz-berlin.de%2Funterhaltung%2Fjosef-kaiser-ausstellung-zeigt-wie-er-die-ddr-praegte-6a8fdee8518a586e18559bdc%0ADatum%3A%2030.8.2026%2C%2001%3A34%3A44%0A\" target=\"_blank\" rel=\"noopener\" class=\"anchor anchor--external\">fehler.melden@bz.de.<\/a><\/p>\n","protected":false},"excerpt":{"rendered":"Kreuzberg \u2013 Seine H\u00e4user pr\u00e4gen die Stadt bis heute, auch wenn einige gar nicht mehr existieren. Architekt Josef&hellip;\n","protected":false},"author":2,"featured_media":1268597,"comment_status":"","ping_status":"","sticky":false,"template":"","format":"standard","meta":{"footnotes":"","_share_on_mastodon":"0"},"categories":[1775],"tags":[2250,1793,237049,29,214,30,1794,2264,215],"class_list":["post-1268596","post","type-post","status-publish","format-standard","has-post-thumbnail","category-kunst-und-design","tag-architektur","tag-art-and-design","tag-berliner-kultur","tag-deutschland","tag-entertainment","tag-germany","tag-kunst-und-design","tag-museum","tag-unterhaltung"],"share_on_mastodon":{"url":"https:\/\/pubeurope.com\/@de\/117181435690263449","error":""},"_links":{"self":[{"href":"https:\/\/www.europesays.com\/de\/wp-json\/wp\/v2\/posts\/1268596","targetHints":{"allow":["GET"]}}],"collection":[{"href":"https:\/\/www.europesays.com\/de\/wp-json\/wp\/v2\/posts"}],"about":[{"href":"https:\/\/www.europesays.com\/de\/wp-json\/wp\/v2\/types\/post"}],"author":[{"embeddable":true,"href":"https:\/\/www.europesays.com\/de\/wp-json\/wp\/v2\/users\/2"}],"replies":[{"embeddable":true,"href":"https:\/\/www.europesays.com\/de\/wp-json\/wp\/v2\/comments?post=1268596"}],"version-history":[{"count":0,"href":"https:\/\/www.europesays.com\/de\/wp-json\/wp\/v2\/posts\/1268596\/revisions"}],"wp:featuredmedia":[{"embeddable":true,"href":"https:\/\/www.europesays.com\/de\/wp-json\/wp\/v2\/media\/1268597"}],"wp:attachment":[{"href":"https:\/\/www.europesays.com\/de\/wp-json\/wp\/v2\/media?parent=1268596"}],"wp:term":[{"taxonomy":"category","embeddable":true,"href":"https:\/\/www.europesays.com\/de\/wp-json\/wp\/v2\/categories?post=1268596"},{"taxonomy":"post_tag","embeddable":true,"href":"https:\/\/www.europesays.com\/de\/wp-json\/wp\/v2\/tags?post=1268596"}],"curies":[{"name":"wp","href":"https:\/\/api.w.org\/{rel}","templated":true}]}}