{"id":1268605,"date":"2026-08-29T23:45:24","date_gmt":"2026-08-29T23:45:24","guid":{"rendered":"https:\/\/www.europesays.com\/de\/1268605\/"},"modified":"2026-08-29T23:45:24","modified_gmt":"2026-08-29T23:45:24","slug":"fortuna-duesseldorf-befreiungsschlag-gegen-vfb-ii-mueller-trifft-zum-sieg","status":"publish","type":"post","link":"https:\/\/www.europesays.com\/de\/1268605\/","title":{"rendered":"Fortuna D\u00fcsseldorf: Befreiungsschlag gegen VfB II \u2013 M\u00fcller trifft zum Sieg"},"content":{"rendered":"<p>Newsblog zu Fortuna D\u00fcsseldorf <\/p>\n<p>Erster Saisonsieg: Fortuna gelingt Befreiungsschlag gegen Stuttgart II<\/p>\n<p>Aktualisiert am 29.08.2026 &#8211; 07:28 UhrLesedauer: 11 Min.<\/p>\n<p><a href=\"#focus-0\" class=\"transition-colors block text-current relative\" data-sctrack=\"FocusGalleryImage.Reference\"><img fetchpriority=\"high\" data-testid=\"Opener.Image\"   loading=\"eager\" src=\"https:\/\/www.europesays.com\/de\/wp-content\/uploads\/2026\/08\/andreas-mueller-jubelt-der-mittelfeldspieler-erzielte-gegen-stuttgart-ii-den-siegtreffer.jpg\" alt=\"Andreas M\u00fcller jubelt: Der Mittelfeldspieler erzielte gegen Stuttgart II den Siegtreffer.\" title=\"Andreas M\u00fcller jubelt: Der Mittelfeldspieler erzielte gegen Stuttgart II den Siegtreffer.\" width=\"4263\" height=\"2398\" class=\"bg-[url:var(--lqipURL)] bg-cover bg-center flex h-full w-full max-w-full\" style=\"--lqipURL:url('https:\/\/images.t-online.de\/2026\/08\/XdLwW3HQFI60\/0x226:4263x2398\/fit-in\/150x0\/filters:blur(25)\/andreas-mueller-jubelt-der-mittelfeldspieler-erzielte-gegen-stuttgart-ii-den-siegtreffer.jpg')\" decoding=\"async\"\/><img loading=\"lazy\" src=\"https:\/\/duesseldorf.t-online.de\/s\/paper\/_next\/static\/media\/zoom-in.f7dae02f.svg\" alt=\"Vergr\u00f6\u00dfern des Bildes\" title=\"Vergr\u00f6\u00dfern des Bildes\" class=\"block h-[calc(var(--height)_\/_16_*_1rem)] w-[calc(var(--width)_\/_16_*_1rem)] max-w-none absolute right-8 bottom-8 rounded-4 bg-snow p-8\" style=\"--width:32;--height:32\" decoding=\"async\"\/><\/a><\/p>\n<p>Andreas M\u00fcller jubelt: Der Mittelfeldspieler erzielte gegen Stuttgart II den Siegtreffer. (Quelle: Imago\/DeFodi Images)<\/p>\n<p class=\"font-bold text-18 leading-17 user-text-lg:text-22 user-text-xl:text-24\">Fortuna D\u00fcsseldorf ist einer der traditionsreichsten Fu\u00dfballvereine Deutschlands. Im Newsblog finden Sie alle wichtigen Meldungen und Entwicklungen rund um den Drittligisten.<\/p>\n<p>M\u00fcller schie\u00dft D\u00fcsseldorf zum ersten Saisonsieg<\/p>\n<p class=\"text-18 leading-17 user-text-lg:text-22 user-text-xl:text-24\">Im dritten Spiel hat <a href=\"https:\/\/www.t-online.de\/themen\/fortuna-duesseldorf\/\" class=\"transition-colors cursor-pointer no-underline md:hover:text-magenta md:focus:text-magenta border-b border-solid border-current text-salemsfur md:hover:border-magenta\" data-tracking=\"{&quot;action&quot;:&quot;click&quot;,&quot;category&quot;:&quot;intextLink&quot;,&quot;label&quot;:&quot;https:\/\/www.t-online.de\/themen\/fortuna-duesseldorf\/&quot;}\" data-sctrack=\"BodyAnchor\" rel=\"nofollow noopener\" target=\"_blank\">Fortuna D\u00fcsseldorf<\/a> die ersten Punkte der neuen Saison in der 3. Liga geholt. Der Zweitliga-Absteiger setzte sich am Freitagabend gegen die Reserve des VfB Stuttgart mit 1:0 durch. Den Siegtreffer vor 25.805 Zuschauern in der heimischen Merkur-Spiel-Arena erzielte Andreas M\u00fcller in der 59. Minute.<\/p>\n<p class=\"text-18 leading-17 user-text-lg:text-22 user-text-xl:text-24\">Zwischen den Pfosten gab Trainer Alexander Ende etwas \u00fcberraschend Louis Lord den Vorzug vor dem bislang in der Liga gesetzten Lasse Rie\u00df. <a href=\"https:\/\/duesseldorf.t-online.de\/region\/duesseldorf\/id_101410754\/fortuna-duesseldorf-feiert-gegen-vfb-ii-ersten-sieg-mit-neuem-torwart.html\" target=\"_blank\" class=\"transition-colors cursor-pointer no-underline md:hover:text-magenta md:focus:text-magenta border-b border-solid border-current text-salemsfur md:hover:border-magenta\" data-tracking=\"{&quot;action&quot;:&quot;click&quot;,&quot;category&quot;:&quot;intextLink&quot;,&quot;label&quot;:&quot;\/region\/duesseldorf\/id_101410754\/fortuna-duesseldorf-feiert-gegen-vfb-ii-ersten-sieg-mit-neuem-torwart.html&quot;}\" data-sctrack=\"BodyAnchor\" rel=\"nofollow noopener\">Der Schlussmann erkl\u00e4rte nach der Partie im Gespr\u00e4ch mit t-online<\/a>: &#8222;Wir haben eine schwere Zeit hinter uns. Wir hatten sehr viel Druck von au\u00dfen, haben aber standgehalten und gegen Stuttgart eine sehr gute Leistung abgeliefert.&#8220;<\/p>\n<p>Mitgliederversammlung findet am 15. November statt<\/p>\n<p class=\"text-18 leading-17 user-text-lg:text-22 user-text-xl:text-24\">Fortuna D\u00fcsseldorf h\u00e4lt seine Mitgliederversammlung am 15. November 2026 im Congress Center D\u00fcsseldorf ab. Dabei stehen f\u00fcnf Sitze im Aufsichtsrat zur Wahl.<\/p>\n<p class=\"text-18 leading-17 user-text-lg:text-22 user-text-xl:text-24\">Die Versammlung beginnt um 13 Uhr. Kandidaturen f\u00fcr die Aufsichtsratsposten m\u00fcssen gem\u00e4\u00df Vereinssatzung von mindestens drei stimmberechtigten Mitgliedern eingereicht werden. Au\u00dferdem muss die vorgeschlagene Person schriftlich zustimmen. Unterlagen k\u00f6nnen auch digital, etwa als PDF per E-Mail, eingereicht werden.<\/p>\n<p class=\"text-18 leading-17 user-text-lg:text-22 user-text-xl:text-24\">Die Einreichungsfrist endet sechs Wochen vor der Versammlung, also am 4. Oktober 2026. Sp\u00e4ter eingehende Vorschl\u00e4ge werden nicht ber\u00fccksichtigt. Zudem k\u00f6nnen Personen nicht kandidieren, die in den zwei Jahren vor der Wahl dem Vorstand oder dem Wahlausschuss angeh\u00f6rt haben.<\/p>\n<p class=\"text-18 leading-17 user-text-lg:text-22 user-text-xl:text-24\">Kandidaturen k\u00f6nnen an den Wahlausschuss unter den E-Mail-Adressen <a href=\"https:\/\/duesseldorf.t-online.de\/region\/duesseldorf\/id_101375654\/mailto:wahlausschuss@f95.de\" target=\"_blank\" rel=\"nofollow noopener\" class=\"transition-colors cursor-pointer no-underline md:hover:text-magenta md:focus:text-magenta border-b border-solid border-current text-salemsfur md:hover:border-magenta\" data-tracking=\"{&quot;action&quot;:&quot;click&quot;,&quot;category&quot;:&quot;intextLink&quot;,&quot;label&quot;:&quot;mailto:wahlausschuss@f95.de&quot;}\" data-sctrack=\"BodyAnchor\">wahlausschuss@f95.de<\/a> sowie <a href=\"https:\/\/duesseldorf.t-online.de\/region\/duesseldorf\/id_101375654\/mailto:mitglieder@f95.de\" class=\"transition-colors cursor-pointer no-underline md:hover:text-magenta md:focus:text-magenta border-b border-solid border-current text-salemsfur md:hover:border-magenta\" data-tracking=\"{&quot;action&quot;:&quot;click&quot;,&quot;category&quot;:&quot;intextLink&quot;,&quot;label&quot;:&quot;mailto:mitglieder@f95.de&quot;}\" data-sctrack=\"BodyAnchor\" rel=\"nofollow noopener\" target=\"_blank\">mitglieder@f95.de<\/a> geschickt werden. Nach Eingang der Bewerbungen f\u00fchrt der Wahlausschuss Gespr\u00e4che mit den Kandidatinnen und Kandidaten. Diese werden den Mitgliedern anschlie\u00dfend in einem Mitgliederforum sowie mit einem Steckbrief vorgestellt.<\/p>\n<p class=\"text-18 leading-17 user-text-lg:text-22 user-text-xl:text-24\">Die Einladung zur Versammlung und weitere Unterlagen erhalten die Mitglieder vier Wochen vorher per E-Mail oder im Mitgliederbereich &#8222;Block F95&#8220;.<\/p>\n<p>Stra\u00dfenbahn-Derby: MSV-Tickets in 90 Minuten ausverkauft<\/p>\n<p><a href=\"#focus-1\" class=\"transition-colors block text-current relative\" data-sctrack=\"FocusGalleryImage.Reference\"><img   loading=\"lazy\" src=\"https:\/\/www.europesays.com\/de\/wp-content\/uploads\/2026\/08\/duesseldorfer-fans-haben-vor-dem-spiel-pyro-gezuendet.jpg\" alt=\"VfL Bochum - Fortuna D\u00fcsseldorf\" title=\"VfL Bochum - Fortuna D\u00fcsseldorf\" width=\"2048\" height=\"1152\" class=\"h-full w-full max-w-full rounded-8\" decoding=\"async\"\/><img loading=\"lazy\" src=\"https:\/\/duesseldorf.t-online.de\/s\/paper\/_next\/static\/media\/zoom-in.f7dae02f.svg\" alt=\"Vergr\u00f6\u00dfern des Bildes\" title=\"Vergr\u00f6\u00dfern des Bildes\" class=\"block h-[calc(var(--height)_\/_16_*_1rem)] w-[calc(var(--width)_\/_16_*_1rem)] max-w-none absolute right-8 bottom-8 rounded-4 bg-snow p-8\" style=\"--width:32;--height:32\" decoding=\"async\"\/>D\u00fcsseldorfer Fans mit Pyrotechnik (Archivbild): Fortuna steht vor einem hei\u00dfen Derby-September. (Quelle: Christoph Reichwein\/dpa\/dpa-bilder)<\/a><\/p>\n<p class=\"text-18 leading-17 user-text-lg:text-22 user-text-xl:text-24\">Das erste Stra\u00dfenbahn-Derby zwischen Fortuna D\u00fcsseldorf und dem MSV Duisburg seit acht Jahren wirft bereits seine Schatten voraus \u2013 und das nicht nur sportlich. F\u00fcr die Partie am Samstag, 12. September, 14 Uhr, in der Merkur Spiel-Arena hat die Fortuna dem MSV ein deutlich vergr\u00f6\u00dfertes G\u00e4stekontingent von 7.941 Tickets zugestanden. Das regul\u00e4re G\u00e4stekontingent in D\u00fcsseldorf liegt sonst bei rund 5.200 Karten.<\/p>\n","protected":false},"excerpt":{"rendered":"Newsblog zu Fortuna D\u00fcsseldorf Erster Saisonsieg: Fortuna gelingt Befreiungsschlag gegen Stuttgart II Aktualisiert am 29.08.2026 &#8211; 07:28 UhrLesedauer:&hellip;\n","protected":false},"author":2,"featured_media":1268606,"comment_status":"","ping_status":"","sticky":false,"template":"","format":"standard","meta":{"footnotes":"","_share_on_mastodon":"0"},"categories":[136],"tags":[7974,146025,999,29,3405,261047,241424,3132,295,347,3727,30,76811,15352,3467,237391,36606,29381,3721,3129,1209,176,8108,298,265,3165],"class_list":["post-1268605","post","type-post","status-publish","format-standard","has-post-thumbnail","category-sport","tag-1-fc-kaiserslautern","tag-146025","tag-alemannia-aachen","tag-deutschland","tag-duesseldorf","tag-erik-wekesser","tag-felix-meiser","tag-fortuna-duesseldorf","tag-freiburg","tag-fussball","tag-fussballverein","tag-germany","tag-igor-matanovic","tag-kaiserslautern","tag-landeshauptstadt","tag-louis-lord","tag-merkur-spiel-arena","tag-mitgliederversammlung","tag-msv-duisburg","tag-newsblog","tag-nordrhein-westfalen","tag-nrw","tag-pyrotechnik","tag-sc-freiburg","tag-sport","tag-transfermarkt"],"share_on_mastodon":{"url":"https:\/\/pubeurope.com\/@de\/117181466075634393","error":""},"_links":{"self":[{"href":"https:\/\/www.europesays.com\/de\/wp-json\/wp\/v2\/posts\/1268605","targetHints":{"allow":["GET"]}}],"collection":[{"href":"https:\/\/www.europesays.com\/de\/wp-json\/wp\/v2\/posts"}],"about":[{"href":"https:\/\/www.europesays.com\/de\/wp-json\/wp\/v2\/types\/post"}],"author":[{"embeddable":true,"href":"https:\/\/www.europesays.com\/de\/wp-json\/wp\/v2\/users\/2"}],"replies":[{"embeddable":true,"href":"https:\/\/www.europesays.com\/de\/wp-json\/wp\/v2\/comments?post=1268605"}],"version-history":[{"count":0,"href":"https:\/\/www.europesays.com\/de\/wp-json\/wp\/v2\/posts\/1268605\/revisions"}],"wp:featuredmedia":[{"embeddable":true,"href":"https:\/\/www.europesays.com\/de\/wp-json\/wp\/v2\/media\/1268606"}],"wp:attachment":[{"href":"https:\/\/www.europesays.com\/de\/wp-json\/wp\/v2\/media?parent=1268605"}],"wp:term":[{"taxonomy":"category","embeddable":true,"href":"https:\/\/www.europesays.com\/de\/wp-json\/wp\/v2\/categories?post=1268605"},{"taxonomy":"post_tag","embeddable":true,"href":"https:\/\/www.europesays.com\/de\/wp-json\/wp\/v2\/tags?post=1268605"}],"curies":[{"name":"wp","href":"https:\/\/api.w.org\/{rel}","templated":true}]}}