{"id":1268609,"date":"2026-08-29T23:47:14","date_gmt":"2026-08-29T23:47:14","guid":{"rendered":"https:\/\/www.europesays.com\/de\/1268609\/"},"modified":"2026-08-29T23:47:14","modified_gmt":"2026-08-29T23:47:14","slug":"mac-mini-m6-apples-erster-2-nanometer-chip-ab-22-september","status":"publish","type":"post","link":"https:\/\/www.europesays.com\/de\/1268609\/","title":{"rendered":"Mac mini M6: Apples erster 2-Nanometer-Chip ab 22. September"},"content":{"rendered":"<p>Apple hat den aktualisierten Mac mini mit dem neuen M6-Chip vorgestellt. Es handelt sich um den ersten chip des Unternehmens, der im 2-Nanometer-Verfahren gefertigt wird. Vorbestellungen sind ab sofort m\u00f6glich, der Versand soll ab dem 22. September 2026 beginnen.<\/p>\n<p>Architektur mit drei Kerntypen<\/p>\n<p>Der M6 markiert laut Apple eine architektonische Neuerung: Erstmals kommt in einem Basis-M-Chip eine Pro-Level-CPU-Architektur mit drei unterschiedlichen Kerntypen zum Einsatz. Die 12-Core-CPU setzt sich aus zwei Super-Kernen, vier Performance-Kernen und sechs Effizienz-Kernen zusammen. Erg\u00e4nzt wird sie durch eine 12-Core-GPU sowie eine Dual-16-Core Neural Engine.<\/p>\n<p>Leistungssteigerungen im DetailLesen Sie auch:<a href=\"https:\/\/borncity.com\/news\/azure-waechst-um-43-prozent-microsoft-uebertrifft-erwartungen-deutlich\/\" class=\"bc-inline-link\" rel=\"nofollow noopener\" target=\"_blank\">Azure w\u00e4chst um 43 Prozent: Microsoft \u00fcbertrifft Erwartungen deutlich<\/a><\/p>\n<p>Nach Angaben aus dem Apple-Umfeld soll der M6 eine bis zu 40 Prozent schnellere Multithread-Leistung im Vergleich zum M4 bieten. Bei grafikintensiven Anwendungen wie Raytracing in Cyberpunk 2077 falle die GPU-Leistung doppelt so hoch aus wie beim Vorg\u00e4nger. Die Dual-16-Core Neural Engine erreiche demnach die doppelte Spitzenrechenleistung.<\/p>\n<p>Weitere Vergleichswerte zeichnen ein differenziertes Bild: Gegen\u00fcber dem M5 falle die Multithread-Leistung um den Faktor 1,2 h\u00f6her aus, gegen\u00fcber dem M1 um den Faktor 2,4. Bei KI-Anwendungen sei der M6 bis zu viermal schneller, bei Speicher und Grafik verdopple sich die Leistung.<\/p>\n<p>Besonders deutlich fallen die Unterschiede bei der Verarbeitung gro\u00dfer Sprachmodelle aus: In der Anwendung LM Studio soll der M6 bei der Prompt-Verarbeitung 13,5-mal schneller arbeiten als der M1 und 4,8-mal schneller als der M4.<\/p>\n<p>Die Speicherbandbreite des M6 variiert je nach Konfiguration: Bei 16 Gigabyte RAM liegt sie bei 153 Gigabyte pro Sekunde, bei 24 beziehungsweise 32 Gigabyte bei 170 Gigabyte pro Sekunde. Zum Vergleich: Der M5 Pro erreicht 307 Gigabyte pro Sekunde.<\/p>\n<p>Anzeige<\/p>\n<p>Wer das volle Potenzial seines neuen Apple-Rechners von Anfang an aussch\u00f6pfen m\u00f6chte, findet in diesem kostenlosen Starterpaket die wichtigsten Einstellungen f\u00fcr maximale Leistung. <strong><a href=\"https:\/\/www.info.computerwissen-online.com\/apple\/mac-starterpaket\/?af=KOOP_CW_AG_DNV_YES_APPLE-MAC-STARTERPAKET_X-AD1of2-EAID-1114336-CWBNC-BCPID_45975\" rel=\"noopener nofollow\" target=\"_blank\">Gratis-Ratgeber f\u00fcr den perfekten Mac-Einstieg sichern<\/a><\/strong><\/p>\n<p>Preise und Ausstattung<\/p>\n<p>Der neue Mac mini mit M6-Chip startet bei 899 US-Dollar f\u00fcr die 256-Gigabyte-Variante und 1.099 US-Dollar f\u00fcr die 512-Gigabyte-Version \u2013 damit liegt der Einstiegspreis rund 300 US-Dollar \u00fcber dem Preis, den Apple beim Launch des M4-Modells aufgerufen hatte. Die Variante mit M5-Pro-Chip startet bei 1.699 US-Dollar.<\/p>\n<p>Der Mac mini unterst\u00fctzt bis zu 32 Gigabyte RAM und bringt zeitgem\u00e4\u00dfe Konnektivit\u00e4t mit: Wi-Fi 7, Bluetooth 6, 2,5-Gigabit-Ethernet, Genlock sowie PCIe-Gen-6-SSDs. Zudem ist ein N1-Chip mit Thread-Unterst\u00fctzung verbaut. Ausgeliefert wird das Ger\u00e4t mit macOS 27 Golden Gate.<\/p>\n<p>Weitere Neuvorstellungen und Ausblick<\/p>\n<p>Parallel zum Mac mini pr\u00e4sentierte Apple auch den Mac Studio mit M5 Max ab 2.499 US-Dollar sowie mit M5 Ultra ab 5.499 US-Dollar \u2013 ebenfalls verf\u00fcgbar ab dem 22. September.<\/p>\n<p>Der M5 Ultra basiert auf einer Quad-Die-Architektur mit bis zu 36 CPU-Kernen, 80 GPU-Kernen, 512 Gigabyte Speicher und 1,2 Terabyte pro Sekunde Bandbreite; bei GPU-basierten KI-Berechnungen soll er die 4,5-fache Leistung des M3 Ultra erreichen.<\/p>\n<p>Anzeige<\/p>\n<p>Um die hohe Rechenleistung im Alltag effizient zu nutzen, helfen spezielle Kurzbefehle dabei, unn\u00f6tige Klickwege zu vermeiden. Dieser kostenlose Sonderreport zeigt Ihnen die 19 wichtigsten Tastenkombinationen f\u00fcr ein fl\u00fcssiges Arbeiten am Mac. <strong><a href=\"https:\/\/www.info.computerwissen-online.com\/mac-tastenkuerzel\/?af=KOOP_CW_AG_DNV_YES_MAC-TASTENKUERZEL_X-AD2of2-EAID-1114336-CWBNC-BCPID_45975\" rel=\"noopener nofollow\" target=\"_blank\">Kostenlosen Shortcut-Guide jetzt herunterladen<\/a><\/strong><\/p>\n<p>Der M6-Chip soll nach aktuellem Kenntnisstand k\u00fcnftig auch im 14-Zoll-MacBook Pro sowie im iMac erscheinen, dessen Vorstellung f\u00fcr Oktober 2026 erwartet wird. F\u00fcr das MacBook Air ist der Einsatz f\u00fcr Anfang 2027 vorgesehen, ebenso f\u00fcr iPad Pro und iPad Air. Varianten mit Pro- oder Max-Ausbaustufe sind f\u00fcr den M6 zun\u00e4chst nicht geplant \u2013 diese sollen erst mit der n\u00e4chsten Generation M7 folgen.<\/p>\n<p>Apple hatte M6 und M5 Ultra zun\u00e4chst vorgestellt, bevor das Unternehmen ein weiteres event f\u00fcr den 9. September ank\u00fcndigte, bei dem neue iPhones erwartet werden.<\/p>\n","protected":false},"excerpt":{"rendered":"Apple hat den aktualisierten Mac mini mit dem neuen M6-Chip vorgestellt. Es handelt sich um den ersten chip&hellip;\n","protected":false},"author":2,"featured_media":1268610,"comment_status":"","ping_status":"","sticky":false,"template":"","format":"standard","meta":{"footnotes":"","_share_on_mastodon":"0"},"categories":[135],"tags":[231,262013,29,30,167559,190,189,194,425,191,193,192],"class_list":["post-1268609","post","type-post","status-publish","format-standard","has-post-thumbnail","category-wissenschaft-technik","tag-apple","tag-chip-architektur","tag-deutschland","tag-germany","tag-produkteinfuehrung","tag-science","tag-science-technology","tag-technik","tag-technologie","tag-technology","tag-wissenschaft","tag-wissenschaft-technik"],"share_on_mastodon":{"url":"https:\/\/pubeurope.com\/@de\/117181470998590230","error":""},"_links":{"self":[{"href":"https:\/\/www.europesays.com\/de\/wp-json\/wp\/v2\/posts\/1268609","targetHints":{"allow":["GET"]}}],"collection":[{"href":"https:\/\/www.europesays.com\/de\/wp-json\/wp\/v2\/posts"}],"about":[{"href":"https:\/\/www.europesays.com\/de\/wp-json\/wp\/v2\/types\/post"}],"author":[{"embeddable":true,"href":"https:\/\/www.europesays.com\/de\/wp-json\/wp\/v2\/users\/2"}],"replies":[{"embeddable":true,"href":"https:\/\/www.europesays.com\/de\/wp-json\/wp\/v2\/comments?post=1268609"}],"version-history":[{"count":0,"href":"https:\/\/www.europesays.com\/de\/wp-json\/wp\/v2\/posts\/1268609\/revisions"}],"wp:featuredmedia":[{"embeddable":true,"href":"https:\/\/www.europesays.com\/de\/wp-json\/wp\/v2\/media\/1268610"}],"wp:attachment":[{"href":"https:\/\/www.europesays.com\/de\/wp-json\/wp\/v2\/media?parent=1268609"}],"wp:term":[{"taxonomy":"category","embeddable":true,"href":"https:\/\/www.europesays.com\/de\/wp-json\/wp\/v2\/categories?post=1268609"},{"taxonomy":"post_tag","embeddable":true,"href":"https:\/\/www.europesays.com\/de\/wp-json\/wp\/v2\/tags?post=1268609"}],"curies":[{"name":"wp","href":"https:\/\/api.w.org\/{rel}","templated":true}]}}