{"id":1268647,"date":"2026-08-30T00:15:29","date_gmt":"2026-08-30T00:15:29","guid":{"rendered":"https:\/\/www.europesays.com\/de\/1268647\/"},"modified":"2026-08-30T00:15:29","modified_gmt":"2026-08-30T00:15:29","slug":"wuelfrath-abfallberatung-ist-nicht-besetzt","status":"publish","type":"post","link":"https:\/\/www.europesays.com\/de\/1268647\/","title":{"rendered":"W\u00fclfrath: Abfallberatung ist nicht besetzt"},"content":{"rendered":"<p class=\"text_ohne_einzug richtext text-em-55 !leading-serif mx-6 desktop:mx-0\">  Wie die Stadt mitteilt, ist die Abfallberatung vom 31. August bis 11. September aus personellen Gr\u00fcnden nicht besetzt. Ab Montag, 14. September, ist die Abfallberatung wieder zu den regul\u00e4ren Sprechzeiten erreichbar. In dringenden F\u00e4llen kann man eine E-Mail an <a href=\"https:\/\/rp-online.de\/nrw\/staedte\/wuelfrath\/mailto:abfallberatung@stadt.wuelfrath.de\" rel=\"nofollow noopener\" target=\"_blank\">abfallberatung@stadt.wuelfrath.de<\/a> schreiben oder unter Telefon 02058 18244 eine Nachricht auf dem Anrufbeantworter hinterlassen. Beides werde in regelm\u00e4\u00dfigen Abst\u00e4nden gepr\u00fcft und nach Dringlichkeit priorisiert und abgearbeitet.<\/p>\n","protected":false},"excerpt":{"rendered":"Wie die Stadt mitteilt, ist die Abfallberatung vom 31. August bis 11. September aus personellen Gr\u00fcnden nicht besetzt.&hellip;\n","protected":false},"author":2,"featured_media":1268648,"comment_status":"","ping_status":"","sticky":false,"template":"","format":"standard","meta":{"footnotes":"","_share_on_mastodon":"0"},"categories":[1840],"tags":[166852,166853,17294,29251,56730,3364,29,30,1209,122379,27167,4418],"class_list":["post-1268647","post","type-post","status-publish","format-standard","has-post-thumbnail","category-wuppertal","tag-22abfallberatung","tag-3aabfallberatung","tag-40stadt","tag-abfallberatung","tag-besetzt","tag-de","tag-deutschland","tag-germany","tag-nordrhein-westfalen","tag-personellen","tag-wuelfrath","tag-wuppertal"],"share_on_mastodon":{"url":"https:\/\/pubeurope.com\/@de\/117181580990990079","error":""},"_links":{"self":[{"href":"https:\/\/www.europesays.com\/de\/wp-json\/wp\/v2\/posts\/1268647","targetHints":{"allow":["GET"]}}],"collection":[{"href":"https:\/\/www.europesays.com\/de\/wp-json\/wp\/v2\/posts"}],"about":[{"href":"https:\/\/www.europesays.com\/de\/wp-json\/wp\/v2\/types\/post"}],"author":[{"embeddable":true,"href":"https:\/\/www.europesays.com\/de\/wp-json\/wp\/v2\/users\/2"}],"replies":[{"embeddable":true,"href":"https:\/\/www.europesays.com\/de\/wp-json\/wp\/v2\/comments?post=1268647"}],"version-history":[{"count":0,"href":"https:\/\/www.europesays.com\/de\/wp-json\/wp\/v2\/posts\/1268647\/revisions"}],"wp:featuredmedia":[{"embeddable":true,"href":"https:\/\/www.europesays.com\/de\/wp-json\/wp\/v2\/media\/1268648"}],"wp:attachment":[{"href":"https:\/\/www.europesays.com\/de\/wp-json\/wp\/v2\/media?parent=1268647"}],"wp:term":[{"taxonomy":"category","embeddable":true,"href":"https:\/\/www.europesays.com\/de\/wp-json\/wp\/v2\/categories?post=1268647"},{"taxonomy":"post_tag","embeddable":true,"href":"https:\/\/www.europesays.com\/de\/wp-json\/wp\/v2\/tags?post=1268647"}],"curies":[{"name":"wp","href":"https:\/\/api.w.org\/{rel}","templated":true}]}}