{"id":1268658,"date":"2026-08-30T00:22:16","date_gmt":"2026-08-30T00:22:16","guid":{"rendered":"https:\/\/www.europesays.com\/de\/1268658\/"},"modified":"2026-08-30T00:22:16","modified_gmt":"2026-08-30T00:22:16","slug":"usa-tucker-carlson-will-trump-sofort-aus-dem-amt-entfernen-lassen","status":"publish","type":"post","link":"https:\/\/www.europesays.com\/de\/1268658\/","title":{"rendered":"USA: Tucker Carlson will Trump sofort aus dem Amt entfernen lassen"},"content":{"rendered":"<p class=\"text-18 leading-17 user-text-lg:text-22 user-text-xl:text-24\">Analysten zeigten sich jedoch skeptisch und forderten mehr Einzelheiten zur rechtlichen und finanziellen Struktur. Es sei unklar, ob eine kurzfristige Senkung der Benzinpreise zu erwarten sei, da der Aufbau der n\u00f6tigen Infrastruktur Jahre dauern k\u00f6nne. David Goldwyn, Pr\u00e4sident von Goldwyn Global Strategies, sagte, es sei fraglich, ob ein Pachtvertrag der US-Regierung nach venezolanischem Recht haltbar sei. Es gebe &#8222;keinen Pr\u00e4zedenzfall daf\u00fcr, dass die US-Regierung einen Pachtvertrag zum Betrieb von \u00d6lfeldern abschlie\u00dft&#8220;.<\/p>\n<p>US-Regierung will Teil des Yosemite-Parks verkaufen<\/p>\n<p class=\"text-18 leading-17 user-text-lg:text-22 user-text-xl:text-24\">Die Regierung von US-Pr\u00e4sident <a href=\"https:\/\/www.t-online.de\/themen\/donald-trump\/\" class=\"transition-colors cursor-pointer no-underline md:hover:text-magenta md:focus:text-magenta border-b border-solid border-current text-salemsfur md:hover:border-magenta\" data-tracking=\"{&quot;action&quot;:&quot;click&quot;,&quot;category&quot;:&quot;intextLink&quot;,&quot;label&quot;:&quot;\/themen\/donald-trump\/&quot;}\" data-sctrack=\"BodyAnchor\" rel=\"nofollow noopener\" target=\"_blank\">Donald Trump<\/a> pr\u00fcft einem Medienbericht zufolge bereits seit mehr als einem Jahr die M\u00f6glichkeit, ein kleines St\u00fcck Land des Yosemite-Nationalparks an ein privates Immobilienunternehmen zu verkaufen. Die Regierung habe mehrere Optionen gepr\u00fcft zur Ver\u00e4u\u00dferung eines etwa 400 Meter breiten Streifens des weltbekannten kalifornischen Nationalparks an den im benachbarten Bundesstaat Nevada ans\u00e4ssigen Immobilienentwickler Kingsbarn Realty Capital, berichtete die US-Nachrichtenwebsite &#8222;Notus&#8220; am Freitag.<\/p>\n<p>Briefwahl: Trump-Regierung legt Berufung gegen Gerichtsurteil ein<\/p>\n<p class=\"text-18 leading-17 user-text-lg:text-22 user-text-xl:text-24\">Im Rechtsstreit um ge\u00e4nderte Regeln f\u00fcr die Briefwahl in den USA zieht die Regierung von US-Pr\u00e4sident Donald Trump vor die n\u00e4chste Instanz. Wie erwartet ficht sie vor einem Berufungsgericht die einstweilige Verf\u00fcgung an, mit der eine Richterin weite Teile der Pl\u00e4ne auf Eis gelegt hatte. Das geht aus den Gerichtsunterlagen hervor.<\/p>\n<p class=\"text-18 leading-17 user-text-lg:text-22 user-text-xl:text-24\">Wenige Tage bevor in den ersten Bundesstaaten Wahlunterlagen versandt werden sollen, geht der Rechtsstreit damit in die n\u00e4chste Runde. Die neuen Regeln sehen im Kern vor, dass die US-Post USPS eine zentrale Rolle bei der Kontrolle der Briefwahl einnimmt. Bundesstaaten sollen der Post etwa das Design ihrer Umschl\u00e4ge f\u00fcr die Briefwahl zur Genehmigung vorlegen. Zudem soll die Post die Unterlagen nur an B\u00fcrger ausliefern, die in einem von den Bundesstaaten \u00fcbermittelten W\u00e4hlerverzeichnis gef\u00fchrt sind.<\/p>\n<p>ICE nimmt rechten Provokateur fest<\/p>\n<p class=\"text-18 leading-17 user-text-lg:text-22 user-text-xl:text-24\">Der rechtsextreme britische Provokateur Milo Yiannopoulos ist von der amerikanischen Einwanderungsbeh\u00f6rde ICE am <a href=\"https:\/\/www.t-online.de\/themen\/flughafen\/\" class=\"transition-colors cursor-pointer no-underline md:hover:text-magenta md:focus:text-magenta border-b border-solid border-current text-salemsfur md:hover:border-magenta\" data-tracking=\"{&quot;action&quot;:&quot;click&quot;,&quot;category&quot;:&quot;intextLink&quot;,&quot;label&quot;:&quot;\/themen\/flughafen\/&quot;}\" data-sctrack=\"BodyAnchor\" rel=\"nofollow noopener\" target=\"_blank\">Flughafen<\/a> von Louisiana festgenommen worden. Er sei 2019 in die USA gekommen, sei dann aber l\u00e4nger geblieben als sein Visum es erlaube. Er soll abgeschoben werden.<\/p>\n<p class=\"text-18 leading-17 user-text-lg:text-22 user-text-xl:text-24\">Yiannopoulos war lange als prominentes Gesicht amerikanischer Rechtsextremisten bekannt. Der offen schwul lebende Brite verbreitete Hetze gegen Frauen, Schwarze, Eliten und Liberale. Erst als 2017 ein Interview kursierte, in dem er Sex zwischen M\u00e4nnern und Jungen verteidigte, kehrte ihm die Szene gro\u00dfteils den R\u00fccken: Yiannopoulos verlor seinen Buchvertrag mit dem Verlag Simon &amp; Schuster, die Conservative Political Action Conference (CPAC-Konferenz) strich ihn von der Rednerliste.<\/p>\n","protected":false},"excerpt":{"rendered":"Analysten zeigten sich jedoch skeptisch und forderten mehr Einzelheiten zur rechtlichen und finanziellen Struktur. Es sei unklar, ob&hellip;\n","protected":false},"author":2,"featured_media":1268659,"comment_status":"","ping_status":"","sticky":false,"template":"","format":"standard","meta":{"footnotes":"","_share_on_mastodon":"0"},"categories":[3977],"tags":[1217,326,7797,331,332,41,499,262022,106,325,261753,13,2229,345,186871,262021,3641,17580,261754,14,944,15,3129,191276,12,18335,3111,76549,4017,4018,4016,14953,64,1700,4019,4020],"class_list":["post-1268658","post","type-post","status-publish","format-standard","has-post-thumbnail","category-usa","tag-1217","tag-326","tag-7797","tag-aktuelle-nachrichten","tag-aktuelle-news","tag-bedrohung","tag-benjamin-netanjahu","tag-david-goldwyn","tag-donald-trump","tag-geheimdienst","tag-ground-zero","tag-headlines","tag-ice","tag-iran","tag-iran-krieg","tag-jair-netanjahu","tag-kanye-west","tag-miami","tag-milo-yiannopoulo","tag-nachrichten","tag-new-york","tag-news","tag-newsblog","tag-schin-bet","tag-schlagzeilen","tag-spritpreis","tag-truth-social","tag-tucker-carlson","tag-united-states","tag-united-states-of-america","tag-us","tag-us-militaer","tag-usa","tag-venezuela","tag-vereinigte-staaten","tag-vereinigte-staaten-von-amerika"],"share_on_mastodon":{"url":"","error":"Validation failed: Text character limit of 500 exceeded"},"_links":{"self":[{"href":"https:\/\/www.europesays.com\/de\/wp-json\/wp\/v2\/posts\/1268658","targetHints":{"allow":["GET"]}}],"collection":[{"href":"https:\/\/www.europesays.com\/de\/wp-json\/wp\/v2\/posts"}],"about":[{"href":"https:\/\/www.europesays.com\/de\/wp-json\/wp\/v2\/types\/post"}],"author":[{"embeddable":true,"href":"https:\/\/www.europesays.com\/de\/wp-json\/wp\/v2\/users\/2"}],"replies":[{"embeddable":true,"href":"https:\/\/www.europesays.com\/de\/wp-json\/wp\/v2\/comments?post=1268658"}],"version-history":[{"count":0,"href":"https:\/\/www.europesays.com\/de\/wp-json\/wp\/v2\/posts\/1268658\/revisions"}],"wp:featuredmedia":[{"embeddable":true,"href":"https:\/\/www.europesays.com\/de\/wp-json\/wp\/v2\/media\/1268659"}],"wp:attachment":[{"href":"https:\/\/www.europesays.com\/de\/wp-json\/wp\/v2\/media?parent=1268658"}],"wp:term":[{"taxonomy":"category","embeddable":true,"href":"https:\/\/www.europesays.com\/de\/wp-json\/wp\/v2\/categories?post=1268658"},{"taxonomy":"post_tag","embeddable":true,"href":"https:\/\/www.europesays.com\/de\/wp-json\/wp\/v2\/tags?post=1268658"}],"curies":[{"name":"wp","href":"https:\/\/api.w.org\/{rel}","templated":true}]}}