{"id":1268685,"date":"2026-08-30T00:39:07","date_gmt":"2026-08-30T00:39:07","guid":{"rendered":"https:\/\/www.europesays.com\/de\/1268685\/"},"modified":"2026-08-30T00:39:07","modified_gmt":"2026-08-30T00:39:07","slug":"entdeckertag-am-6-september-13-ziele-im-nordosten-der-region","status":"publish","type":"post","link":"https:\/\/www.europesays.com\/de\/1268685\/","title":{"rendered":"Entdeckertag am 6. September: 13 Ziele im Nordosten der Region"},"content":{"rendered":"<p>\t\t\t\t\t<img width=\"800\" height=\"488\" src=\"https:\/\/www.europesays.com\/de\/wp-content\/uploads\/2026\/08\/Logo-39-Entdeckertag-26-1.jpg\" class=\"attachment-full size-full wp-post-image\" alt=\"Entdeckertag am 6. September: 13 Ziele im Nordosten der Region\" decoding=\"async\" fetchpriority=\"high\"  \/><\/p>\n<p>Nicht nur etwas entdecken, sondern dabei auch noch tolle Preise gewinnen &#8211; Foto: Region Hannover<\/p>\n<p>\t\t\tAnzeige<br \/><a href=\"https:\/\/www.daniela-busche.de\" target=\"_blank\" rel=\"nofollow noopener\"><img decoding=\"async\" src=\"https:\/\/www.europesays.com\/de\/wp-content\/uploads\/2025\/07\/DB_SehndeNews_Anzeige_022.gif\" alt=\"Werben Sie bei Sehnde-News\"\/><\/a><\/p>\n<p class=\"wp-block-paragraph\">Die Region Hannover l\u00e4dt ein zum 39. Entdeckertag \u2013 feiert damit zugleich ihr 25-j\u00e4hriges Bestehen: Am Sonntag, 6. September, k\u00f6nnen gro\u00dfe und kleine Entdecker \u00fcber 30 Tourenziele erkunden. Hannovers Innenstadt wird dabei zur Erlebnismeile: Zwischen Kr\u00f6pcke und Aegi erwartet die Besucher ein buntes Fest mit \u00fcber 150 St\u00e4nden, drei B\u00fchnen mit regionalen K\u00fcnstlern, Sportlern und vielen Mitmachaktionen f\u00fcr Kinder und Erwachsene.<\/p>\n<p class=\"wp-block-paragraph\">\u201eAus 21 St\u00e4dten und Gemeinden ist in den letzten 25 Jahren eine starke Gemeinschaft entstanden. Sie lebt von Menschen, die sich engagieren, Ideen einbringen und Verantwortung \u00fcbernehmen \u2013 in Vereinen, Unternehmen, Kultur, Wissenschaft, Politik und Verwaltung\u201c, so Jens Palandt, Erster Regionsrat.<\/p>\n<p>\u00d6PNV nutzen<\/p>\n<p><a href=\"https:\/\/www.europesays.com\/de\/wp-content\/uploads\/2026\/08\/Entdeckertag-39-26-2.jpg\"><img loading=\"lazy\" decoding=\"async\" width=\"800\" height=\"487\" src=\"https:\/\/www.europesays.com\/de\/wp-content\/uploads\/2026\/08\/Entdeckertag-39-26-2.jpg\" alt=\"\" class=\"wp-image-249495\" style=\"width:490px;height:auto\"  \/><\/a>Mit der gro\u00dfen Tramparade begeistert das Hannoversche  Stra\u00dfenbahnmuseum seine Besucher \u2013 Foto: Joachim Patzke<\/p>\n<p class=\"wp-block-paragraph\">Das gro\u00dfe Plus: Alle Fahrten mit Bussen, Stadtbahnen und Nahverkehrsz\u00fcgen im gesamten GVH-Gebiet (Tarifzonen A\/B\/C) kosten an diesem Tag nur 7,40 Euro (Tageskarte) oder 3,70 Euro (Tageskarte S des Sozialtarifs) und mit der Gruppen-Tageskarte 13,60 Euro \u2013 ganz egal, wie viele Zonen durchquert werden. In den Z\u00fcgen des Nahverkehrs geht es damit auch zu den Tourenziel-Bahnh\u00f6fen in den Zonen D, E und F. Ein Vorteil, den an anderen Tagen nur das Deutschlandticket bietet.<\/p>\n<p class=\"wp-block-paragraph\">Wer die Region am Entdeckertag lieber mit dem Fahrrad erkunden m\u00f6chte: Die Tourenziele sind in der kostenfreien Bike Citizen App als \u201ePoints of Interest\u201c zu finden \u2013 ideal f\u00fcr individuelle Radtouren durch Stadt und Land.<\/p>\n<p class=\"wp-block-paragraph\">Alle Infos zum Regionsentdeckertag gibt es auf <a href=\"http:\/\/www.entdeckertag.de\" rel=\"nofollow noopener\" target=\"_blank\">entdeckertag.de<\/a> oder im Programmheft, das an zahlreichen Orten in den St\u00e4dten und Gemeinden ausliegt.<\/p>\n<p>13 Ausflugsziele im Nordosten der Region<\/p>\n<p class=\"wp-block-paragraph\">Im Stadtmuseum in <strong>Burgdorf<\/strong> l\u00e4uft die Ausstellung \u201eEin Jahrzehnt im Umbruch \u2013 die 70er Jahre\u201c, beim Kunstmarkt auf dem Spittaplatz pr\u00e4sentieren K\u00fcnstler und Kunsthandwerker ihre Arbeiten und von 13 bis 18 Uhr laden die Gesch\u00e4fte zu einem entspannten Bummel durch die Innenstadt ein. Au\u00dferdem zeigt die Cartoonausstellung in der KulturWerkStadt eine Auswahl der bekanntesten und pointiertesten Cartoons von Til Mette, der 30 Jahre f\u00fcr das Stern-Magazin zeichnete.<\/p>\n<p class=\"wp-block-paragraph\">In <strong>Burgwedel<\/strong> beginnt der Entdeckertag um 10 Uhr mit einem Open-Air-Gottesdienst auf dem Domfrontplatz. Um 11 Uhr begr\u00fc\u00dft Burgwedels B\u00fcrgermeisterin Ortrud Wendt die Besucher. Anschlie\u00dfend sorgen zahlreiche Aktionen und Veranstaltungen bis 17 Uhr f\u00fcr Unterhaltung und Erlebnisse \u2013 darunter eine Zaubershow, Konzerte, Besichtigungen und die \u201eGenussmeile\u201c.<\/p>\n<p class=\"wp-block-paragraph\">In Isernhagen zeigt der W\u00f6hler-Dusche-Hof, wie Natur und Leben vor 100 Jahren aussahen \u2013 mit alten Techniken aus Handarbeit, Handwerk und Landwirtschaft. Die Imkerei gibt Einblick in das Bienenleben und ein Drohnenpilot demonstriert, wie Rehkitze vor dem M\u00e4hen gerettet werden.<\/p>\n<p class=\"wp-block-paragraph\"><strong>Langenhagen<\/strong> bietet einen Einblick hinter die Kulissen des Flughafens \u2013 mit zwei Touren, die die Teilnehmer auch abseits der Passagierwege f\u00fchren. Die Pl\u00e4tze sind begrenzt, Interessierte k\u00f6nnen sich bis zum 25.08.2026 <a href=\"https:\/\/www.hannover-airport.de\/entdeckertag\" rel=\"nofollow noopener\" target=\"_blank\">\u00fcbers Internet anmelden<\/a>. Noch einen Einblick hinter die Kulissen gibt die Wasserwelt: In st\u00fcndlichen F\u00fchrungen von 11 bis 16 Uhr kommt all das zum Vorschein, was im Schwimmbad sonst verborgen bleibt. Ein Ballonk\u00fcnstler, Kinderschminken und eine H\u00fcpfburg runden das Angebot ab.<\/p>\n<p class=\"wp-block-paragraph\">In <strong>Sehnde<\/strong> erm\u00f6glicht die Firma Holcim eine Fossiliensuche im Mergelbruch, das Stra\u00dfenbahn-Museum pr\u00e4sentiert seine \u00d6PNV-Oldtimer-Sammlung. Historische Fahrzeuge zeugen von der Vergangenheit des Stra\u00dfenbahnverkehrs und sind auf dem Rundkurs in Aktion zu sehen. F\u00fcr Kinder dreht die Kleinbahn ihre Runden.<\/p>\n<p class=\"wp-block-paragraph\">In <strong>Uetze<\/strong> kann man mit der Kalibahn fahren und das Teerkuhlen-Museum besuchen.<br \/>\u00dcbersicht und Details zu allen Tourenzielen <a href=\"https:\/\/www.entdeckertag.de\/tourenziele\" target=\"_blank\" rel=\"noreferrer noopener nofollow\">gibt es im Internet<\/a>.<\/p>\n<p>Jubil\u00e4ums-Roadshow \u2013 Letzter Halt in Hannover<\/p>\n<p><a href=\"https:\/\/www.europesays.com\/de\/wp-content\/uploads\/2026\/08\/Entdeckertag-2024-3.jpg\"><img loading=\"lazy\" decoding=\"async\" width=\"680\" height=\"480\" src=\"https:\/\/www.europesays.com\/de\/wp-content\/uploads\/2026\/08\/Entdeckertag-2024-3.jpg\" alt=\"\" class=\"wp-image-229741\" style=\"aspect-ratio:1.4166395040132234;width:503px;height:auto\"  \/><\/a>Bei der Tour nach Uetze sieht man auch das Gro\u00dfmodell der renovierten Teerkuhle \u2013 Foto: Region Hannover\/ <\/p>\n<p class=\"wp-block-paragraph\">Der Entdeckertag bildet zugleich den Abschluss einer Reise: Anl\u00e4sslich ihres 25-j\u00e4hrigen Bestehens war die Region Hannover in den vergangenen Monaten mit ihrer Jubil\u00e4ums-Roadshow in den St\u00e4dten und Gemeinden unterwegs. Vor Ort informierten Mitarbeitende \u00fcber die Arbeit der Region, beantworteten Fragen und kamen mit vielen Menschen ins Gespr\u00e4ch. Das Herz der Roadshow sind sieben Spiele-Stationen, die die Aufgaben der Region Hannover spielerisch erlebbar machen: Mobilit\u00e4t, Umwelt, Gesundheit, Sicherheit, Wirtschaft, Soziales und Bildung. Wer die Roadshow bislang verpasst hat, bekommt nun beim Entdeckertag eine letzte Gelegenheit, die Spiele auf dem Fest in Hannovers Innenstadt auszuprobieren.<\/p>\n<p class=\"wp-block-paragraph\">Mehr zum Entdeckerfest und dem B\u00fchnenprogramm <a href=\"https:\/\/www.entdeckertag.de\/buehnen\" target=\"_blank\" rel=\"noreferrer noopener nofollow\">steht im Internet<\/a>.<\/p>\n<p>Entdeckertags-Gewinnspiel<\/p>\n<p class=\"wp-block-paragraph\">Beim Entdeckertag lohnt sich genaues Hinsehen \u2013 denn es gibt etwas zu gewinnen! Wer teilnimmt, kann sich mit etwas Gl\u00fcck \u00fcber Eintrittskarten f\u00fcr den Zoo Hannover, das GOP Variet\u00e9-Theater, ein Heimspiel von Hannover 96 und vielem mehr freuen. Einfach an den Tourenzielen und beim Fest in der Innenstadt die Augen offenhalten: Dort h\u00e4ngt eine Gewinnspielfrage aus. Die Teilnahme-Coupons gibt\u2019s direkt vor Ort \u2013 ausf\u00fcllen, abgeben und Daumen dr\u00fccken! Die Gewinner werden wenige Tage nach dem Entdeckertag benachrichtigt.<\/p>\n<p>Anzeige<br \/><a href=\"https:\/\/www.schinze-gerber.de\/\" target=\"_blank\" rel=\"nofollow noopener\"><img decoding=\"async\" src=\"https:\/\/www.europesays.com\/de\/wp-content\/uploads\/2025\/11\/Sehnde-News-768x200px.gif\" alt=\"Werben Sie bei Sehnde-News\"\/><\/a><\/p>\n<p>Anzeige<br \/><a href=\"https:\/\/f\u00f6rderverein-ffsehnde.de\/mitglied-werden.html\" target=\"_blank\" rel=\"nofollow noopener\"><img decoding=\"async\" src=\"https:\/\/www.europesays.com\/de\/wp-content\/uploads\/2025\/11\/WerbungFV-V03.gif\" alt=\"F\u00f6rderverein\"\/><\/a><\/p>\n","protected":false},"excerpt":{"rendered":"Nicht nur etwas entdecken, sondern dabei auch noch tolle Preise gewinnen &#8211; Foto: Region Hannover Anzeige Die Region&hellip;\n","protected":false},"author":2,"featured_media":1268686,"comment_status":"","ping_status":"","sticky":false,"template":"","format":"standard","meta":{"footnotes":"","_share_on_mastodon":"0"},"categories":[1836],"tags":[3364,29,30,46,3794,1411,7305,18055,3866],"class_list":["post-1268685","post","type-post","status-publish","format-standard","has-post-thumbnail","category-hannover","tag-de","tag-deutschland","tag-germany","tag-hannover","tag-lehrte","tag-niedersachsen","tag-region-hannover","tag-sehnde","tag-veranstaltungen"],"share_on_mastodon":{"url":"https:\/\/pubeurope.com\/@de\/117181677402283004","error":""},"_links":{"self":[{"href":"https:\/\/www.europesays.com\/de\/wp-json\/wp\/v2\/posts\/1268685","targetHints":{"allow":["GET"]}}],"collection":[{"href":"https:\/\/www.europesays.com\/de\/wp-json\/wp\/v2\/posts"}],"about":[{"href":"https:\/\/www.europesays.com\/de\/wp-json\/wp\/v2\/types\/post"}],"author":[{"embeddable":true,"href":"https:\/\/www.europesays.com\/de\/wp-json\/wp\/v2\/users\/2"}],"replies":[{"embeddable":true,"href":"https:\/\/www.europesays.com\/de\/wp-json\/wp\/v2\/comments?post=1268685"}],"version-history":[{"count":0,"href":"https:\/\/www.europesays.com\/de\/wp-json\/wp\/v2\/posts\/1268685\/revisions"}],"wp:featuredmedia":[{"embeddable":true,"href":"https:\/\/www.europesays.com\/de\/wp-json\/wp\/v2\/media\/1268686"}],"wp:attachment":[{"href":"https:\/\/www.europesays.com\/de\/wp-json\/wp\/v2\/media?parent=1268685"}],"wp:term":[{"taxonomy":"category","embeddable":true,"href":"https:\/\/www.europesays.com\/de\/wp-json\/wp\/v2\/categories?post=1268685"},{"taxonomy":"post_tag","embeddable":true,"href":"https:\/\/www.europesays.com\/de\/wp-json\/wp\/v2\/tags?post=1268685"}],"curies":[{"name":"wp","href":"https:\/\/api.w.org\/{rel}","templated":true}]}}