{"id":1268728,"date":"2026-08-30T01:08:13","date_gmt":"2026-08-30T01:08:13","guid":{"rendered":"https:\/\/www.europesays.com\/de\/1268728\/"},"modified":"2026-08-30T01:08:13","modified_gmt":"2026-08-30T01:08:13","slug":"strassenverkehr-auch-die-b1-richtung-brandenburg-betroffen-spee-cup-sorgt-fuer-sperrungen-und-umleitungen","status":"publish","type":"post","link":"https:\/\/www.europesays.com\/de\/1268728\/","title":{"rendered":"Stra\u00dfenverkehr: Auch die B1 Richtung Brandenburg betroffen: Spee-Cup sorgt f\u00fcr Sperrungen und Umleitungen"},"content":{"rendered":"<p class=\"fp-paragraph\"><strong>Genthin<\/strong> &#8211; Genthin steht am Sonntag, 30. August ganz im Zeichen des Radsports: Der\u201eSpee Cup\u201c sowie die Deutschen Meisterschaften im Einzel- und Mannschaftszeitfahren finden im Stadtgebiet und auf der<a href=\"https:\/\/www.volksstimme.de\/lokal\/genthin\/radrennbahn-aus-ddr-zeit-genthiner-radsport-nachwuchs-trainiert-wieder-in-altenplathow-4308658\" rel=\"nofollow noopener\" target=\"_blank\"> B1 in Richtung Brandenburg statt. <\/a>Ab 8 Uhr kommt es deshalb im Innenstadtbereich zu umfassenden Sperrungen und ge\u00e4nderten Linienf\u00fchrungen im Busverkehr.<\/p>\n<p class=\"fp-paragraph\">Ab dem Morgen bis zum sp\u00e4ten Nachmittag sind folgende Stra\u00dfen, laut Pressemitteilung der Stadt, komplett gesperrt: Brandenburger Stra\u00dfe (ab Einm\u00fcndung Bahnhofstra\u00dfe bis Berliner Chaussee), Berliner Chaussee, Kleine Schulstra\u00dfe und Gro\u00dfe Schulstra\u00dfe. Innerhalb dieses Bereichs gilt ein absolutes Haltverbot. Die Seitenstra\u00dfen Pfarrer-Schneider-Stra\u00dfe, Querstra\u00dfe und Kurze Stra\u00dfe sind w\u00e4hrend der Veranstaltung nicht mit dem Fahrzeug zu erreichen.<\/p>\n<p>Umleitung \u00fcber die Kreuzung Gr\u00f6blerstra\u00dfe in Genthin<\/p>\n<p class=\"fp-paragraph\">Umleitung und Parkhinweise: Die weitr\u00e4umige Umleitung verl\u00e4uft in beiden Richtungen \u00fcber die Kreuzung B1\/B107 (Gr\u00f6blerstra\u00dfe) \u2013 Magdeburger Stra\u00dfe \u2013 Steinstra\u00dfe \u2013 Bebelstra\u00dfe \u2013 Karower Stra\u00dfe \u2013 Karow \u2013 Rog\u00e4sen \u2013 L96 bis Bensdorf. Anwohner der betroffenen Stra\u00dfen werden gebeten, private Fahrzeuge bei <a href=\"https:\/\/www.volksstimme.de\/lokal\/genthin\/ausrichter-des-spee-cup-neue-rennrader-fur-den-genthiner-radsportclub-4143826\" rel=\"nofollow noopener\" target=\"_blank\">Bedarf rechtzeitig auf \u00f6ffentliche Parkfl\u00e4chen au\u00dferhalb des Sperrbereichs<\/a> (z. B. Bahnhofstra\u00dfe oder Marktplatz) umzuparken.<\/p>\n<p class=\"fp-paragraph\">\u00c4nderungen gibt es auch im Busverkehr Die Bushaltestellen Brandenburger Stra\u00dfe 100 sowie Marktplatz k\u00f6nnen am Veranstaltungstag nicht bedient werden. Ausweichhaltestellen sind Genthin Bahnhof und Geschwister-Scholl-Stra\u00dfe.<\/p>\n<p>Sportliche Highlights und Programm am Kreishaus Genthin<\/p>\n<p class=\"fp-paragraph\">Ab 8:30 Uhr startet das Nachwuchsrennen: Die Wettbewerbe der Klassen U11 und U13 (Gro\u00dfer Preis der Sparkasse Magdeburg) er\u00f6ffnen den Renntag. Erstmals gehen dank intensivierter Nachwuchsarbeit wieder lokale Talente des Genthiner Radsportclubs an den Start.<\/p>\n<p class=\"fp-paragraph\">Deutsche Meisterschaften: <a href=\"https:\/\/www.volksstimme.de\/lokal\/genthin\/spee-fuchse-und-glucksrad-fur-den-guten-zweck-4113684\" rel=\"nofollow noopener\" target=\"_blank\">Die besten Nachwuchstalente Deutschlands k\u00e4mpfen in sechs Wettbewerben <\/a>(U15, U17 und U19) um die nationalen Titel im Paar-, Mannschafts- und Einzelzeitfahren. Insgesamt werden bis zu 400 Sportlerinnen und Sportler erwartet.<\/p>\n<p>Genthiner Radsportclub sorgt f\u00fcr Verpflegung <\/p>\n<p class=\"fp-paragraph\">Zuschauer &amp; Verpflegung:  Der Start- und Zielbereich am Kreishaus bietet beste Sicht auf die Rennen. Der Genthiner Radsportclub 66 sorgt vor Ort mit einem eigenen Stand f\u00fcr die Versorgung der Besucher (von Bratwurst bis Eis). Au\u00dferdem gibt es kleine Aktionen. <\/p>\n<p class=\"fp-paragraph\">B\u00fcrgermeisterin Dagmar Turian sieht den Spee-Cup in einer Pressemitteilung, als weit mehr als einen sportlicher Wettkampf. \u201eEr ist zu einer festen Tradition unserer Stadt geworden und tr\u00e4gt den Namen Genthins weit \u00fcber unsere Stadtgrenzen hinaus.\u201c 35 Jahre Spee Cup seien zugleich 35 Jahre Leidenschaft, Ausdauer, Teamgeist und ehrenamtliches Engagement.<\/p>\n","protected":false},"excerpt":{"rendered":"Genthin &#8211; Genthin steht am Sonntag, 30. August ganz im Zeichen des Radsports: Der\u201eSpee Cup\u201c sowie die Deutschen&hellip;\n","protected":false},"author":2,"featured_media":1268729,"comment_status":"","ping_status":"","sticky":false,"template":"","format":"standard","meta":{"footnotes":"","_share_on_mastodon":"0"},"categories":[1816],"tags":[262038,1960,1958,1959,1957,262051,13299,134379,262039,1956,155623,1890,262040,262047,35207,26996,262046,29,262045,262055,262042,262041,30,49619,262050,262044,262054,107509,262049,262053,262052,262048,262043,97254],"class_list":["post-1268728","post","type-post","status-publish","format-standard","has-post-thumbnail","category-brandenburg","tag-35-spee-cup","tag-aktuelle-nachrichten-aus-berlin-und-brandenburg","tag-aktuelle-nachrichten-aus-brandenburg","tag-aktuelle-news-aus-berlin-und-brandenburg","tag-aktuelle-news-aus-brandenburg","tag-b1-b107","tag-bahnhofstrasse","tag-bebelstrasse","tag-bensdorf","tag-berlin-und-brandenburg","tag-berliner-chaussee","tag-brandenburg","tag-brandenburger-strasse","tag-brandenburger-strasse-100","tag-buergermeisterin","tag-deutsche-meisterschaften","tag-deutschen-meisterschaften","tag-deutschland","tag-genthin-bahnhof","tag-genthiner-innenstadt","tag-genthiner-radsportclub-66","tag-genthiner-radsportvereins","tag-germany","tag-geschwister-scholl-strasse","tag-groeblerstrasse","tag-karow","tag-karower-strasse","tag-kreishaus","tag-kreishaus-genthin","tag-kurze-strasse","tag-pfarrer-schneider-strasse","tag-querstrasse","tag-spee-cup","tag-steinstrasse"],"share_on_mastodon":{"url":"","error":"Validation failed: Text character limit of 500 exceeded"},"_links":{"self":[{"href":"https:\/\/www.europesays.com\/de\/wp-json\/wp\/v2\/posts\/1268728","targetHints":{"allow":["GET"]}}],"collection":[{"href":"https:\/\/www.europesays.com\/de\/wp-json\/wp\/v2\/posts"}],"about":[{"href":"https:\/\/www.europesays.com\/de\/wp-json\/wp\/v2\/types\/post"}],"author":[{"embeddable":true,"href":"https:\/\/www.europesays.com\/de\/wp-json\/wp\/v2\/users\/2"}],"replies":[{"embeddable":true,"href":"https:\/\/www.europesays.com\/de\/wp-json\/wp\/v2\/comments?post=1268728"}],"version-history":[{"count":0,"href":"https:\/\/www.europesays.com\/de\/wp-json\/wp\/v2\/posts\/1268728\/revisions"}],"wp:featuredmedia":[{"embeddable":true,"href":"https:\/\/www.europesays.com\/de\/wp-json\/wp\/v2\/media\/1268729"}],"wp:attachment":[{"href":"https:\/\/www.europesays.com\/de\/wp-json\/wp\/v2\/media?parent=1268728"}],"wp:term":[{"taxonomy":"category","embeddable":true,"href":"https:\/\/www.europesays.com\/de\/wp-json\/wp\/v2\/categories?post=1268728"},{"taxonomy":"post_tag","embeddable":true,"href":"https:\/\/www.europesays.com\/de\/wp-json\/wp\/v2\/tags?post=1268728"}],"curies":[{"name":"wp","href":"https:\/\/api.w.org\/{rel}","templated":true}]}}