{"id":1268756,"date":"2026-08-30T01:29:16","date_gmt":"2026-08-30T01:29:16","guid":{"rendered":"https:\/\/www.europesays.com\/de\/1268756\/"},"modified":"2026-08-30T01:29:16","modified_gmt":"2026-08-30T01:29:16","slug":"cortisol-gesicht-experte-erklaert-den-hype-um-aufgedunsene-wangen-leben-wissen","status":"publish","type":"post","link":"https:\/\/www.europesays.com\/de\/1268756\/","title":{"rendered":"Cortisol-Gesicht: Experte erkl\u00e4rt den Hype um aufgedunsene Wangen | Leben &#038; Wissen"},"content":{"rendered":"<p><b>Geschwollenes Gesicht am Morgen, weichere Konturen, runde Wangen: In sozialen Netzwerken hei\u00dft es, das sei ein typisches \u201eCortisol-Gesicht\u201c \u2013 und teure Supplements sollen das angeblich beheben. Doch was ist wirklich dran an der Theorie, dass Stress unser Gesicht sichtbar formt? Ein Hormonexperte r\u00e4umt mit Mythen auf, erkl\u00e4rt den Unterschied zwischen harmlosen Schwankungen und krankhaft erh\u00f6htem Cortisol und sagt, wann ein rundes Gesicht ein Warnsignal sein kann. Au\u00dferdem: Welche Rolle die Wechseljahre spielen und was teure Mittel tats\u00e4chlich bringen.<\/b><\/p>\n<p>Lesen Sie alle Fakten und Einsch\u00e4tzungen mit BILDplus und sichern Sie sich jetzt Ihr Abo.<\/p>\n","protected":false},"excerpt":{"rendered":"Geschwollenes Gesicht am Morgen, weichere Konturen, runde Wangen: In sozialen Netzwerken hei\u00dft es, das sei ein typisches \u201eCortisol-Gesicht\u201c&hellip;\n","protected":false},"author":2,"featured_media":1268757,"comment_status":"","ping_status":"","sticky":false,"template":"","format":"standard","meta":{"footnotes":"","_share_on_mastodon":"0"},"categories":[134],"tags":[175,170,169,29,30,141,261845,227242,1461,638,228823,171,174,35852,173,172],"class_list":["post-1268756","post","type-post","status-publish","format-standard","has-post-thumbnail","category-unternehmen-maerkte","tag-business","tag-companies","tag-companies-markets","tag-deutschland","tag-germany","tag-gesundheit","tag-hormone-und-botenstoffe","tag-kc-leben","tag-koerper","tag-krankheiten","tag-leben-gesundheit","tag-markets","tag-maerkte","tag-muede","tag-unternehmen","tag-unternehmen-maerkte"],"share_on_mastodon":{"url":"https:\/\/pubeurope.com\/@de\/117181871767045056","error":""},"_links":{"self":[{"href":"https:\/\/www.europesays.com\/de\/wp-json\/wp\/v2\/posts\/1268756","targetHints":{"allow":["GET"]}}],"collection":[{"href":"https:\/\/www.europesays.com\/de\/wp-json\/wp\/v2\/posts"}],"about":[{"href":"https:\/\/www.europesays.com\/de\/wp-json\/wp\/v2\/types\/post"}],"author":[{"embeddable":true,"href":"https:\/\/www.europesays.com\/de\/wp-json\/wp\/v2\/users\/2"}],"replies":[{"embeddable":true,"href":"https:\/\/www.europesays.com\/de\/wp-json\/wp\/v2\/comments?post=1268756"}],"version-history":[{"count":0,"href":"https:\/\/www.europesays.com\/de\/wp-json\/wp\/v2\/posts\/1268756\/revisions"}],"wp:featuredmedia":[{"embeddable":true,"href":"https:\/\/www.europesays.com\/de\/wp-json\/wp\/v2\/media\/1268757"}],"wp:attachment":[{"href":"https:\/\/www.europesays.com\/de\/wp-json\/wp\/v2\/media?parent=1268756"}],"wp:term":[{"taxonomy":"category","embeddable":true,"href":"https:\/\/www.europesays.com\/de\/wp-json\/wp\/v2\/categories?post=1268756"},{"taxonomy":"post_tag","embeddable":true,"href":"https:\/\/www.europesays.com\/de\/wp-json\/wp\/v2\/tags?post=1268756"}],"curies":[{"name":"wp","href":"https:\/\/api.w.org\/{rel}","templated":true}]}}