{"id":1268758,"date":"2026-08-30T01:30:16","date_gmt":"2026-08-30T01:30:16","guid":{"rendered":"https:\/\/www.europesays.com\/de\/1268758\/"},"modified":"2026-08-30T01:30:16","modified_gmt":"2026-08-30T01:30:16","slug":"ukraine-krieg-akw-saporischschja-offenbar-seit-einer-woche-ohne-externe-stromversorgung","status":"publish","type":"post","link":"https:\/\/www.europesays.com\/de\/1268758\/","title":{"rendered":"Ukraine-Krieg: AKW Saporischschja offenbar seit einer Woche ohne externe Stromversorgung"},"content":{"rendered":"<p>Das Atomkraftwerk Saporischschja ist offenbar seit mehr als einer Woche von der externen Stromversorgung abgeschnitten. Die Internationale Atomenergiebeh\u00f6rde warnt vor Risiken f\u00fcr die nukleare Sicherheit \u2013 die Dieselreserven reichten nur noch f\u00fcr rund zehn Tage.<\/p>\n<p class=\"c-inline-alert__description\">Klicken Sie hier, um sich Artikel von WELT in der Google-Suche bevorzugt anzeigen zu lassen.<\/p>\n<p class=\"is-first-paragraph\" data-external=\"Article.FirstParagraph\">Das russisch besetzte ukrainische Atomkraftwerk Saporischschja ist nach Angaben der Internationalen Atomenergiebeh\u00f6rde (IAEA) seit mehr als einer Woche von der externen Stromversorgung abgeschnitten. Die Anlage werde derzeit mit Notstrom-Dieselgeneratoren versorgt, erkl\u00e4rte die Organisation am Samstag. Der vorhandene Dieselvorrat reiche f\u00fcr etwa zehn Tage.<\/p>\n<p>Die externe Stromversorgung sei infolge milit\u00e4rischer Aktivit\u00e4ten auf der Nordseite des Flusses Dnipro ausgefallen, erkl\u00e4rte die IAEA. Die Beh\u00f6rde bem\u00fche sich um eine \u00f6rtliche Waffenruhe, damit besch\u00e4digte Stromleitungen repariert werden k\u00f6nnten. Eine zuverl\u00e4ssige externe Stromversorgung und sichere Versorgungswege seien f\u00fcr die nukleare Sicherheit \u201eunverzichtbar\u201c, erkl\u00e4rte IAEA-Chef Rafael Grossi.<\/p>\n<p>Die sechs Reaktoren des gr\u00f6\u00dften Atomkraftwerks Europas sind seit 2022 abgeschaltet, ben\u00f6tigen aber weiterhin Strom f\u00fcr ihre K\u00fchl- und Sicherheitssysteme. Nach Angaben der IAEA erhielt die Anlage am Donnerstag und Freitag Diesel aus einem externen Lager. Ein weiteres au\u00dferhalb des Kraftwerks gelegenes Lager sei seit etwa sechs Monaten nicht mehr beliefert worden.<\/p>\n<p>Erst am Freitag hatte die IAEA von drei Drohnenvorf\u00e4llen innerhalb weniger Tage auf dem Kraftwerksgel\u00e4nde berichtet. Dabei wurden zwei Mitarbeiter verletzt. Eine Drohne explodierte den Angaben zufolge auf dem Gel\u00e4nde eines Trockenlagers f\u00fcr abgebrannte Brennelemente, eine weitere traf eine Sprinkleranlage.<\/p>\n<p>Russische Einnahme des Kraftwerks 2022<\/p>\n<p>Bei einem <a class=\"is-link c-block-items__link c-link--rich-text-renderer\" href=\"https:\/\/www.welt.de\/politik\/ausland\/article6a1b2a36411d40cd4c74cdd4\/ukraine-krieg-drohnen-kommandeur-meldet-zerstoerung-von-zwei-russischen-langstrecken-flugzeugen.html\" data-internal-tracking-enabled=\"true\" data-internal-tracking=\"{&quot;action&quot;:&quot;click&quot;,&quot;label&quot;:&quot;link&quot;,&quot;name&quot;:&quot;Inline Element&quot;,&quot;data&quot;:{&quot;source&quot;:&quot;&quot;,&quot;target&quot;:&quot;https:\/\/www.welt.de\/politik\/ausland\/article6a1b2a36411d40cd4c74cdd4\/ukraine-krieg-drohnen-kommandeur-meldet-zerstoerung-von-zwei-russischen-langstrecken-flugzeugen.html&quot;,&quot;trackingName&quot;:&quot;&quot;,&quot;trackingLabel&quot;:&quot;&quot;}}\" rel=\"nofollow noopener\" target=\"_blank\">ukrainischen Drohnenangriff<\/a> auf das Kraftwerk Ende April war russischen Beh\u00f6rdenangaben zufolge ein Besch\u00e4ftigter get\u00f6tet worden. Dabei habe es sich um einen Fahrer gehandelt, der im \u201eTransportbereich\u201c des AKW ums Leben gekommen sei.<\/p>\n<p>Die russische Armee hatte das Kraftwerk im M\u00e4rz 2022 eingenommen. Es liegt nahe der Front am Dnipro. Russland und die Ukraine werfen einander immer wieder Angriffe auf die Anlage oder deren Umfeld vor. IAEA-Teams sind seit September 2022 st\u00e4ndig vor Ort.<\/p>\n<p>AFP\/nw<\/p>\n","protected":false},"excerpt":{"rendered":"Das Atomkraftwerk Saporischschja ist offenbar seit mehr als einer Woche von der externen Stromversorgung abgeschnitten. Die Internationale Atomenergiebeh\u00f6rde&hellip;\n","protected":false},"author":2,"featured_media":1268759,"comment_status":"","ping_status":"","sticky":false,"template":"","format":"standard","meta":{"footnotes":"","_share_on_mastodon":"0"},"categories":[3],"tags":[5930,13,14,15,250153,110,115,25102,12,45,10,8,9,11,103,104],"class_list":["post-1268758","post","type-post","status-publish","format-standard","has-post-thumbnail","category-welt","tag-atomkraftwerke","tag-headlines","tag-nachrichten","tag-news","tag-newsos-import-welt","tag-newsteam","tag-russland-ukraine-krieg-24-2-2022","tag-saporischschja","tag-schlagzeilen","tag-texttospeech","tag-top-news","tag-top-meldungen","tag-topmeldungen","tag-topnews","tag-welt","tag-world"],"share_on_mastodon":{"url":"https:\/\/pubeurope.com\/@de\/117181875987469556","error":""},"_links":{"self":[{"href":"https:\/\/www.europesays.com\/de\/wp-json\/wp\/v2\/posts\/1268758","targetHints":{"allow":["GET"]}}],"collection":[{"href":"https:\/\/www.europesays.com\/de\/wp-json\/wp\/v2\/posts"}],"about":[{"href":"https:\/\/www.europesays.com\/de\/wp-json\/wp\/v2\/types\/post"}],"author":[{"embeddable":true,"href":"https:\/\/www.europesays.com\/de\/wp-json\/wp\/v2\/users\/2"}],"replies":[{"embeddable":true,"href":"https:\/\/www.europesays.com\/de\/wp-json\/wp\/v2\/comments?post=1268758"}],"version-history":[{"count":0,"href":"https:\/\/www.europesays.com\/de\/wp-json\/wp\/v2\/posts\/1268758\/revisions"}],"wp:featuredmedia":[{"embeddable":true,"href":"https:\/\/www.europesays.com\/de\/wp-json\/wp\/v2\/media\/1268759"}],"wp:attachment":[{"href":"https:\/\/www.europesays.com\/de\/wp-json\/wp\/v2\/media?parent=1268758"}],"wp:term":[{"taxonomy":"category","embeddable":true,"href":"https:\/\/www.europesays.com\/de\/wp-json\/wp\/v2\/categories?post=1268758"},{"taxonomy":"post_tag","embeddable":true,"href":"https:\/\/www.europesays.com\/de\/wp-json\/wp\/v2\/tags?post=1268758"}],"curies":[{"name":"wp","href":"https:\/\/api.w.org\/{rel}","templated":true}]}}