{"id":1268803,"date":"2026-08-30T02:00:29","date_gmt":"2026-08-30T02:00:29","guid":{"rendered":"https:\/\/www.europesays.com\/de\/1268803\/"},"modified":"2026-08-30T02:00:29","modified_gmt":"2026-08-30T02:00:29","slug":"milo-yiannopoulos-rechter-ice-unterstuetzer-aus-usa-abgeschoben","status":"publish","type":"post","link":"https:\/\/www.europesays.com\/de\/1268803\/","title":{"rendered":"Milo Yiannopoulos: Rechter ICE-Unterst\u00fctzer aus USA abgeschoben"},"content":{"rendered":"<p class=\"richtext text-em-55 !leading-serif mx-6 desktop:mx-0\">Der rechtsextreme Blogger Milo Yiannopoulos ist von der US-Migrationsbeh\u00f6rde <a href=\"https:\/\/rp-online.de\/thema\/ice\/\" rel=\"nofollow noopener\" target=\"_blank\">ICE<\/a> au\u00dfer Landes gebracht worden. Er sei am Freitag in sein Heimatland, das Vereinigte K\u00f6nigreich, abgeschoben worden, teilte ein Sprecher des US-Heimatschutzministeriums der Deutschen Presse-Agentur mit. ICE-Beamte hatten Yiannopoulos am Flughafen <a href=\"https:\/\/rp-online.de\/thema\/new-orleans\/\" rel=\"nofollow noopener\" target=\"_blank\">New Orleans<\/a> (US-Bundesstaat Louisiana) in Gewahrsam genommen, weil er sein Aufenthaltsrecht \u00fcberschritten hatte.<\/p>\n<p class=\"richtext text-em-55 !leading-serif mx-6 desktop:mx-0\">Den Angaben nach war Yiannopoulos am 14. Mai 2019 legal \u00fcber <a href=\"https:\/\/rp-online.de\/thema\/new-york\/\" rel=\"nofollow noopener\" target=\"_blank\">New York<\/a> in die <a href=\"https:\/\/rp-online.de\/thema\/usa\/\" rel=\"nofollow noopener\" target=\"_blank\">USA<\/a> eingereist. Nachdem er aber l\u00e4nger als erlaubt in den Vereinigten Staaten blieb und zudem nicht zu einer Anh\u00f6rung erschien, erteilte ein Einwanderungsrichter am 22. Juli dieses Jahres eine endg\u00fcltige Ausweisungsverf\u00fcgung.<\/p>\n<p>Prominentes Gesicht amerikanischer Rechtsextremisten      <\/p>\n<p class=\"richtext text-em-55 !leading-serif mx-6 desktop:mx-0\">Yiannopoulos war lange als prominentes Gesicht amerikanischer Rechtsextremisten bekannt. Der offen schwul lebende Brite verbreitete Hetze gegen Frauen, Schwarze, Eliten und Liberale. Erst als 2017 ein Interview kursierte, in dem er Sex zwischen M\u00e4nnern und Jungen verteidigte, kehrte ihm die Szene gro\u00dfteils den R\u00fccken: Yiannopoulos verlor seinen Buchvertrag mit dem Verlag Simon &amp; Schuster, die Conservative Political Action Conference (CPAC-Konferenz) strich ihn von der Rednerliste und das rechte Onlinemedium Breitbart News k\u00fcndigte Yiannopoulos.<\/p>\n<p class=\"richtext text-em-55 !leading-serif mx-6 desktop:mx-0\">Yiannopoulos war zuletzt vor allem f\u00fcr seine Verbindungen zum US-Rapper Ye (zuvor Kanye West), bekannt, wie das Promi-Portal TMZ zu dem Fall berichtete. Er habe fast zwei Jahre lang f\u00fcr ihn gearbeitet, bevor die beiden 2024 ihre Zusammenarbeit aufk\u00fcndigten.<\/p>\n<p class=\"richtext text-em-55 !leading-serif mx-6 desktop:mx-0\">Im vergangenen Jahr hatte Yiannopoulos sich auf X positiv zur Migrationsbeh\u00f6rde ICE ge\u00e4u\u00dfert: \u201eKalifornien braucht ICE-Kontrollpunkte an den Eing\u00e4ngen von Superm\u00e4rkten, Tankstellen, Einkaufszentren, Kreuzungen und Regierungsgeb\u00e4uden\u201c, schrieb er damals. Jeder, der an den Kontrollpunkten nicht nachweisen k\u00f6nne, dass er sich rechtm\u00e4\u00dfig in den USA aufh\u00e4lt, solle \u201esofort abgeschoben\u201c werden.<\/p>\n","protected":false},"excerpt":{"rendered":"Der rechtsextreme Blogger Milo Yiannopoulos ist von der US-Migrationsbeh\u00f6rde ICE au\u00dfer Landes gebracht worden. Er sei am Freitag&hellip;\n","protected":false},"author":2,"featured_media":1268804,"comment_status":"","ping_status":"","sticky":false,"template":"","format":"standard","meta":{"footnotes":"","_share_on_mastodon":"0"},"categories":[3977],"tags":[73729,331,332,261786,13,2229,106401,262071,14,15,2707,262072,26446,262073,27123,12,4017,4018,4016,64,4019,4020,262070],"class_list":["post-1268803","post","type-post","status-publish","format-standard","has-post-thumbnail","category-usa","tag-abgeschoben","tag-aktuelle-nachrichten","tag-aktuelle-news","tag-blogger","tag-headlines","tag-ice","tag-migrationsbehoerde","tag-milo","tag-nachrichten","tag-news","tag-promi","tag-prominentes","tag-rechtsextreme","tag-rechtsextremer","tag-rechtsextremisten","tag-schlagzeilen","tag-united-states","tag-united-states-of-america","tag-us","tag-usa","tag-vereinigte-staaten","tag-vereinigte-staaten-von-amerika","tag-yiannopoulos"],"share_on_mastodon":{"url":"https:\/\/pubeurope.com\/@de\/117181993696128913","error":""},"_links":{"self":[{"href":"https:\/\/www.europesays.com\/de\/wp-json\/wp\/v2\/posts\/1268803","targetHints":{"allow":["GET"]}}],"collection":[{"href":"https:\/\/www.europesays.com\/de\/wp-json\/wp\/v2\/posts"}],"about":[{"href":"https:\/\/www.europesays.com\/de\/wp-json\/wp\/v2\/types\/post"}],"author":[{"embeddable":true,"href":"https:\/\/www.europesays.com\/de\/wp-json\/wp\/v2\/users\/2"}],"replies":[{"embeddable":true,"href":"https:\/\/www.europesays.com\/de\/wp-json\/wp\/v2\/comments?post=1268803"}],"version-history":[{"count":0,"href":"https:\/\/www.europesays.com\/de\/wp-json\/wp\/v2\/posts\/1268803\/revisions"}],"wp:featuredmedia":[{"embeddable":true,"href":"https:\/\/www.europesays.com\/de\/wp-json\/wp\/v2\/media\/1268804"}],"wp:attachment":[{"href":"https:\/\/www.europesays.com\/de\/wp-json\/wp\/v2\/media?parent=1268803"}],"wp:term":[{"taxonomy":"category","embeddable":true,"href":"https:\/\/www.europesays.com\/de\/wp-json\/wp\/v2\/categories?post=1268803"},{"taxonomy":"post_tag","embeddable":true,"href":"https:\/\/www.europesays.com\/de\/wp-json\/wp\/v2\/tags?post=1268803"}],"curies":[{"name":"wp","href":"https:\/\/api.w.org\/{rel}","templated":true}]}}