{"id":1268807,"date":"2026-08-30T02:03:34","date_gmt":"2026-08-30T02:03:34","guid":{"rendered":"https:\/\/www.europesays.com\/de\/1268807\/"},"modified":"2026-08-30T02:03:34","modified_gmt":"2026-08-30T02:03:34","slug":"spanien-italien-frankreich-jetzt-kommt-das-haerteste-stauwochenende-des-sommers","status":"publish","type":"post","link":"https:\/\/www.europesays.com\/de\/1268807\/","title":{"rendered":"Spanien, Italien, Frankreich: Jetzt kommt das h\u00e4rteste Stauwochenende des Sommers"},"content":{"rendered":"<p>Spanien erwartet an diesem Wochenende 6,88 Millionen Fernfahrten, Frankreich warnt vor starkem R\u00fcckreiseverkehr und auch in Italien erreichen die Belastungen der Autobahnen am Samstag und Sonntag kritische Werte. F\u00fcr deutsche Urlauber auf dem Weg nach Hause k\u00f6nnen sich damit auf Hunderten Kilometern Staus bilden.<\/p>\n<p>Zus\u00e4tzlichen Druck bringt das Ende der Sommerferien. In Frankreich m\u00fcssen die Sch\u00fcler wieder in die Schule. Gleichzeitig fahren Urlauber aus Spanien zur\u00fcck in andere europ\u00e4ische L\u00e4nder, w\u00e4hrend dort zus\u00e4tzlich der Nord-S\u00fcd-Verkehr auf die R\u00fcckreisewelle trifft. In Italien l\u00e4uft parallel der gro\u00dfe &#8222;Controesodo&#8220;, die traditionelle R\u00fcckreise aus den Ferienregionen in die St\u00e4dte.<\/p>\n<p>Spanien \u00fcberwacht den Verkehr streng<\/p>\n<p>In Spanien \u00fcberlagern sich mehrere Verkehrsstr\u00f6me. Urlauber fahren aus den K\u00fcstenregionen zur\u00fcck in die St\u00e4dte, andere starten in den Septemberurlaub und zahlreiche ausl\u00e4ndische Fahrzeuge sind auf dem Weg zur\u00fcck in ihre Heimatl\u00e4nder. Hinzu kommen portugiesische und nordafrikanische Fahrzeuge der zweiten Phase der &#8222;Operaci\u00f3n Paso del Estrecho&#8220;.<\/p>\n<p class=\"ape-ir-info-panel ape-ir-info-panel-type-info\">Die &#8222;Operaci\u00f3n Paso del Estrecho&#8220;, \u00fcbersetzt etwa &#8222;Operation Stra\u00dfe von Gibraltar&#8220;, organisiert den starken sommerlichen Reiseverkehr zwischen Europa und Nordafrika \u00fcber Spanien. Zum Ferienende kehren viele Reisende \u00fcber die spanischen F\u00e4hrh\u00e4fen aus Nordafrika zur\u00fcck und fahren anschlie\u00dfend durch Spanien weiter in ihre europ\u00e4ischen Heimatl\u00e4nder. Dadurch entsteht zus\u00e4tzlicher Verkehr auf den Routen Richtung Frankreich.<\/p>\n<p>Zudem startet am Freitag, 28.8.2026, um 15:00 Uhr die letzte gro\u00dfe Verkehrsaktion dieses Sommers. Die &#8222;Operaci\u00f3n Retorno&#8220; (Operation R\u00fcckreise) l\u00e4uft bis Montag. Hier \u00fcberwachen die spanischen Beh\u00f6rden den Verkehr mit Drohnen, Hubschraubern und getarnten Fahrzeugen um Verkehrss\u00fcnder zu identifizieren.<\/p>\n<p>Am Sonntag versch\u00e4rft sich die Lage vor allem am Nachmittag. Zwischen 16:00 und 23:00 Uhr erwartet die DGT auf den gro\u00dfen R\u00fcckreiseachsen Probleme. Gleichzeitig steigt der Verkehr an den Grenz\u00fcberg\u00e4ngen durch ausl\u00e4ndische Fahrzeuge. Am Montag gilt erneut der Zeitraum zwischen 16:00 und 23:00 Uhr als besonders ung\u00fcnstig.<\/p>\n<p>Frankreich steht unmittelbar vor dem Ferienende<\/p>\n<p>In Frankreich kommt ein weiterer Faktor hinzu. Die Schulferien enden, am Dienstag (1.9.) beginnt wieder der Unterricht. Entsprechend gro\u00df ist die R\u00fcckreisewelle aus den Ferienregionen. Die R\u00fcckreiserichtung ist <strong>landesweit in Rot<\/strong> eingef\u00e4rbt.<\/p>\n<p>Besonders stark betroffen sind die Strecken von der Atlantikk\u00fcste, aus dem S\u00fcdwesten und aus S\u00fcdostfrankreich. F\u00fcr deutsche Spanienurlauber k\u00f6nnen damit nach der Fahrt durch Spanien unmittelbar die n\u00e4chsten Staus folgen.<\/p>\n<p>* Am Sonntag betrifft die Angabe den Abschnitt Orange\u2013Lyon. Die Zeitangaben f\u00fcr Freitag und Samstag unterscheiden sich auf der A7 je nach Abschnitt.<\/p>\n<p>Auch die Fahrt durch den Gro\u00dfraum Paris kann viel Zeit kosten. Am Freitag empfiehlt der staatliche Verkehrsinformationsdienst &#8222;Bison Fut\u00e9&#8220;, die \u00cele-de-France auf der R\u00fcckreise bereits vor 12:00 Uhr oder erst nach 23:00 Uhr zu erreichen. Am Samstag sollten Autofahrer die Region vor 10:00 Uhr passieren, am Sonntag vor 11:00 Uhr. Besonders betroffen sind dort A10 und A6.<\/p>\n<p>Italien ruft f\u00fcr das Wochenende Rot aus<\/p>\n<p>Auch Italien steht vor einer der st\u00e4rksten R\u00fcckreisewellen des Sommers. Der italienische Automobilclub ACI erwartet f\u00fcr das Wochenende &#8222;Bollino rosso&#8220;, die rote Warnstufe f\u00fcr besonders starken Verkehr. Besonders am Samstag und Sonntag erwartet Autostrade per l&#8217;Italia tags\u00fcber kritischen Verkehr auf den R\u00fcckreiserouten.<\/p>\n<p>Die Verkehrsstr\u00f6me laufen von den K\u00fcsten, Inseln und Bergregionen zur\u00fcck in die gro\u00dfen St\u00e4dte. F\u00fcr deutsche Urlauber sind vor allem die Achsen interessant, die den Verkehr aus Mittel- und S\u00fcditalien nach Norden f\u00fchren. Der ACI nennt unter anderem A1, A14, A4 und die Brennerautobahn A22 als Strecken, auf denen hohe Verkehrsaufkommen auftreten k\u00f6nnen.<\/p>\n<p>Am Freitag wird der R\u00fcckreiseverkehr nach Angaben von Autostrade per l&#8217;Italia zwischen 7:00 und 21:00 Uhr als intensiv eingestuft. Am Samstag und Sonntag erreicht er zwischen 7:00 und 19:00 Uhr die Stufe &#8222;kritisch&#8220;. Zwischen 19:00 und 21:00 Uhr bleibt der Verkehr an beiden Tagen intensiv.<\/p>\n<p>Fazit<\/p>\n","protected":false},"excerpt":{"rendered":"Spanien erwartet an diesem Wochenende 6,88 Millionen Fernfahrten, Frankreich warnt vor starkem R\u00fcckreiseverkehr und auch in Italien erreichen&hellip;\n","protected":false},"author":2,"featured_media":1268808,"comment_status":"","ping_status":"","sticky":false,"template":"","format":"standard","meta":{"footnotes":"","_share_on_mastodon":"0"},"categories":[3974],"tags":[262081,47934,5260,331,332,187619,228136,262082,548,663,3934,3980,156,13,355,14,15,262079,262080,14498,12,4026,601],"class_list":["post-1268807","post","type-post","status-publish","format-standard","has-post-thumbnail","category-frankreich","tag-a10","tag-a6","tag-a7","tag-aktuelle-nachrichten","tag-aktuelle-news","tag-ams-aktuelles","tag-bison-fute","tag-brennerautobahn-a22","tag-eu","tag-europa","tag-europe","tag-france","tag-frankreich","tag-headlines","tag-italien","tag-nachrichten","tag-news","tag-operacion-paso-del-estrecho","tag-operacion-retorno","tag-politik-wirtschaft","tag-schlagzeilen","tag-spanien","tag-verkehr"],"share_on_mastodon":{"url":"https:\/\/pubeurope.com\/@de\/117182005728606583","error":""},"_links":{"self":[{"href":"https:\/\/www.europesays.com\/de\/wp-json\/wp\/v2\/posts\/1268807","targetHints":{"allow":["GET"]}}],"collection":[{"href":"https:\/\/www.europesays.com\/de\/wp-json\/wp\/v2\/posts"}],"about":[{"href":"https:\/\/www.europesays.com\/de\/wp-json\/wp\/v2\/types\/post"}],"author":[{"embeddable":true,"href":"https:\/\/www.europesays.com\/de\/wp-json\/wp\/v2\/users\/2"}],"replies":[{"embeddable":true,"href":"https:\/\/www.europesays.com\/de\/wp-json\/wp\/v2\/comments?post=1268807"}],"version-history":[{"count":0,"href":"https:\/\/www.europesays.com\/de\/wp-json\/wp\/v2\/posts\/1268807\/revisions"}],"wp:featuredmedia":[{"embeddable":true,"href":"https:\/\/www.europesays.com\/de\/wp-json\/wp\/v2\/media\/1268808"}],"wp:attachment":[{"href":"https:\/\/www.europesays.com\/de\/wp-json\/wp\/v2\/media?parent=1268807"}],"wp:term":[{"taxonomy":"category","embeddable":true,"href":"https:\/\/www.europesays.com\/de\/wp-json\/wp\/v2\/categories?post=1268807"},{"taxonomy":"post_tag","embeddable":true,"href":"https:\/\/www.europesays.com\/de\/wp-json\/wp\/v2\/tags?post=1268807"}],"curies":[{"name":"wp","href":"https:\/\/api.w.org\/{rel}","templated":true}]}}