{"id":126881,"date":"2025-05-21T01:45:10","date_gmt":"2025-05-21T01:45:10","guid":{"rendered":"https:\/\/www.europesays.com\/de\/126881\/"},"modified":"2025-05-21T01:45:10","modified_gmt":"2025-05-21T01:45:10","slug":"so-denkt-annalena-schmidt-heute-ueber-ihr-ueberraschendes-aus","status":"publish","type":"post","link":"https:\/\/www.europesays.com\/de\/126881\/","title":{"rendered":"So denkt Annalena Schmidt heute \u00fcber ihr \u00fcberraschendes Aus"},"content":{"rendered":"<p class=\"font-bold text-18 leading-17\">Schauspielerin Annalena Schmidt blickt zur\u00fcck auf ihr \u00fcberraschendes Aus beim &#8222;Tatort&#8220; \u2013 und spricht \u00fcber den harten Umgang mit \u00e4lteren Frauen im TV.<\/p>\n<p class=\"text-18 leading-17\">Von 1998 bis 2024 war Annalena Schmidt im Ludwigshafener &#8222;Tatort&#8220; in der Rolle der Kommissariatssekret\u00e4rin Edith Keller zu sehen. Erstmals trat sie in der Folge &#8222;Engelchen flieg&#8220; auf. Der \u00fcberraschende Abschied folgte vergangenes Jahr im Januar in der Episode &#8222;Avatar&#8220;. Ein Abschied, den Schmidt nicht hat kommen sehen.<\/p>\n<p class=\"text-18 leading-17\">&#8222;Das kam sehr \u00fcberraschend f\u00fcr mich und hat mich damals kalt erwischt&#8220;, erinnert sich Annalena Schmidt im Gespr\u00e4ch mit t-online an den Moment zur\u00fcck, als sie vor rund zwei Jahren aus dem &#8222;Tatort&#8220;-Team ausgeschieden ist \u2013 gegen ihren Willen. &#8222;Es gab schlicht keinen nachvollziehbaren Grund daf\u00fcr.&#8220;<\/p>\n<p class=\"text-18 leading-17\">Besonders bitter: Ihre Figur war zu diesem Zeitpunkt pr\u00e4senter als fr\u00fcher. &#8222;Ich hatte deutlich mehr Drehtage als zuvor. Also wurde ich auch teurer. Bis zuletzt wurde mir gesagt, wie wichtig meine Figur f\u00fcr den &#8218;Tatort&#8216; sei.&#8220;<\/p>\n<p><img style=\"--width:42;--height:32\" loading=\"lazy\" src=\"https:\/\/www.europesays.com\/de\/wp-content\/uploads\/2025\/04\/quotationmark.8b94917b.svg.svg+xml\" alt=\"Quotation Mark\" title=\"Quotation Mark\" class=\"&#10;        block&#10;        h-[calc(var(--height)_\/_16_*_1rem)]&#10;        w-[calc(var(--width)_\/_16_*_1rem)]&#10;        max-w-none&#10;        mx-12 md:w-[41px]\" decoding=\"async\"\/><\/p>\n<p class=\"py-24 text-22 font-light\">Fr\u00fcher waren langj\u00e4hrige Ermittlerteams fast das Markenzeichen beim &#8218;Tatort&#8216;. Heute hat man den Eindruck: Wer zu lange dabei ist, steht auf der Abschussliste.<\/p>\n<p class=\"pt-12 pb-24 text-manatee text-16 uppercase tracking-wider leading-17\">Annalena Schmidt<\/p>\n<p class=\"text-18 leading-17\">Wer die Entscheidung getroffen hat, bleibt f\u00fcr sie bis heute ein R\u00e4tsel. &#8222;Ich habe nie eine Antwort bekommen, warum ich beim &#8218;Tatort&#8216; ausgetauscht wurde \u2013 oder wer letztlich diese Entscheidung getroffen hat.&#8220; Ihr Produzent und der langj\u00e4hrige Chefredakteur h\u00e4tten ihr im Gespr\u00e4ch beteuert, dass es nicht ihre Entscheidung gewesen sei. &#8222;Beide sagten mir damals, dass mein Aus an anderer Stelle beschlossen wurde.&#8220;<\/p>\n<p class=\"text-18 leading-17\">F\u00fcr die 73-J\u00e4hrige ist der Vorfall kein Einzelfall, sondern Symptom einer gr\u00f6\u00dferen Entwicklung. &#8222;Fr\u00fcher waren langj\u00e4hrige Ermittlerteams fast das Markenzeichen beim &#8218;Tatort&#8216;. Heute hat man den Eindruck: Wer zu lange dabei ist, steht auf der Abschussliste.&#8220;<\/p>\n<p class=\"text-18 leading-17\">Mit Blick auf ihre ehemalige &#8222;Tatort&#8220;-Kollegin <a class=\"transition-colors duration-200 cursor-pointer text-inherit no-underline text-salemsfur md:hover:text-magenta md:hover:border-magenta md:focus:text-magenta border-current border-b border-solid break-words\" href=\"https:\/\/www.t-online.de\/themen\/ulrike-folkerts\/\" data-sctrack=\"BodyAnchor\" target=\"_blank\" rel=\"noopener\">Ulrike Folkerts<\/a> sieht sie klare strategische Entscheidungen: &#8222;Ulrike h\u00e4tte man nicht abs\u00e4gen k\u00f6nnen \u2013 sie ist eine Instanz. Sie war die erste Kommissarin in der Geschichte des &#8218;Tatort&#8216; und hat eine gro\u00dfe queere Community hinter sich. Deshalb mussten wohl an anderer Stelle Ver\u00e4nderungen vorgenommen werden. Die Einzigen, die infrage kamen, waren Peter und ich. Pl\u00f6tzlich waren wir die Alten \u2013 und mussten gehen.&#8220; Auch ihr Kollege Peter Espeloer war 25 Jahre lang f\u00fcr den Ludwigshafener &#8222;Tatort&#8220; im Einsatz \u2013 auch f\u00fcr ihn kam das Aus v\u00f6llig unerwartet.<\/p>\n<p class=\"text-18 leading-17\">Dass die jungen Talente im &#8222;Tatort&#8220; ihre Rollen gut ausf\u00fcllen, sieht sie mit gemischten Gef\u00fchlen. &#8222;Die machen das ganz entz\u00fcckend&#8220;, sagt sie, f\u00fcgt aber mahnend hinzu: &#8222;Ich habe dann zum Produzenten gesagt: Hegt und pflegt sie, baut sie behutsam auf. Und integriert sie gut ins Team, damit sie nicht irgendwann wieder nur Stichwortgeber sind und Kaffee bringen. Das ist meine Sorge.&#8220;<\/p>\n<p class=\"text-18 leading-17\">F\u00fcr Schmidt bleibt der Umgang mit ihrer Figur ein Beispiel daf\u00fcr, wie inhaltliche und wirtschaftliche Interessen oft auf Kosten von Vielfalt und Erfahrung gehen \u2013 auch wenn die Zahlen etwas anderes sagen: &#8222;Der &#8218;Tatort&#8216; mit Ulrike hat weiterhin gute Quoten \u2013 und eigentlich ist das f\u00fcr die Macher das entscheidende Kriterium. Trotzdem hie\u00df es irgendwann: Es muss sich etwas \u00e4ndern.&#8220;<\/p>\n<p class=\"text-18 leading-17\">Trotz allem blickt die Schauspielerin nach vorn. Die Begeisterung f\u00fcr ihren Beruf hat sie nicht verloren \u2013 ganz im Gegenteil. &#8222;Ich h\u00e4tte gro\u00dfe Lust, eine richtig schr\u00e4ge Ermittlerin zu spielen \u2013 Stichwort: &#8218;Miss Marple&#8216;.&#8220;<\/p>\n<p class=\"text-18 leading-17\">Dass ihr daf\u00fcr Angebote gemacht werden, w\u00fcnscht sich Schmidt. Und dass das Publikum mehr Diversit\u00e4t nicht nur vor, sondern auch hinter der Kamera einfordert \u2013 besonders f\u00fcr Frauen, deren Geschichten nicht mit dem 50. Geburtstag enden. &#8222;Ab 50 aufw\u00e4rts gibt es nur noch sehr wenige Rollen f\u00fcr Frauen. Diese Ver\u00e4nderung musste ich auch erleben. Pl\u00f6tzlich blieben die regelm\u00e4\u00dfigen Rollenangebote aus. Und wenn es dann doch mal welche gab, sollte ich die Gro\u00dfmutter spielen \u2013 oder Frauen, bei denen die Silberhochzeit ansteht&#8220;, so Schmidt.<\/p>\n<p class=\"text-18 leading-17\">Best\u00e4ndigkeit vs. frischer Wind: Bevorzugen Sie alteingesessene Kommissare oder sollen j\u00fcngere die Ermittlungen \u00fcbernehmen? Schreiben Sie eine E-Mail an <a class=\"transition-colors duration-200 cursor-pointer text-inherit no-underline text-salemsfur md:hover:text-magenta md:hover:border-magenta md:focus:text-magenta border-current border-b border-solid break-words\" href=\"https:\/\/www.t-online.de\/unterhaltung\/tv\/tatort\/id_100723394\/mailto:lesermeinung@stroeer.de\" data-sctrack=\"BodyAnchor\" target=\"_blank\" rel=\"noopener\">Lesermeinung@stroeer.de<\/a>. Bitte nutzen Sie den Betreff &#8222;Kommissare&#8220; und begr\u00fcnden Sie.<\/p>\n","protected":false},"excerpt":{"rendered":"Schauspielerin Annalena Schmidt blickt zur\u00fcck auf ihr \u00fcberraschendes Aus beim &#8222;Tatort&#8220; \u2013 und spricht \u00fcber den harten Umgang&hellip;\n","protected":false},"author":2,"featured_media":126882,"comment_status":"","ping_status":"","sticky":false,"template":"","format":"standard","meta":{"footnotes":""},"categories":[1773],"tags":[43709,29,214,30,25476,47515,471,1780,218,47516,215],"class_list":{"0":"post-126881","1":"post","2":"type-post","3":"status-publish","4":"format-standard","5":"has-post-thumbnail","7":"category-serien","8":"tag-annalena-schmidt","9":"tag-deutschland","10":"tag-entertainment","11":"tag-germany","12":"tag-ludwigshafen","13":"tag-peter-espeloer","14":"tag-serien","15":"tag-series","16":"tag-tatort","17":"tag-ulrike-folkerts","18":"tag-unterhaltung"},"share_on_mastodon":{"url":"https:\/\/pubeurope.com\/@de\/114543298153217339","error":""},"_links":{"self":[{"href":"https:\/\/www.europesays.com\/de\/wp-json\/wp\/v2\/posts\/126881","targetHints":{"allow":["GET"]}}],"collection":[{"href":"https:\/\/www.europesays.com\/de\/wp-json\/wp\/v2\/posts"}],"about":[{"href":"https:\/\/www.europesays.com\/de\/wp-json\/wp\/v2\/types\/post"}],"author":[{"embeddable":true,"href":"https:\/\/www.europesays.com\/de\/wp-json\/wp\/v2\/users\/2"}],"replies":[{"embeddable":true,"href":"https:\/\/www.europesays.com\/de\/wp-json\/wp\/v2\/comments?post=126881"}],"version-history":[{"count":0,"href":"https:\/\/www.europesays.com\/de\/wp-json\/wp\/v2\/posts\/126881\/revisions"}],"wp:featuredmedia":[{"embeddable":true,"href":"https:\/\/www.europesays.com\/de\/wp-json\/wp\/v2\/media\/126882"}],"wp:attachment":[{"href":"https:\/\/www.europesays.com\/de\/wp-json\/wp\/v2\/media?parent=126881"}],"wp:term":[{"taxonomy":"category","embeddable":true,"href":"https:\/\/www.europesays.com\/de\/wp-json\/wp\/v2\/categories?post=126881"},{"taxonomy":"post_tag","embeddable":true,"href":"https:\/\/www.europesays.com\/de\/wp-json\/wp\/v2\/tags?post=126881"}],"curies":[{"name":"wp","href":"https:\/\/api.w.org\/{rel}","templated":true}]}}