{"id":1268825,"date":"2026-08-30T02:15:17","date_gmt":"2026-08-30T02:15:17","guid":{"rendered":"https:\/\/www.europesays.com\/de\/1268825\/"},"modified":"2026-08-30T02:15:17","modified_gmt":"2026-08-30T02:15:17","slug":"fussball-3-liga-johann-hipper-huetet-in-duisburg-wieder-das-tor-der-wuerzburger-kickers","status":"publish","type":"post","link":"https:\/\/www.europesays.com\/de\/1268825\/","title":{"rendered":"Fu\u00dfball: 3. Liga: Johann Hipper h\u00fctet in Duisburg wieder das Tor der W\u00fcrzburger Kickers"},"content":{"rendered":"<p class=\"mb-6 text-xs-varying md:text-m lg:text-l font-serif group-[.font-sans]:font-sans \">\n    Drittes Saisonspiel f\u00fcr die <a href=\"https:\/\/www.mainpost.de\/organisationen\/mp-wuerzburger-kickers\" target=\"_self\" class=\"underline \" rel=\"nofollow noopener\">W\u00fcrzburger Kickers<\/a> in der 3. Liga, dritter Startelfeinsatz f\u00fcr Keeper Johann Hipper. Der 28-J\u00e4hrige, der sich im Januar 2024 den Rothosen angeschlossen hatte und mit ihnen als Nummer eins in die 3. Liga aufgestiegen war, <a href=\"https:\/\/www.mainpost.de\/wuerzburg\/sport\/fussball-3-liga-ueberforderte-wuerzburger-kickers-bezahlen-beim-0-3-in-duisburg-lehrgeld1-115077282\" target=\"_self\" class=\"underline \" rel=\"nofollow noopener\">durfte auch gegen den MSV Duisburg am Samstagnachmittag<\/a> das Tor der <a href=\"https:\/\/www.mainpost.de\/orte\/mp-unterfranken\" target=\"_self\" class=\"underline \" rel=\"nofollow noopener\">Unterfranken<\/a> h\u00fcten. Dabei hatte sein Stellvertreter Marko Rajkovacic <a href=\"https:\/\/www.mainpost.de\/wuerzburg\/sport\/fussball-dfb-pokal-pokal-sensation-knapp-verpasst-die-wuerzburger-kickers-bieten-dem-1-fc-koeln-lange-die-stirn-115008525\" target=\"_self\" class=\"underline \" rel=\"nofollow noopener\">im Pokalspiel gegen den 1. FC K\u00f6ln am Montagabend<\/a> eine starke Leistung gezeigt.\n  <\/p>\n<p>            \u201eKonkurrenzkampf ist anstrengend, aber er macht auch Spa\u00df\u201c<\/p>\n<p class=\"mb-6 text-xs-varying md:text-m lg:text-l font-serif group-[.font-sans]:font-sans \">\n    \u201eEs ist nat\u00fcrlich ein harter Konkurrenzkamp. Marko ist ein verdammt guter Torwart und ich bin auch ein sehr guter Torwart\u201c, sagte Hipper nach der 0:3-Niederlage in den Katakomben der Schauinsland-Reisen-Arena. Wichtig war ihm, hervorzuheben, \u201edass es auf menschlicher Ebene sehr, sehr sauber abl\u00e4uft\u201c. Damit best\u00e4tigte er, was zuletzt h\u00e4ufig aus dem Umfeld der Mannschaft zu h\u00f6ren war: <a href=\"https:\/\/www.mainpost.de\/wuerzburg\/sport\/fussball-dfb-pokal-starke-leistung-im-pokalspiel-torwart-rajkovacic-empfiehlt-sich-fuer-weitere-einsaetze-bei-den-wuerzburger-kickers-115008667\" target=\"_self\" class=\"underline \" rel=\"nofollow noopener\">dass Rajkovacic sich charakterlich hervorragend ins Rothosen-Team einf\u00fcgt<\/a>. \u201eKonkurrenzkampf ist anstrengend, aber es macht auch Spa\u00df. Wir puschen uns gegenseitig. Ich habe ihn im Pokalspiel gepuscht, er hat mich heute gepuscht.\u201c\n  <\/p>\n<p class=\"mb-6 text-xs-varying md:text-m lg:text-l font-serif group-[.font-sans]:font-sans \">\n    Tats\u00e4chlich war Hipper bei der 0:3-Niederlage der Schiele-Elf einer der besten W\u00fcrzburger. An den Gegentoren konnte er nichts ausrichten. \u201eSchon in den ersten zwei Ligaspielen haben wir es verschlafen, in den ersten Minuten hellwach zu sein. Heute wurden wir daf\u00fcr bestraft\u201c, analysierte er und versprach: \u201eWir werden das auf jeden Fall abstellen.\u201c\n  <\/p>\n<p>            Drei Jahre von der 3. Liga getr\u00e4umt<\/p>\n<p class=\"mb-6 text-xs-varying md:text-m lg:text-l font-serif group-[.font-sans]:font-sans \">\n    Drei Jahre lang hatte Hipper in der Regionalliga Bayern \u201edavon getr\u00e4umt vor so einer Kulisse gegen solche Gegner zu spielen\u201c. Es sei klar, dass das anspruchsvoll sei. \u201eNat\u00fcrlich h\u00e4ngen die K\u00f6pfe erstmal, aber wir m\u00fcssen nach vorne schauen.\u201c Am Dienstag geht es zum Pokalspiel gegen Bayernligist Neudrossenfeld, am Sonntag empfangen die Kickers die Reserve des VfB Stuttgart am Dallenberg.\n  <\/p>\n<p class=\"mb-6 text-xs-varying md:text-m lg:text-l font-serif group-[.font-sans]:font-sans \">\n    Wer dann das Tor h\u00fctet? Es bleibt spannend.\n  <\/p>\n","protected":false},"excerpt":{"rendered":"Drittes Saisonspiel f\u00fcr die W\u00fcrzburger Kickers in der 3. Liga, dritter Startelfeinsatz f\u00fcr Keeper Johann Hipper. Der 28-J\u00e4hrige,&hellip;\n","protected":false},"author":2,"featured_media":1268826,"comment_status":"","ping_status":"","sticky":false,"template":"","format":"standard","meta":{"footnotes":"","_share_on_mastodon":"0"},"categories":[1838],"tags":[3364,29,3715,30,262010,126356,93287,3721,1209,54140,5907,26242,162536,102264],"class_list":["post-1268825","post","type-post","status-publish","format-standard","has-post-thumbnail","category-duisburg","tag-de","tag-deutschland","tag-duisburg","tag-germany","tag-johann-hipper","tag-ligaspiel","tag-marko-rajkovacic","tag-msv-duisburg","tag-nordrhein-westfalen","tag-pfosten","tag-pokal","tag-saisonspiel","tag-startelfeinsatz","tag-wuerzburger-kickers"],"share_on_mastodon":{"url":"https:\/\/pubeurope.com\/@de\/117182052926226082","error":""},"_links":{"self":[{"href":"https:\/\/www.europesays.com\/de\/wp-json\/wp\/v2\/posts\/1268825","targetHints":{"allow":["GET"]}}],"collection":[{"href":"https:\/\/www.europesays.com\/de\/wp-json\/wp\/v2\/posts"}],"about":[{"href":"https:\/\/www.europesays.com\/de\/wp-json\/wp\/v2\/types\/post"}],"author":[{"embeddable":true,"href":"https:\/\/www.europesays.com\/de\/wp-json\/wp\/v2\/users\/2"}],"replies":[{"embeddable":true,"href":"https:\/\/www.europesays.com\/de\/wp-json\/wp\/v2\/comments?post=1268825"}],"version-history":[{"count":0,"href":"https:\/\/www.europesays.com\/de\/wp-json\/wp\/v2\/posts\/1268825\/revisions"}],"wp:featuredmedia":[{"embeddable":true,"href":"https:\/\/www.europesays.com\/de\/wp-json\/wp\/v2\/media\/1268826"}],"wp:attachment":[{"href":"https:\/\/www.europesays.com\/de\/wp-json\/wp\/v2\/media?parent=1268825"}],"wp:term":[{"taxonomy":"category","embeddable":true,"href":"https:\/\/www.europesays.com\/de\/wp-json\/wp\/v2\/categories?post=1268825"},{"taxonomy":"post_tag","embeddable":true,"href":"https:\/\/www.europesays.com\/de\/wp-json\/wp\/v2\/tags?post=1268825"}],"curies":[{"name":"wp","href":"https:\/\/api.w.org\/{rel}","templated":true}]}}