{"id":1268880,"date":"2026-08-30T02:48:27","date_gmt":"2026-08-30T02:48:27","guid":{"rendered":"https:\/\/www.europesays.com\/de\/1268880\/"},"modified":"2026-08-30T02:48:27","modified_gmt":"2026-08-30T02:48:27","slug":"berlin-news-fuer-heute-den-29-08-2026-top-informiert-mit-den-aktuellen-lokal-nachrichten-fuer-ihre-stadt","status":"publish","type":"post","link":"https:\/\/www.europesays.com\/de\/1268880\/","title":{"rendered":"Berlin-News f\u00fcr heute, den 29.08.2026: Top-informiert mit den aktuellen Lokal-Nachrichten f\u00fcr Ihre Stadt"},"content":{"rendered":"<p>                        Redaktionsempfehlung: Top-Artikel f\u00fcr Berlin vom 29.08.2026Polizei-News f\u00fcr Berlin und WarnhinweiseVeranstaltungen und Co. in der RegionNeuigkeiten Ihrer Region vom 29.08.2026 zum Thema Gesundheit<\/p>\n<tr><\/tr>\n<tr>\n<td><a href=\"https:\/\/www.news.de\/gesundheit\/858540925\/apotheke-notdienst-bereitschaftsarzt-heute-in-berlin-kontakte-fuer-notapotheke-notaufnahme-notfallpraxis-am-17-04-2025\/1\/\" target=\"_blank\" title=\"Notdienst heute in Berlin: Ihre Notfallkontakte am Wochenende\" rel=\"nofollow noopener\"><strong>Notdienst heute in Berlin: Ihre Notfallkontakte am Wochenende<\/strong><\/a>: Ob akute Beschwerden oder dringender Medikamentenbedarf: Auch au\u00dferhalb der Sprechzeiten gibt es in Berlin passende medizinische Anlaufstellen. Adressen und \u00d6ffnungszeiten f\u00fcr Apotheken-Notdienst und Bereitschafts\u00e4rzte am Wochenende hier im \u00dcberblick.<\/td>\n<\/tr>\n<tr>\n<td><a href=\"https:\/\/www.news.de\/gesundheit\/858233705\/corona-grippe-rsv-in-berlin-aktuell-im-dezember-2024-inzidenz-und-neue-faelle-der-krankheiten-laut-rki-stand-16-12-2024\/1\/\" target=\"_blank\" title=\"So krank ist Berlin: Corona, Grippe, RSV aktuell im August 2026\" rel=\"nofollow noopener\"><strong>So krank ist Berlin: Corona, Grippe, RSV aktuell im August 2026<\/strong><\/a>: Wie steht es um die Infektionslage in Berlin? Neueste Statistiken zu Grippe, Corona, RSV und anderen akuten Atemwegserkrankungen vermitteln einen \u00dcberblick \u00fcber die aktuelle Entwicklung der Infektionszahlen im August 2026 und die besonders betroffenen Altersgruppen.<\/td>\n<\/tr>\n<p>Die aktuellen Nachrichten f\u00fcr Berlin aus dem Ressort Wirtschaft<\/p>\n<p>Die Lokal-Nachrichten  direkt im Messenger: <a href=\"https:\/\/www.news.de\/lokales\/856805181\/regionale-nachrichten-per-telegram-und-facebook-messenger-kostenlose-anmeldung-beim-regio-news-bot-abmeldung\/1\/\" target=\"_blank\" title=\"Regio-News-Bot: Regionale Nachrichten per Telegram und Facebook Messenger\" rel=\"nofollow noopener\"><strong>Mit unserem Regio-News-Bot f\u00fcr Telegram und Facebook immer bestens informiert<\/strong><\/a><\/p>\n<p>+++ Redaktioneller Hinweis: Dieser Text wurde auf Basis aktueller Daten KI-gest\u00fctzt erstellt. Bei Anmerkungen oder R\u00fcckfragen wenden Sie sich bitte an hinweis@news.de. +++<\/p>\n<p><a href=\"https:\/\/www.news.de\/autor\/Danny+B%C3%BCchel\/\" rel=\"author nofollow noopener\" target=\"_blank\">bud<\/a>\/roj\/news.de<\/p>\n","protected":false},"excerpt":{"rendered":"Redaktionsempfehlung: Top-Artikel f\u00fcr Berlin vom 29.08.2026Polizei-News f\u00fcr Berlin und WarnhinweiseVeranstaltungen und Co. in der RegionNeuigkeiten Ihrer Region vom&hellip;\n","protected":false},"author":2,"featured_media":1268881,"comment_status":"","ping_status":"","sticky":false,"template":"","format":"standard","meta":{"footnotes":"","_share_on_mastodon":"0"},"categories":[1825],"tags":[1941,1939,296,1937,29,30,963,1940,1938],"class_list":["post-1268880","post","type-post","status-publish","format-standard","has-post-thumbnail","category-berlin","tag-aktuelle-nachrichten-aus-berlin","tag-aktuelle-news-aus-berlin","tag-berlin","tag-berlin-news","tag-deutschland","tag-germany","tag-lokales","tag-nachrichten-aus-berlin","tag-news-aus-berlin"],"share_on_mastodon":{"url":"https:\/\/pubeurope.com\/@de\/117182182703438263","error":""},"_links":{"self":[{"href":"https:\/\/www.europesays.com\/de\/wp-json\/wp\/v2\/posts\/1268880","targetHints":{"allow":["GET"]}}],"collection":[{"href":"https:\/\/www.europesays.com\/de\/wp-json\/wp\/v2\/posts"}],"about":[{"href":"https:\/\/www.europesays.com\/de\/wp-json\/wp\/v2\/types\/post"}],"author":[{"embeddable":true,"href":"https:\/\/www.europesays.com\/de\/wp-json\/wp\/v2\/users\/2"}],"replies":[{"embeddable":true,"href":"https:\/\/www.europesays.com\/de\/wp-json\/wp\/v2\/comments?post=1268880"}],"version-history":[{"count":0,"href":"https:\/\/www.europesays.com\/de\/wp-json\/wp\/v2\/posts\/1268880\/revisions"}],"wp:featuredmedia":[{"embeddable":true,"href":"https:\/\/www.europesays.com\/de\/wp-json\/wp\/v2\/media\/1268881"}],"wp:attachment":[{"href":"https:\/\/www.europesays.com\/de\/wp-json\/wp\/v2\/media?parent=1268880"}],"wp:term":[{"taxonomy":"category","embeddable":true,"href":"https:\/\/www.europesays.com\/de\/wp-json\/wp\/v2\/categories?post=1268880"},{"taxonomy":"post_tag","embeddable":true,"href":"https:\/\/www.europesays.com\/de\/wp-json\/wp\/v2\/tags?post=1268880"}],"curies":[{"name":"wp","href":"https:\/\/api.w.org\/{rel}","templated":true}]}}