{"id":1268900,"date":"2026-08-30T03:03:17","date_gmt":"2026-08-30T03:03:17","guid":{"rendered":"https:\/\/www.europesays.com\/de\/1268900\/"},"modified":"2026-08-30T03:03:17","modified_gmt":"2026-08-30T03:03:17","slug":"transfer-ticker-ich-gehe-davon-aus-dass-er-bleibt-wende-um-deutschen-nationalspieler","status":"publish","type":"post","link":"https:\/\/www.europesays.com\/de\/1268900\/","title":{"rendered":"Transfer-Ticker: \u201eIch gehe davon aus, dass er bleibt\u201c \u2013 Wende um deutschen Nationalspieler"},"content":{"rendered":"<p>Nationalspieler Robert Andrich hat wohl doch eine Zukunft bei Bayer Leverkusen. \u201eIch gehe davon aus, dass er bleibt\u201c, sagte Sport-Gesch\u00e4ftsf\u00fchrer Simon Rolfes nach der 2:3-Auftaktniederlage des Doublegewinners von 2024 beim Bundesliga-Neuling SV Elversberg. Der 31 Jahre alte Andrich hat zwar noch einen Vertrag bis 2028 bei Bayer. Dennoch hatte ihm die Vereinsf\u00fchrung aufgrund seiner voraussichtlich geringen Aussicht auf regelm\u00e4\u00dfige Spielzeit nahegelegt, sich nach einem neuen Verein umzusehen.<\/p>\n<p>Aktuell sei es tats\u00e4chlich so, dass er \u201eauf dieser Position im Mittelfeld zun\u00e4chst eher eine Nebenrolle einnimmt. Er verdient es, das zu wissen\u201c, sagte der neue Trainer Carles Mart\u00ednez k\u00fcrzlich. Er wolle \u201eehrlich\u201c sein. Als Kapit\u00e4n wurde Andrich von Edmond Tapsoba abgel\u00f6st.<\/p>\n","protected":false},"excerpt":{"rendered":"Nationalspieler Robert Andrich hat wohl doch eine Zukunft bei Bayer Leverkusen. \u201eIch gehe davon aus, dass er bleibt\u201c,&hellip;\n","protected":false},"author":2,"featured_media":1268901,"comment_status":"","ping_status":"","sticky":false,"template":"","format":"standard","meta":{"footnotes":"","_share_on_mastodon":"0"},"categories":[136],"tags":[29,3695,30,188,265,45,1288,251640],"class_list":["post-1268900","post","type-post","status-publish","format-standard","has-post-thumbnail","category-sport","tag-deutschland","tag-erste-liga","tag-germany","tag-liveticker","tag-sport","tag-texttospeech","tag-transfers","tag-transfersummen-ks"],"share_on_mastodon":{"url":"https:\/\/pubeurope.com\/@de\/117182241576386966","error":""},"_links":{"self":[{"href":"https:\/\/www.europesays.com\/de\/wp-json\/wp\/v2\/posts\/1268900","targetHints":{"allow":["GET"]}}],"collection":[{"href":"https:\/\/www.europesays.com\/de\/wp-json\/wp\/v2\/posts"}],"about":[{"href":"https:\/\/www.europesays.com\/de\/wp-json\/wp\/v2\/types\/post"}],"author":[{"embeddable":true,"href":"https:\/\/www.europesays.com\/de\/wp-json\/wp\/v2\/users\/2"}],"replies":[{"embeddable":true,"href":"https:\/\/www.europesays.com\/de\/wp-json\/wp\/v2\/comments?post=1268900"}],"version-history":[{"count":0,"href":"https:\/\/www.europesays.com\/de\/wp-json\/wp\/v2\/posts\/1268900\/revisions"}],"wp:featuredmedia":[{"embeddable":true,"href":"https:\/\/www.europesays.com\/de\/wp-json\/wp\/v2\/media\/1268901"}],"wp:attachment":[{"href":"https:\/\/www.europesays.com\/de\/wp-json\/wp\/v2\/media?parent=1268900"}],"wp:term":[{"taxonomy":"category","embeddable":true,"href":"https:\/\/www.europesays.com\/de\/wp-json\/wp\/v2\/categories?post=1268900"},{"taxonomy":"post_tag","embeddable":true,"href":"https:\/\/www.europesays.com\/de\/wp-json\/wp\/v2\/tags?post=1268900"}],"curies":[{"name":"wp","href":"https:\/\/api.w.org\/{rel}","templated":true}]}}