{"id":1268912,"date":"2026-08-30T03:09:25","date_gmt":"2026-08-30T03:09:25","guid":{"rendered":"https:\/\/www.europesays.com\/de\/1268912\/"},"modified":"2026-08-30T03:09:25","modified_gmt":"2026-08-30T03:09:25","slug":"live-ticker-zum-tod-von-koenig-harald-von-norwegen-erste-koenigsrede-von-haakon","status":"publish","type":"post","link":"https:\/\/www.europesays.com\/de\/1268912\/","title":{"rendered":"Live-Ticker zum Tod von K\u00f6nig Harald von Norwegen: Erste K\u00f6nigsrede von Haakon"},"content":{"rendered":"<p>Alle Entwicklungen im Live-TickerErste K\u00f6nigs-Ansprache von Haakon \u2013 \u201eDanke, dass du so ein guter Vater warst\u201d<img alt=\"K\u00f6nig Haakons erste Ansprache an die Norweger\" fetchpriority=\"high\" width=\"940\" height=\"529\" decoding=\"async\" data-nimg=\"1\" class=\"Image_image__SdgLQ Picture_image__vGN9W\" style=\"color:transparent\"   src=\"https:\/\/www.europesays.com\/de\/wp-content\/uploads\/2026\/08\/koenig-haakon.webp\"\/><\/p>\n<p>Haakon spricht heute zum ersten Mal als K\u00f6nig zu den Norwegern<\/p>\n<p>picture alliance \/ Heiko Junge\/Pool NTB Scanpix via AP \/ Heiko Junge<\/p>\n<p class=\"AnnotatedMarkup_paragraph__IUT9l\"><strong>Ein Land in Trauer! <\/strong><br \/>Norwegens K\u00f6nig Harald V. ist im Alter von 89 Jahren gestorben. Das teilte das norwegische K\u00f6nigshaus am Freitagmorgen mit. Damit ist sein Sohn Haakon (53) der neue K\u00f6nig von Norwegen. Alle Entwicklungen im Live-Ticker.<\/p>\n<ul class=\"tik4-tag-filter__list\">\n<li class=\"tik4-tag-filter__list__item\">\n<p>Haakon<\/p>\n<\/li>\n<li class=\"tik4-tag-filter__list__item\">\n<p>Krankenhaus<\/p>\n<\/li>\n<li class=\"tik4-tag-filter__list__item\">\n<p>Mette-Marit<\/p>\n<\/li>\n<\/ul>\n<p>K\u00f6nig Haakon: \u201eDanke, dass du f\u00fcr M\u00e4rtha und mich ein so guter Vater warst\u201c<\/p>\n<p>In seiner ersten Ansprache als K\u00f6nig hat Haakon seinem verstorbenen Vater, K\u00f6nig Harald, mit sehr pers\u00f6nlichen Worten gedankt: \u201eDanke, dass du f\u00fcr M\u00e4rtha und mich ein so guter Vater warst\u201c, sagte K\u00f6nig Haakon.<\/p>\n<p>Als er \u00fcber das Leben seines Vaters sprach, wurde der neue K\u00f6nig sichtlich emotional: \u201eDu hast uns alle unterst\u00fctzt und dich um uns gek\u00fcmmert. Es macht mich stolz, wenn ich daran denke, was du alles durchgestanden hast \u2013 und wof\u00fcr du eingestanden bist\u201c, sagte Haakon.<\/p>\n<p>An diesem Tag h\u00e4tten K\u00f6nig Harald und K\u00f6nigin Sonja ihren 58. Hochzeitstag gefeiert. \u201eAlles Gute zum Hochzeitstag, liebe Mama\u201c, sagte Haakon sichtlich bewegt.\u00a0<\/p>\n<p>K\u00f6nig Haakon dankt den Menschen f\u00fcr ihre Anteilnahme<\/p>\n<p>In seiner ersten Ansprache als K\u00f6nig hat Haakon den Menschen f\u00fcr ihre gro\u00dfe Anteilnahme und Unterst\u00fctzung gedankt.<\/p>\n<p>\u201eEs spendet uns Trost und gibt uns Kraft, dass so viele Menschen gemeinsam mit uns trauern. Es war sehr bewegend und ber\u00fchrend zu sehen, wie sich der Schlossplatz mit Menschen, Blumen und Kerzen gef\u00fcllt hat. Vielen Dank\u201c, sagte K\u00f6nig Haakon.\u00a0<\/p>\n<p>Vor\u00fcbergehende Luftraumbeschr\u00e4nkungen \u00fcber Oslo wegen Trauergottesdienst f\u00fcr K\u00f6nig Harald<\/p>\n<p>Anl\u00e4sslich des Trauergottesdienstes f\u00fcr den verstorbenen K\u00f6nig Harald wird der Luftraum \u00fcber Oslo vor\u00fcbergehend eingeschr\u00e4nkt.<\/p>\n<p>Das teilte die Polizei von Oslo mit. Die Beschr\u00e4nkungen gelten am 30. August von 9 bis 15 Uhr.\u00a0<\/p>\n<p>Schwedens Kronprinzessin Victoria: \u201eEin sehr geliebter Patenonkel\u201c<\/p>\n<p>\u201eK\u00f6nig Harald war ein sehr geliebter Patenonkel \u2013 immer herzlich und offen. Er lachte gerne und hatte stets ein verschmitztes Funkeln in den Augen\u201c, sagt die schwedische Kronprinzessin Victoria in einer Stellungnahme.<\/p>\n<p>Sie beschreibt Harald als einen au\u00dfergew\u00f6hnlich liebenswerten Menschen und als Vorbild.<\/p>\n<p>\u201eManche Menschen hinterlassen Spuren, die die Zeit niemals verwischt. K\u00f6nig Harald war ein solcher Mensch. Mit seiner Herzlichkeit und seiner Zugewandtheit besa\u00df er die seltene Gabe, die Menschen wirklich zu sehen.\u201c<\/p>\n<p>Weiter schreibt Victoria: \u201eIn diesen Tagen sind Prinz Daniel und ich in Gedanken bei Norwegen und seinem Volk.\u201c\u00a0<\/p>\n<p class=\"AnnotatedMarkup_paragraph__IUT9l\">\u201eMit tiefer Trauer geben wir bekannt, dass Seine Majest\u00e4t K\u00f6nig Harald heute verstorben ist. K\u00f6nig Harald ist am Freitag, dem 28. August, um 06.35 Uhr im Rikshospitalet friedlich eingeschlafen\u201d, meldet der norwegische K\u00f6nigspalast offiziell um 8.35 Uhr \u2013 exakt zwei Stunden nach dem Tod des bisherigen K\u00f6nigs.<\/p>\n<p class=\"AnnotatedMarkup_paragraph__IUT9l\"><strong>Lese-Tipp: <\/strong><a href=\"https:\/\/www.rtl.de\/unterhaltung\/royals\/sofort-koenig-haakon-und-norwegens-monarchie-nach-dem-tod-von-harald-v-am-scheideweg-id31235761.html\" target=\"_self\" rel=\"nofollow noopener\">Was passiert mit Norwegens K\u00f6nigshaus, wenn K\u00f6nig Harald V. stirbt?<\/a><\/p>\n<p>Alle au\u00dfer K\u00f6nig Harald! Die krassen Skandale der norwegischen RoyalsKronprinz Haakon und K\u00f6nigin Sonja sagten Termine ab<\/p>\n<p class=\"AnnotatedMarkup_paragraph__IUT9l\">Seit Mittwoch (27. August) war der Ernst der Lage abzusehen, nachdem der Palast am Vormittag best\u00e4tigte, dass es \u201e\u00e4u\u00dferst ernst\u201d um den K\u00f6nig st\u00fcnde. Alle Familienmitglieder waren an sein Krankenbett geeilt.<\/p>\n<p class=\"AnnotatedMarkup_paragraph__IUT9l\">Die Situation hatte zudem unmittelbare Auswirkungen auf die k\u00f6nigliche Familie. Kronprinz Haakon, der als als Regent fungierte und jetzt K\u00f6nig Haakon ist, sowie K\u00f6nigin Sonja sagten s\u00e4mtliche geplanten Termine ab.<\/p>\n<p class=\"AnnotatedMarkup_paragraph__IUT9l\">Verwendete Quellen: <a rel=\"noopener noreferrer nofollow\" href=\"https:\/\/www.kongehuset.no\/presse\/pressemeldinger\/hans-majestet-kongens-helse-er-forverret\" target=\"_blank\">Norwegisches K\u00f6nigshaus<\/a><\/p>\n","protected":false},"excerpt":{"rendered":"Alle Entwicklungen im Live-TickerErste K\u00f6nigs-Ansprache von Haakon \u2013 \u201eDanke, dass du so ein guter Vater warst\u201d Haakon spricht&hellip;\n","protected":false},"author":2,"featured_media":1268913,"comment_status":"","ping_status":"","sticky":false,"template":"","format":"standard","meta":{"footnotes":"","_share_on_mastodon":"0"},"categories":[5],"tags":[57296,34937,214,13,261352,261349,261351,565,261350,14,15,913,84059,5276,34935,34933,34934,34936,8206,12,10,8,9,11,215],"class_list":["post-1268912","post","type-post","status-publish","format-standard","has-post-thumbnail","category-nachrichten","tag-arzt-und-krankenhaus","tag-ems_unterhaltung_royals","tag-entertainment","tag-headlines","tag-koenig-harald-v","tag-koenigin-sonja","tag-koenigshaus-norwegen","tag-koenigshaeuser","tag-kronprinz-haakon-von-norwegen","tag-nachrichten","tag-news","tag-norwegen","tag-norwegisches-koenigshaus","tag-promi-news","tag-royal-baby","tag-royal-news","tag-royal-wedding","tag-royale-hochzeit","tag-royals","tag-schlagzeilen","tag-top-news","tag-top-meldungen","tag-topmeldungen","tag-topnews","tag-unterhaltung"],"share_on_mastodon":{"url":"https:\/\/pubeurope.com\/@de\/117182267052386937","error":""},"_links":{"self":[{"href":"https:\/\/www.europesays.com\/de\/wp-json\/wp\/v2\/posts\/1268912","targetHints":{"allow":["GET"]}}],"collection":[{"href":"https:\/\/www.europesays.com\/de\/wp-json\/wp\/v2\/posts"}],"about":[{"href":"https:\/\/www.europesays.com\/de\/wp-json\/wp\/v2\/types\/post"}],"author":[{"embeddable":true,"href":"https:\/\/www.europesays.com\/de\/wp-json\/wp\/v2\/users\/2"}],"replies":[{"embeddable":true,"href":"https:\/\/www.europesays.com\/de\/wp-json\/wp\/v2\/comments?post=1268912"}],"version-history":[{"count":0,"href":"https:\/\/www.europesays.com\/de\/wp-json\/wp\/v2\/posts\/1268912\/revisions"}],"wp:featuredmedia":[{"embeddable":true,"href":"https:\/\/www.europesays.com\/de\/wp-json\/wp\/v2\/media\/1268913"}],"wp:attachment":[{"href":"https:\/\/www.europesays.com\/de\/wp-json\/wp\/v2\/media?parent=1268912"}],"wp:term":[{"taxonomy":"category","embeddable":true,"href":"https:\/\/www.europesays.com\/de\/wp-json\/wp\/v2\/categories?post=1268912"},{"taxonomy":"post_tag","embeddable":true,"href":"https:\/\/www.europesays.com\/de\/wp-json\/wp\/v2\/tags?post=1268912"}],"curies":[{"name":"wp","href":"https:\/\/api.w.org\/{rel}","templated":true}]}}