{"id":1268918,"date":"2026-08-30T03:13:22","date_gmt":"2026-08-30T03:13:22","guid":{"rendered":"https:\/\/www.europesays.com\/de\/1268918\/"},"modified":"2026-08-30T03:13:22","modified_gmt":"2026-08-30T03:13:22","slug":"ahoi-ostufer-in-kiel-lockt-heute-fest-am-seefischmarkt-ist-gratis","status":"publish","type":"post","link":"https:\/\/www.europesays.com\/de\/1268918\/","title":{"rendered":"Ahoi Ostufer in Kiel lockt heute: Fest am Seefischmarkt ist gratis"},"content":{"rendered":"<p>Fest am Seefischmarkt <\/p>\n<p>Kiel \u00f6ffnet Schiffe und Forschung beim &#8222;Ahoi Ostufer&#8220;<\/p>\n<p>Aktualisiert am 30.08.2026 &#8211; 05:03 UhrLesedauer: 1 Min.<\/p>\n<p><a href=\"#focus-0\" class=\"transition-colors block text-current relative\" data-sctrack=\"FocusGalleryImage.Reference\"><img fetchpriority=\"high\" data-testid=\"Opener.Image\"   loading=\"eager\" src=\"https:\/\/www.europesays.com\/de\/wp-content\/uploads\/2026\/08\/kiel-08-september-20121-fuerst-albert-ll-zu-gast-in-kiel-waehrend-der-kieler-woche-besichtigte-fuers.jpeg\" alt=\"imago images 133720754\" title=\"imago images 133720754\" width=\"7272\" height=\"4091\" class=\"bg-[url:var(--lqipURL)] bg-cover bg-center flex h-full w-full max-w-full\" style=\"--lqipURL:url('https:\/\/images.t-online.de\/2026\/08\/rTjZcspMSpI5\/0x381:7272x4091\/fit-in\/150x0\/filters:blur(25)\/kiel-08-september-20121-fuerst-albert-ll-zu-gast-in-kiel-waehrend-der-kieler-woche-besichtigte-fuerst-albert-ll-gemeinsam-mit-forschungsministerin-karin-prien-ob-ulf-kaempfer-direktorin-prof-dr-katja-matthes-und-weiteren-personen-aus-politik-kultur-und-wissenschaft-das-geomar-helmholtz-zentrum-fuer-ozeanforschung-mit-einem-e-boot-x-shore-ueberquerte-er-die-foerde-zum-forschungszentrum-zudem-taufte-albert-ii-das-unterwasserfahrzeug-auv-albert-i-das-nach-seinem-ur-ur-grossvater-benannt-ist-kiel.jpg')\" decoding=\"async\"\/><img loading=\"lazy\" src=\"https:\/\/www.t-online.de\/s\/paper\/_next\/static\/media\/zoom-in.f7dae02f.svg\" alt=\"Vergr\u00f6\u00dfern des Bildes\" title=\"Vergr\u00f6\u00dfern des Bildes\" class=\"block h-[calc(var(--height)_\/_16_*_1rem)] w-[calc(var(--width)_\/_16_*_1rem)] max-w-none absolute right-8 bottom-8 rounded-4 bg-snow p-8\" style=\"--width:32;--height:32\" decoding=\"async\"\/><\/a><\/p>\n<p>Seefischmarkt: Beim &#8222;Ahoi Ostufer&#8220; k\u00f6nnen Besucher Schiffe besichtigen und Einblicke in die Meeresforschung erhalten. (Quelle: Petra Nowack via www.imago-images.de\/imago)<\/p>\n<p><img loading=\"lazy\" src=\"https:\/\/www.t-online.de\/s\/paper\/_next\/static\/media\/audio-volume.6689034c.svg\" alt=\"\" title=\"\" class=\"block h-[calc(var(--height)_\/_16_*_1rem)] w-[calc(var(--width)_\/_16_*_1rem)] max-w-none group-hover:brightness-0 group-hover:invert\" style=\"--width:16;--height:16\" decoding=\"async\"\/>Vorlesen<\/p>\n<p>Aktuelle Zeit:0:00Gesamtdauer:0:00<\/p>\n<p>1x<img loading=\"lazy\" src=\"https:\/\/www.t-online.de\/s\/paper\/_next\/static\/media\/font-sizes.32942e33.svg\" alt=\"\" title=\"\" class=\"block h-[calc(var(--height)_\/_16_*_1rem)] w-[calc(var(--width)_\/_16_*_1rem)] max-w-none group-hover:hidden group-aria-expanded:hidden\" style=\"--width:16;--height:16\" decoding=\"async\"\/><img loading=\"lazy\" src=\"https:\/\/www.t-online.de\/s\/paper\/_next\/static\/media\/font-sizes-dark-mode.e382645c.svg\" alt=\"\" title=\"\" class=\"block h-[calc(var(--height)_\/_16_*_1rem)] w-[calc(var(--width)_\/_16_*_1rem)] max-w-none hidden group-hover:block group-aria-expanded:block\" style=\"--width:16;--height:16\" decoding=\"async\"\/><img loading=\"lazy\" src=\"https:\/\/www.t-online.de\/s\/paper\/_next\/static\/media\/sharing-menu-icon.1eb71368.svg\" alt=\"\" title=\"\" class=\"block h-[calc(var(--height)_\/_16_*_1rem)] w-[calc(var(--width)_\/_16_*_1rem)] max-w-none group-hover:brightness-0 group-hover:invert\" style=\"--width:16;--height:16\" decoding=\"async\"\/>Artikel teilen<\/p>\n<p class=\"font-bold text-18 leading-17 user-text-lg:text-22 user-text-xl:text-24\">Beim &#8222;Ahoi Ostufer&#8220; am Kieler Seefischmarkt gibt es am Sonntag offene Schiffe, Einblicke in die Meeresforschung und ein Familienprogramm.<\/p>\n<p class=\"text-18 leading-17 user-text-lg:text-22 user-text-xl:text-24\">Der Kieler Seefischmarkt wird am Sonntag zur maritimen Festmeile. Beim &#8222;Ahoi Ostufer&#8220; treffen Forschung, Fischwirtschaft sowie Familienprogramm aufeinander. Der Eintritt ist frei, auch fast alle Spiele und Mitmachangebote kosten nichts.<\/p>\n<p class=\"text-18 leading-17 user-text-lg:text-22 user-text-xl:text-24\">Das Fest l\u00e4uft am 30. August von 11 bis 17 Uhr auf dem Seefischmarkt in Wellingdorf. Das Geomar Zentrum f\u00fcr Ozeanforschung \u00f6ffnet seine T\u00fcren und gibt Einblicke in die Meeresforschung. Besucher k\u00f6nnen au\u00dferdem Schiffe besichtigen. In der Fischhalle ist eine Fischauktion geplant.<\/p>\n<p>Flohmarkt und Aktionen f\u00fcr Familien<\/p>\n<p class=\"text-18 leading-17 user-text-lg:text-22 user-text-xl:text-24\">Auf dem Gel\u00e4nde pr\u00e4sentieren sich lokale Firmen, Vereine und Start-ups. Dazu kommen Livemusik, regionale Speisen, ein Flohmarkt und zahlreiche Mitmachangebote. Das Fest wird seit 2007 von mehreren Einrichtungen am Ostufer organisiert und tr\u00e4gt seit 2022 den Namen &#8222;Ahoi Ostufer&#8220;.<\/p>\n<p class=\"text-18 leading-17 user-text-lg:text-22 user-text-xl:text-24\">Das Gel\u00e4nde ist nur eingeschr\u00e4nkt barrierefrei. Menschen mit eingeschr\u00e4nkter Mobilit\u00e4t empfiehlt der Veranstalter die Zug\u00e4nge \u00fcber die Wischhofstra\u00dfe oder den Langenkamp. Vom Zugang \u00fcber die Stra\u00dfe Am Seefischmarkt hinter dem dortigen Drogeriemarkt wird wegen des Kopfsteinpflasters abgeraten.<\/p>\n<p>Festgel\u00e4nde in Kiel f\u00fcr Autos gesperrt<\/p>\n<p class=\"text-18 leading-17 user-text-lg:text-22 user-text-xl:text-24\">F\u00fcr Autos bleibt das Festgel\u00e4nde am Sonntag gesperrt. Parkpl\u00e4tze stehen nur in den umliegenden Wohngebieten zur Verf\u00fcgung. Die Veranstalter empfehlen daher die Anreise mit Bus oder F\u00e4hre.<\/p>\n<p class=\"text-18 leading-17 user-text-lg:text-22 user-text-xl:text-24\">Die F\u00e4hrlinie F2 f\u00e4hrt regul\u00e4r zwischen der Reventloubr\u00fccke und Wellingdorf. Zus\u00e4tzlich ist um 17.16 Uhr eine Fahrt von Wellingdorf zur Reventloubr\u00fccke vorgesehen. Auch die Buslinie 11 soll nach einem verst\u00e4rkten Sonderfahrplan verkehren.<\/p>\n","protected":false},"excerpt":{"rendered":"Fest am Seefischmarkt Kiel \u00f6ffnet Schiffe und Forschung beim &#8222;Ahoi Ostufer&#8220; Aktualisiert am 30.08.2026 &#8211; 05:03 UhrLesedauer: 1&hellip;\n","protected":false},"author":2,"featured_media":1268919,"comment_status":"","ping_status":"","sticky":false,"template":"","format":"standard","meta":{"footnotes":"","_share_on_mastodon":"0"},"categories":[1852],"tags":[722,3364,29,548,663,3934,5221,30,13,4949,58768,14,15,6402,12,1971,262087,132156],"class_list":["post-1268918","post","type-post","status-publish","format-standard","has-post-thumbnail","category-kiel","tag-722","tag-de","tag-deutschland","tag-eu","tag-europa","tag-europe","tag-familienprogramm","tag-germany","tag-headlines","tag-kiel","tag-meeresforschung","tag-nachrichten","tag-news","tag-schiff","tag-schlagzeilen","tag-schleswig-holstein","tag-seefischmarkt","tag-wellingdorf"],"share_on_mastodon":{"url":"https:\/\/pubeurope.com\/@de\/117182283638891059","error":""},"_links":{"self":[{"href":"https:\/\/www.europesays.com\/de\/wp-json\/wp\/v2\/posts\/1268918","targetHints":{"allow":["GET"]}}],"collection":[{"href":"https:\/\/www.europesays.com\/de\/wp-json\/wp\/v2\/posts"}],"about":[{"href":"https:\/\/www.europesays.com\/de\/wp-json\/wp\/v2\/types\/post"}],"author":[{"embeddable":true,"href":"https:\/\/www.europesays.com\/de\/wp-json\/wp\/v2\/users\/2"}],"replies":[{"embeddable":true,"href":"https:\/\/www.europesays.com\/de\/wp-json\/wp\/v2\/comments?post=1268918"}],"version-history":[{"count":0,"href":"https:\/\/www.europesays.com\/de\/wp-json\/wp\/v2\/posts\/1268918\/revisions"}],"wp:featuredmedia":[{"embeddable":true,"href":"https:\/\/www.europesays.com\/de\/wp-json\/wp\/v2\/media\/1268919"}],"wp:attachment":[{"href":"https:\/\/www.europesays.com\/de\/wp-json\/wp\/v2\/media?parent=1268918"}],"wp:term":[{"taxonomy":"category","embeddable":true,"href":"https:\/\/www.europesays.com\/de\/wp-json\/wp\/v2\/categories?post=1268918"},{"taxonomy":"post_tag","embeddable":true,"href":"https:\/\/www.europesays.com\/de\/wp-json\/wp\/v2\/tags?post=1268918"}],"curies":[{"name":"wp","href":"https:\/\/api.w.org\/{rel}","templated":true}]}}