{"id":1268937,"date":"2026-08-30T03:28:53","date_gmt":"2026-08-30T03:28:53","guid":{"rendered":"https:\/\/www.europesays.com\/de\/1268937\/"},"modified":"2026-08-30T03:28:53","modified_gmt":"2026-08-30T03:28:53","slug":"liefers-otto-und-co-beim-promi-golfen-stars-sammeln-fuer-kranke-kinder-unterhaltung","status":"publish","type":"post","link":"https:\/\/www.europesays.com\/de\/1268937\/","title":{"rendered":"Liefers, Otto und Co. beim Promi-Golfen: Stars sammeln f\u00fcr kranke Kinder | Unterhaltung"},"content":{"rendered":"<p><a class=\"skip-content skip-content--link\" href=\"#in-content-skip-link-target-v-0-0\">TTS-Player \u00fcberspringen\u21b5<\/a><a id=\"in-content-skip-link-target-v-0-0\" class=\"skip-content--target-link-hidden skip-content skip-content--target-link\" href=\"#in-content-skip-link-target-v-0-0\">Artikel weiterlesen<\/a><\/p>\n<p>M\u00fcnster (Nordrhein-Westfalen) \u2013 <b>Die Ergebnisse am Gr\u00fcn sind hier Nebensache. Das Ergebnis auf dem Scheck am Ende? Darum geht\u2019s. Und es wurde erneut eine sechsstellige Summe f\u00fcr die gute Sache. Die Gastgeber Jan Josef Liefers (62) und Werner Schulze-Erdel (78) haben das au\u00dfergew\u00f6hnliche Charity-Turnier mit den Golfern der Eagles bereits 2013 ins Leben gerufen. Seitdem hat sich der Krimi-Cup fest etabliert und ist aus dem Promi-Golfsport-Kalender nicht mehr wegzudenken.<\/b><\/p>\n<p>Otto und Co. geben Gas auf dem Gr\u00fcn<img decoding=\"async\" width=\"992\" height=\"558\" alt=\"Immer unter Dampf: Otto Waalkes d\u00fcste mit einem Golfwagen \u00fcber das Gel\u00e4nde\" loading=\"lazy\" src=\"https:\/\/www.europesays.com\/de\/wp-content\/uploads\/2026\/08\/aeef110937fcfdd8b063ffc3b095ad3b,be0af92d.jpeg\"   class=\"landscape\"\/><\/p>\n<p class=\"fig__caption__text\">Immer unter Dampf: Otto Waalkes d\u00fcste mit einem Golfwagen \u00fcber das Gel\u00e4nde<\/p>\n<p>Foto: ABR-Pictures\/Frank Rollitz<\/p>\n<p>Bei allem Spa\u00df stand beim aktuellen <a href=\"https:\/\/www.bild.de\/unterhaltung\/leute\/leute\/jan-josef-liefers-golft-beim-krimi-cup-in-muenster-fuer-den-guten-zweck-77555898.bild.html\" class=\"text-link\" rel=\"nofollow noopener\" target=\"_blank\">Krimi-Cup<\/a> aber vor allem eines im Mittelpunkt: Helfen! Die Einnahmen kommen der <a href=\"https:\/\/www.bild.de\/news\/einherzfuerkinder\/jan-josef-liefers\/horror-diagnose-kinderdemenz-54081604.bild.html\" class=\"text-link\" rel=\"nofollow noopener\" target=\"_blank\">NCL-Stiftung<\/a> zugute, die sich im Kampf gegen die seltene Kinderdemenz Neuronale Ceroid-Lipofuszinose (NCL) einsetzt.<\/p>\n<p><img decoding=\"async\" width=\"992\" height=\"627\" alt=\"Seit Jahren geh\u00f6rt das Turnier am Ende des Hochsommers in den gemeinsamen Familienkalender: Jan Josef Liefers und Anna Loos\" loading=\"lazy\" src=\"https:\/\/www.europesays.com\/de\/wp-content\/uploads\/2026\/08\/c0c93d3d20aecd1a53b4ad0fa00c8221,c96a670b.jpeg\"   class=\"dynamic\"\/><\/p>\n<p class=\"fig__caption__text\">Seit Jahren geh\u00f6rt das Turnier am Ende des Hochsommers in den gemeinsamen Familienkalender: Jan Josef Liefers und Anna Loos<\/p>\n<p>Foto: ABR-Pictures\/Frank Rollitz<\/p>\n<p>Und die Bilanz bei <a href=\"https:\/\/www.bild.de\/themen\/personen\/jan-josef-liefers\/filme-fotos-news-videos-15802292.bild.html\" class=\"text-link\" rel=\"nofollow noopener\" target=\"_blank\">Liefers, Loos<\/a> und Co. ist beeindruckend: In den vergangenen Jahren kamen bereits mehr als 1,1 Millionen Euro f\u00fcr die NCL-Stiftung zusammen. Auch bei der erneuten Auflage auf dem Gel\u00e4nde der Golfer in <a href=\"https:\/\/golfclub-wilkinghege.de\/\" target=\"_blank\" rel=\"nofollow noopener\" class=\"text-link\">M\u00fcnster-Wilkinghege<\/a> durfte sich die Stiftung \u00fcber eine Spendensumme von mehr als 100.000 Euro freuen.<\/p>\n<p>Mehr zum ThemaOttos Kunst ist ein Verkaufsrenner<\/p>\n<p>Spontan gemalte Kunst von Lach-Genie <a href=\"https:\/\/www.bild.de\/themen\/personen\/otto-waalkes\/nachrichten-news-fotos-videos-15816876.bild.html\" class=\"text-link\" rel=\"nofollow noopener\" target=\"_blank\">Otto Waalkes<\/a> (78) ging f\u00fcr einen f\u00fcnfstelligen Betrag bei der Versteigerung an einen neuen Besitzer.<\/p>\n<p><img decoding=\"async\" width=\"992\" height=\"590\" alt=\"Wolfgang Bosbach (74) und Tochter Caroline (36) feierten mit den Golfern der Eagles und zahlreichen prominenten G\u00e4sten den Krimi-Cup\" loading=\"lazy\" src=\"https:\/\/www.europesays.com\/de\/wp-content\/uploads\/2026\/08\/eb6009950061374f1b24fd4297ea0fd1,401de850.jpeg\"   class=\"dynamic\"\/><\/p>\n<p class=\"fig__caption__text\">Wolfgang Bosbach (74) und Tochter Caroline (36) feierten mit den Golfern der Eagles und zahlreichen prominenten G\u00e4sten den Krimi-Cup<\/p>\n<p>Foto: ABR-Pictures\/Frank Rollitz<\/p>\n<p>CDU-Legende <a href=\"https:\/\/www.bild.de\/unterhaltung\/stars-und-leute\/wolfgang-bosbach-ueber-prostatakrebs-waere-ich-doch-zur-vorsorge-gegangen-6a3cfedbb7ab279f3082d4a5\" class=\"text-link\" rel=\"nofollow noopener\" target=\"_blank\">Wolfgang Bosbach<\/a> (74) kam mit seiner Tochter <a href=\"https:\/\/www.bild.de\/video\/clip\/video\/caroline-bosbach-wir-brauchen-mehr-fachkraefte-81686436.bild.html\" class=\"text-link\" rel=\"nofollow noopener\" target=\"_blank\">Caroline<\/a> (36). Schlager-Star Ireen Sheer (77) sorgte mit ihren Songs auf der B\u00fchne f\u00fcr Stimmung im Publikum. Fleisch-K\u00f6nig <a href=\"https:\/\/www.bild.de\/politik\/inland\/clemens-toennies-mit-22-jahren-hatte-ich-die-erste-million-6a1540ef67305f34561da1b8\" class=\"text-link\" rel=\"nofollow noopener\" target=\"_blank\">Clemens T\u00f6nnies<\/a> (70) genoss die Zeit vor dem Bundesliga-Start seiner Schalker f\u00fcr einen Ausflug zu den kleineren (und h\u00e4rteren) B\u00e4llen an den 18 L\u00f6chern.<\/p>\n<p><img decoding=\"async\" width=\"992\" height=\"558\" alt=\"SSchauspieler Kai Wiesinger (60) mit Clemens T\u00f6nnies (70) mit Ehefrau Margit (61) beim Dinner in M\u00fcnster\" loading=\"lazy\" src=\"https:\/\/www.europesays.com\/de\/wp-content\/uploads\/2026\/08\/bf31b6540641a98cec9915a20625239e,7576b78f.jpeg\"   class=\"landscape\"\/><\/p>\n<p class=\"fig__caption__text\">SSchauspieler Kai Wiesinger (60) mit Clemens T\u00f6nnies (70) mit Ehefrau Margit (61) beim Dinner in M\u00fcnster<\/p>\n<p>Foto: ABR-Pictures\/Frank Rollitz<\/p>\n<p><a href=\"https:\/\/www.bild.de\/unterhaltung\/leute\/was-machen-die-stars-von-einst-heute-11533318.bild.html\" class=\"text-link\" rel=\"nofollow noopener\" target=\"_blank\">Werner Schulze-Erdel<\/a> zeigte sich erneut begeistert. Das Turnier ist mit den Jahren eines seiner Herzensprojekte geworden. Auch, wenn er sich nun nach 14 Ausgaben etwas aus dem Rampenlicht als einer der Hauptgastgeber zur\u00fcckziehen m\u00f6chte. Die G\u00e4ste lie\u00dfen ihn an diesem Abend mehrfach hochleben.<\/p>\n<p><img decoding=\"async\" width=\"992\" height=\"628\" alt=\"Das singt sie nur f\u00fcr ihn: Ireen Sheer (77) widmet dem langj\u00e4hrigen Gastgeber des Krimi-Cups, Werner Schulze-Erdel, ein St\u00e4ndchen\" loading=\"lazy\" src=\"https:\/\/www.europesays.com\/de\/wp-content\/uploads\/2026\/08\/337b11aa6e49defca4b9b14555a76abf,a2ba52cb.jpeg\"   class=\"dynamic\"\/><\/p>\n<p class=\"fig__caption__text\">Das singt sie nur f\u00fcr ihn: Ireen Sheer (77) widmet dem langj\u00e4hrigen Gastgeber des Krimi-Cups, Werner Schulze-Erdel, ein St\u00e4ndchen <\/p>\n<p>Foto: ABR-Pictures\/Frank Rollitz<\/p>\n<p>Und <a href=\"https:\/\/www.bild.de\/unterhaltung\/tv\/tatort\/tatort-alle-infos-78083756.bild.html\" class=\"text-link\" rel=\"nofollow noopener\" target=\"_blank\">\u201eTatort\u201c<\/a>-Titan Liefers, der kurz zuvor noch eine frische Folge seiner neuen <a href=\"https:\/\/www.podcast.de\/podcast\/3751808\/liefers-broicher\" target=\"_blank\" rel=\"nofollow noopener\" class=\"text-link\">Podcast-Reihe \u201eLiefers + Broicher\u201c<\/a> gemeinsam mit Autor Alexander Broicher eingesprochen hatte, verspricht bereits: \u201eWir freuen uns schon auf die 15. Ausgabe im kommenden Jahr.\u201c<\/p>\n","protected":false},"excerpt":{"rendered":"TTS-Player \u00fcberspringen\u21b5Artikel weiterlesen M\u00fcnster (Nordrhein-Westfalen) \u2013 Die Ergebnisse am Gr\u00fcn sind hier Nebensache. Das Ergebnis auf dem Scheck&hellip;\n","protected":false},"author":2,"featured_media":1268938,"comment_status":"","ping_status":"","sticky":false,"template":"","format":"standard","meta":{"footnotes":"","_share_on_mastodon":"0"},"categories":[1843],"tags":[262089,5784,3364,29,262090,30,12639,8971,8966,144335,8970,1209,262091,218,8968,138370,94346,72557],"class_list":["post-1268937","post","type-post","status-publish","format-standard","has-post-thumbnail","category-muenster","tag-bosbach-wolfgang","tag-charity-event","tag-de","tag-deutschland","tag-event-prominent","tag-germany","tag-golf","tag-kuschel-sven","tag-liefers-jan-josef","tag-loos-anna","tag-muenster","tag-nordrhein-westfalen","tag-schulze-erdel-werner","tag-tatort","tag-tatort-chefermittler","tag-team-first","tag-toennies-clemens","tag-waalkes-otto"],"share_on_mastodon":{"url":"https:\/\/pubeurope.com\/@de\/117182345670713418","error":""},"_links":{"self":[{"href":"https:\/\/www.europesays.com\/de\/wp-json\/wp\/v2\/posts\/1268937","targetHints":{"allow":["GET"]}}],"collection":[{"href":"https:\/\/www.europesays.com\/de\/wp-json\/wp\/v2\/posts"}],"about":[{"href":"https:\/\/www.europesays.com\/de\/wp-json\/wp\/v2\/types\/post"}],"author":[{"embeddable":true,"href":"https:\/\/www.europesays.com\/de\/wp-json\/wp\/v2\/users\/2"}],"replies":[{"embeddable":true,"href":"https:\/\/www.europesays.com\/de\/wp-json\/wp\/v2\/comments?post=1268937"}],"version-history":[{"count":0,"href":"https:\/\/www.europesays.com\/de\/wp-json\/wp\/v2\/posts\/1268937\/revisions"}],"wp:featuredmedia":[{"embeddable":true,"href":"https:\/\/www.europesays.com\/de\/wp-json\/wp\/v2\/media\/1268938"}],"wp:attachment":[{"href":"https:\/\/www.europesays.com\/de\/wp-json\/wp\/v2\/media?parent=1268937"}],"wp:term":[{"taxonomy":"category","embeddable":true,"href":"https:\/\/www.europesays.com\/de\/wp-json\/wp\/v2\/categories?post=1268937"},{"taxonomy":"post_tag","embeddable":true,"href":"https:\/\/www.europesays.com\/de\/wp-json\/wp\/v2\/tags?post=1268937"}],"curies":[{"name":"wp","href":"https:\/\/api.w.org\/{rel}","templated":true}]}}